{"id":83086,"date":"2023-01-16T22:07:00","date_gmt":"2023-01-17T04:07:00","guid":{"rendered":"https:\/\/educacionenlinea.uic.mx\/blog\/?p=83086"},"modified":"2023-01-16T22:07:00","modified_gmt":"2023-01-17T04:07:00","slug":"como-retomar-los-estudios-universitarios","status":"publish","type":"post","link":"https:\/\/www.uic.mx\/educacionenlinea\/como-retomar-los-estudios-universitarios\/","title":{"rendered":"\u00bfC\u00f3mo retomar los estudios universitarios?"},"content":{"rendered":"\n<p>De acuerdo con datos del <strong>Instituto Mexicano para la Competitividad, A.C. <\/strong>(IMCO), durante el a\u00f1o 2022 el nivel m\u00e1ximo de estudios que alcanzaron los m\u00e1s de 21 millones de j\u00f3venes que tiene el pa\u00eds, es de <strong>preparatoria<\/strong>.<\/p>\n\n\n\n<p>Comparado con generaciones de edades entre los <strong>40 y 49 a\u00f1os<\/strong>, donde el grado de estudios m\u00e1ximo era nivel b\u00e1sico (primaria o secundaria), las <strong><a href=\"https:\/\/educacionenlinea.uic.mx\/\" target=\"_blank\" rel=\"noreferrer noopener\">nuevas generaciones<\/a><\/strong> han aumentado considerablemente su <a href=\"https:\/\/bit.ly\/3Gj4o7D\" target=\"_blank\" rel=\"noreferrer noopener\"><mark style=\"background-color:rgba(0, 0, 0, 0);color:#1441f7\" class=\"has-inline-color\"><strong>acceso a la educaci\u00f3n<\/strong>.<\/mark><\/a><\/p>\n\n\n\n<p>Sin embargo, este acceso a la educaci\u00f3n a\u00fan no garantiza que todos terminen una carrera universitaria. Existen varias razones por las cuales esto ocurre, por ejemplo, algunos <strong>empiezan a trabajar<\/strong> y les va tan bien que dejan la universidad.<\/p>\n\n\n\n<p>Si te encuentras en esta situaci\u00f3n o conoces a alguien que busca <strong>retomar los estudios universitarios<\/strong>, aqu\u00ed te compartiremos informaci\u00f3n importante.<\/p>\n\n\n\n<h2 class=\"wp-block-heading\"><strong>\u00bfQu\u00e9 pasa si dejo de estudiar un a\u00f1o en la universidad?<\/strong><\/h2>\n\n\n\n<p>El INEGI inform\u00f3 que para el ciclo 2020-2021 al 2021-2022, <strong>25 mil 936 alumnos <\/strong>fueron los que <strong>abandonaron la educaci\u00f3n superior<\/strong> (universidad) por diferentes razones.<\/p>\n\n\n\n<p>No existe como tal una sanci\u00f3n establecida por la <strong>SEP<\/strong> al abandonar la universidad, pero s\u00ed pueden existir penalizaciones particulares de las instituciones educativas, que pueden aplicar de acuerdo con su reglamento interno.<\/p>\n\n\n\n<p>Por lo general, estas <strong>penalizaciones<\/strong> se dan cuando el estudiante no da aviso en tiempo y forma sobre su pausa temporal o indefinida de estudios.<\/p>\n\n\n\n<p>Siempre recomendamos revisar el reglamento escolar y realizar la baja temporal o definitiva con el \u00e1rea de servicios escolares para evitar problemas futuros.<\/p>\n\n\n\n<h2 class=\"wp-block-heading\"><strong>\u00bfQu\u00e9 tan bueno es tomar un a\u00f1o sab\u00e1tico?<\/strong><\/h2>\n\n\n\n<p>Un <strong>a\u00f1o sab\u00e1tico<\/strong> puede ser un privilegio o la \u00fanica alternativa para trabajar en otros proyectos y despu\u00e9s retomar los estudios universitarios.<\/p>\n\n\n\n<p>Los a\u00f1os sab\u00e1ticos son <strong>permisos acad\u00e9micos<\/strong> que se otorgan o pueden solicitarse, con el fin de ausentarse durante todo un a\u00f1o de las actividades escolares.<\/p>\n\n\n\n<p>Pensar en tomar un a\u00f1o sab\u00e1tico no es sin\u00f3nimo de perder tiempo escolar, es todo lo contrario. Las personas pueden disfrutar de diferentes experiencias que los convierten en <strong>mejores personas y profesionales<\/strong>.<\/p>\n\n\n\n<p>Durante ese a\u00f1o puedes emplear el tiempo para <strong>trabajar<\/strong>, realizar <strong>proyectos especiales<\/strong>, <strong>viajar<\/strong> y aprender otro <mark style=\"background-color:rgba(0, 0, 0, 0);color:#1441f7\" class=\"has-inline-color\"><a href=\"https:\/\/bit.ly\/3GnuqHY\" target=\"_blank\" rel=\"noreferrer noopener\">idioma<\/a> <\/mark>o hacer <strong>trabajo voluntario<\/strong>.<\/p>\n\n\n\n<figure class=\"wp-block-image size-large\"><img decoding=\"async\" src=\"https:\/\/educacionenlinea.uic.mx\/blog\/wp-content\/uploads\/2023\/01\/Imgen-blog-16-01-23-01-1024x485.jpg\" alt=\"retomar los estudios universitarios, revalidaci\u00f3n y equivalencia de estudios. \" class=\"wp-image-83093\"\/><figcaption class=\"wp-element-caption\">Un a\u00f1o sab\u00e1tico escolar tambi\u00e9n se puede ver as\u00ed. Trabajar en proyectos o metas personales es tan demandante como estudiar.<\/figcaption><\/figure>\n\n\n\n<h2 class=\"wp-block-heading\"><strong>\u00bfCu\u00e1nto tiempo puede pasar para retomar una carrera?<\/strong><\/h2>\n\n\n\n<p>La <strong>Secretar\u00eda de Educaci\u00f3n P\u00fablica<\/strong>, SEP, no establece un l\u00edmite de edad para poder retomar los estudios universitarios. Existen casos de personas con 60 a\u00f1os que retoman o empiezan una carrera.<\/p>\n\n\n\n<p>Por otro lado, si te tomaste un a\u00f1o sab\u00e1tico y el tiempo ya se cumpli\u00f3, es importante <strong>darle continuidad a tu formaci\u00f3n universitaria<\/strong>, si es lo que quieres.<\/p>\n\n\n\n<p>En caso de que necesites m\u00e1s tiempo para ausentarte o requieras cambiar la modalidad presencial de estudios, por una a distancia tambi\u00e9n es posible.<\/p>\n\n\n\n<p>Verifica con tu escuela si tienen el mismo <strong><a href=\"https:\/\/bit.ly\/3kb5U44\" target=\"_blank\" rel=\"noreferrer noopener\"><mark style=\"background-color:rgba(0, 0, 0, 0);color:#1441f7\" class=\"has-inline-color\">programa en l\u00ednea<\/mark><\/a><\/strong> o una universidad que cuente con esta flexibilidad.<\/p>\n\n\n\n<h2 class=\"wp-block-heading\"><strong>\u00bfC\u00f3mo retomar los estudios universitarios?<\/strong><\/h2>\n\n\n\n<p>Para retomar los <strong>estudios universitarios en M\u00e9xico<\/strong>, existen cinco palabras que ser\u00e1n tus mejores amigas: <strong>REVALIDACI\u00d3N Y EQUIVALENCIA DE ESTUDIOS.<\/strong><\/p>\n\n\n\n<p>El tr\u00e1mite de revalidaci\u00f3n y equivalencia de estudios es un tr\u00e1mite y servicio que ofrece la SEP para que las personas puedan retomar tus estudios en el pa\u00eds.<\/p>\n\n\n\n<p><strong>Esta revalidaci\u00f3n o equivalencia de estudios aplica en los siguientes casos:<\/strong><\/p>\n\n\n\n<ul class=\"wp-block-list\">\n<li>Estudiaste en el extranjero y quieres continuar tus estudios en el pa\u00eds.<\/li>\n\n\n\n<li>Dejaste de estudiar hace tiempo y quieres revalidar el avance que ten\u00edas.<\/li>\n\n\n\n<li>Cambiaste de universidad y no quieres empezar desde cero la carrera.<\/li>\n<\/ul>\n\n\n\n<p>Cada situaci\u00f3n es particular y si bien el tr\u00e1mite debe hacerse ante la SEP, tambi\u00e9n es fundamental consultar con la instituci\u00f3n educativa en donde queremos estudiar, qu\u00e9 s\u00ed y no se puede hacer.<\/p>\n\n\n\n<p class=\"has-white-color has-text-color has-background has-medium-font-size\" style=\"background-color:#015034\"><strong>Si tienes dudas sobre la revalidaci\u00f3n y equivalencia de estudios, <a href=\"https:\/\/bit.ly\/3jMCM36\" target=\"_blank\" rel=\"noreferrer noopener\">puedes contactar a un asesor educativo dando clic aqu\u00ed.<\/a><\/strong><\/p>\n\n\n\n<p><em><mark style=\"background-color:rgba(0, 0, 0, 0);color:#1441f7\" class=\"has-inline-color\"><a href=\"http:\/\/bit.ly\/3kb5U44\" target=\"_blank\" rel=\"noreferrer noopener\">Da clic aqu\u00ed para las licenciaturas en l\u00ednea.<\/a><\/mark><\/em><\/p>\n\n\n\n<p><em><mark style=\"background-color:rgba(0, 0, 0, 0);color:#1441f7\" class=\"has-inline-color\"><a href=\"http:\/\/bit.ly\/3GDnQMo\" target=\"_blank\" rel=\"noreferrer noopener\">Clic aqu\u00ed para licenciaturas a distancia.<\/a><\/mark><\/em><\/p>\n","protected":false},"excerpt":{"rendered":"<p>De acuerdo con datos del Instituto Mexicano para la Competitividad, A.C. (IMCO), durante el a\u00f1o 2022 el nivel m\u00e1ximo de estudios que alcanzaron los m\u00e1s de 21 millones de j\u00f3venes que tiene el pa\u00eds, es de preparatoria. Comparado con generaciones de edades entre los 40 y 49 a\u00f1os, donde el grado de estudios m\u00e1ximo era [&hellip;]<\/p>\n","protected":false},"author":1,"featured_media":83092,"comment_status":"open","ping_status":"open","sticky":false,"template":"","format":"standard","meta":{"_acf_changed":false,"footnotes":""},"categories":[10],"tags":[56,301,570,666,671,672],"class_list":["post-83086","post","type-post","status-publish","format-standard","has-post-thumbnail","hentry","category-licenciaturas","tag-ano-sabatico","tag-estudios-universitarios","tag-revalidacion-y-equivalencia-de-estudios","tag-uic","tag-universidad","tag-universidad-en-linea"],"acf":[],"yoast_head":"<!-- This site is optimized with the Yoast SEO plugin v27.4 - https:\/\/yoast.com\/product\/yoast-seo-wordpress\/ -->\n<title>\u00bfC\u00f3mo retomar los estudios universitarios? - Educaci\u00f3n en l\u00ednea UIC<\/title>\n<meta name=\"description\" content=\"\u00bfPaso tiempo desde que te saliste de la carrera y ahora quieres retomar los estudios universitarios? Las respuestas a tus inquietudes...\" \/>\n<meta name=\"robots\" content=\"index, follow, max-snippet:-1, max-image-preview:large, max-video-preview:-1\" \/>\n<link rel=\"canonical\" href=\"https:\/\/www.uic.mx\/educacionenlinea\/como-retomar-los-estudios-universitarios\/\" \/>\n<meta property=\"og:locale\" content=\"es_MX\" \/>\n<meta property=\"og:type\" content=\"article\" \/>\n<meta property=\"og:title\" content=\"\u00bfC\u00f3mo retomar los estudios universitarios? - Educaci\u00f3n en l\u00ednea UIC\" \/>\n<meta property=\"og:description\" content=\"\u00bfPaso tiempo desde que te saliste de la carrera y ahora quieres retomar los estudios universitarios? Las respuestas a tus inquietudes...\" \/>\n<meta property=\"og:url\" content=\"https:\/\/www.uic.mx\/educacionenlinea\/como-retomar-los-estudios-universitarios\/\" \/>\n<meta property=\"og:site_name\" content=\"Educaci\u00f3n en l\u00ednea UIC\" \/>\n<meta property=\"article:published_time\" content=\"2023-01-17T04:07:00+00:00\" \/>\n<meta property=\"og:image\" content=\"https:\/\/www.uic.mx\/educacionenlinea\/wp-content\/uploads\/Portada-blog-16-01-23-01-scaled-1.jpg\" \/>\n\t<meta property=\"og:image:width\" content=\"2560\" \/>\n\t<meta property=\"og:image:height\" content=\"960\" \/>\n\t<meta property=\"og:image:type\" content=\"image\/jpeg\" \/>\n<meta name=\"author\" content=\"alainreyes\" \/>\n<meta name=\"twitter:card\" content=\"summary_large_image\" \/>\n<meta name=\"twitter:label1\" content=\"Escrito por\" \/>\n\t<meta name=\"twitter:data1\" content=\"alainreyes\" \/>\n\t<meta name=\"twitter:label2\" content=\"Tiempo de lectura\" \/>\n\t<meta name=\"twitter:data2\" content=\"4 minutos\" \/>\n<script type=\"application\/ld+json\" class=\"yoast-schema-graph\">{\"@context\":\"https:\\\/\\\/schema.org\",\"@graph\":[{\"@type\":\"Article\",\"@id\":\"https:\\\/\\\/www.uic.mx\\\/educacionenlinea\\\/como-retomar-los-estudios-universitarios\\\/#article\",\"isPartOf\":{\"@id\":\"https:\\\/\\\/www.uic.mx\\\/educacionenlinea\\\/como-retomar-los-estudios-universitarios\\\/\"},\"author\":{\"name\":\"alainreyes\",\"@id\":\"https:\\\/\\\/www.uic.mx\\\/educacionenlinea\\\/#\\\/schema\\\/person\\\/1f0e384733c03d4b0890f4135f30d062\"},\"headline\":\"\u00bfC\u00f3mo retomar los estudios universitarios?\",\"datePublished\":\"2023-01-17T04:07:00+00:00\",\"mainEntityOfPage\":{\"@id\":\"https:\\\/\\\/www.uic.mx\\\/educacionenlinea\\\/como-retomar-los-estudios-universitarios\\\/\"},\"wordCount\":712,\"commentCount\":0,\"publisher\":{\"@id\":\"https:\\\/\\\/www.uic.mx\\\/educacionenlinea\\\/#organization\"},\"image\":{\"@id\":\"https:\\\/\\\/www.uic.mx\\\/educacionenlinea\\\/como-retomar-los-estudios-universitarios\\\/#primaryimage\"},\"thumbnailUrl\":\"https:\\\/\\\/www.uic.mx\\\/educacionenlinea\\\/wp-content\\\/uploads\\\/Portada-blog-16-01-23-01-scaled-1.jpg\",\"keywords\":[\"A\u00f1o sab\u00e1tico\",\"Estudios universitarios\",\"Revalidaci\u00f3n y equivalencia de estudios\",\"UIC\",\"universidad\",\"Universidad en l\u00ednea\"],\"articleSection\":[\"Licenciaturas\"],\"inLanguage\":\"es\",\"potentialAction\":[{\"@type\":\"CommentAction\",\"name\":\"Comment\",\"target\":[\"https:\\\/\\\/www.uic.mx\\\/educacionenlinea\\\/como-retomar-los-estudios-universitarios\\\/#respond\"]}]},{\"@type\":\"WebPage\",\"@id\":\"https:\\\/\\\/www.uic.mx\\\/educacionenlinea\\\/como-retomar-los-estudios-universitarios\\\/\",\"url\":\"https:\\\/\\\/www.uic.mx\\\/educacionenlinea\\\/como-retomar-los-estudios-universitarios\\\/\",\"name\":\"\u00bfC\u00f3mo retomar los estudios universitarios? - Educaci\u00f3n en l\u00ednea UIC\",\"isPartOf\":{\"@id\":\"https:\\\/\\\/www.uic.mx\\\/educacionenlinea\\\/#website\"},\"primaryImageOfPage\":{\"@id\":\"https:\\\/\\\/www.uic.mx\\\/educacionenlinea\\\/como-retomar-los-estudios-universitarios\\\/#primaryimage\"},\"image\":{\"@id\":\"https:\\\/\\\/www.uic.mx\\\/educacionenlinea\\\/como-retomar-los-estudios-universitarios\\\/#primaryimage\"},\"thumbnailUrl\":\"https:\\\/\\\/www.uic.mx\\\/educacionenlinea\\\/wp-content\\\/uploads\\\/Portada-blog-16-01-23-01-scaled-1.jpg\",\"datePublished\":\"2023-01-17T04:07:00+00:00\",\"description\":\"\u00bfPaso tiempo desde que te saliste de la carrera y ahora quieres retomar los estudios universitarios? Las respuestas a tus inquietudes...\",\"breadcrumb\":{\"@id\":\"https:\\\/\\\/www.uic.mx\\\/educacionenlinea\\\/como-retomar-los-estudios-universitarios\\\/#breadcrumb\"},\"inLanguage\":\"es\",\"potentialAction\":[{\"@type\":\"ReadAction\",\"target\":[\"https:\\\/\\\/www.uic.mx\\\/educacionenlinea\\\/como-retomar-los-estudios-universitarios\\\/\"]}]},{\"@type\":\"ImageObject\",\"inLanguage\":\"es\",\"@id\":\"https:\\\/\\\/www.uic.mx\\\/educacionenlinea\\\/como-retomar-los-estudios-universitarios\\\/#primaryimage\",\"url\":\"https:\\\/\\\/www.uic.mx\\\/educacionenlinea\\\/wp-content\\\/uploads\\\/Portada-blog-16-01-23-01-scaled-1.jpg\",\"contentUrl\":\"https:\\\/\\\/www.uic.mx\\\/educacionenlinea\\\/wp-content\\\/uploads\\\/Portada-blog-16-01-23-01-scaled-1.jpg\",\"width\":2560,\"height\":960,\"caption\":\"Retomar los estudios universitarios en la UIC\"},{\"@type\":\"BreadcrumbList\",\"@id\":\"https:\\\/\\\/www.uic.mx\\\/educacionenlinea\\\/como-retomar-los-estudios-universitarios\\\/#breadcrumb\",\"itemListElement\":[{\"@type\":\"ListItem\",\"position\":1,\"name\":\"Inicio\",\"item\":\"https:\\\/\\\/www.uic.mx\\\/educacionenlinea\\\/\"},{\"@type\":\"ListItem\",\"position\":2,\"name\":\"\u00bfC\u00f3mo retomar los estudios universitarios?\"}]},{\"@type\":\"WebSite\",\"@id\":\"https:\\\/\\\/www.uic.mx\\\/educacionenlinea\\\/#website\",\"url\":\"https:\\\/\\\/www.uic.mx\\\/educacionenlinea\\\/\",\"name\":\"Educaci\u00f3n en l\u00ednea UIC\",\"description\":\"\",\"publisher\":{\"@id\":\"https:\\\/\\\/www.uic.mx\\\/educacionenlinea\\\/#organization\"},\"potentialAction\":[{\"@type\":\"SearchAction\",\"target\":{\"@type\":\"EntryPoint\",\"urlTemplate\":\"https:\\\/\\\/www.uic.mx\\\/educacionenlinea\\\/?s={search_term_string}\"},\"query-input\":{\"@type\":\"PropertyValueSpecification\",\"valueRequired\":true,\"valueName\":\"search_term_string\"}}],\"inLanguage\":\"es\"},{\"@type\":\"Organization\",\"@id\":\"https:\\\/\\\/www.uic.mx\\\/educacionenlinea\\\/#organization\",\"name\":\"Educaci\u00f3n en l\u00ednea UIC\",\"url\":\"https:\\\/\\\/www.uic.mx\\\/educacionenlinea\\\/\",\"logo\":{\"@type\":\"ImageObject\",\"inLanguage\":\"es\",\"@id\":\"https:\\\/\\\/www.uic.mx\\\/educacionenlinea\\\/#\\\/schema\\\/logo\\\/image\\\/\",\"url\":\"https:\\\/\\\/www.uic.mx\\\/educacionenlinea\\\/wp-content\\\/uploads\\\/Logo-50-Universidad-Intercontinental-horizontal-blanco-scaled.png\",\"contentUrl\":\"https:\\\/\\\/www.uic.mx\\\/educacionenlinea\\\/wp-content\\\/uploads\\\/Logo-50-Universidad-Intercontinental-horizontal-blanco-scaled.png\",\"width\":2560,\"height\":643,\"caption\":\"Educaci\u00f3n en l\u00ednea UIC\"},\"image\":{\"@id\":\"https:\\\/\\\/www.uic.mx\\\/educacionenlinea\\\/#\\\/schema\\\/logo\\\/image\\\/\"}},{\"@type\":\"Person\",\"@id\":\"https:\\\/\\\/www.uic.mx\\\/educacionenlinea\\\/#\\\/schema\\\/person\\\/1f0e384733c03d4b0890f4135f30d062\",\"name\":\"alainreyes\",\"image\":{\"@type\":\"ImageObject\",\"inLanguage\":\"es\",\"@id\":\"https:\\\/\\\/secure.gravatar.com\\\/avatar\\\/c7afdffc774b3cd354dbfd91d28ca490b295f96b08a6ba0074d98ce87d2ca49b?s=96&d=mm&r=g\",\"url\":\"https:\\\/\\\/secure.gravatar.com\\\/avatar\\\/c7afdffc774b3cd354dbfd91d28ca490b295f96b08a6ba0074d98ce87d2ca49b?s=96&d=mm&r=g\",\"contentUrl\":\"https:\\\/\\\/secure.gravatar.com\\\/avatar\\\/c7afdffc774b3cd354dbfd91d28ca490b295f96b08a6ba0074d98ce87d2ca49b?s=96&d=mm&r=g\",\"caption\":\"alainreyes\"},\"sameAs\":[\"https:\\\/\\\/uic.mx\\\/educacionenlinea\"],\"url\":\"https:\\\/\\\/www.uic.mx\\\/educacionenlinea\\\/author\\\/alainreyes\\\/\"}]}<\/script>\n<!-- \/ Yoast SEO plugin. -->","yoast_head_json":{"title":"\u00bfC\u00f3mo retomar los estudios universitarios? - Educaci\u00f3n en l\u00ednea UIC","description":"\u00bfPaso tiempo desde que te saliste de la carrera y ahora quieres retomar los estudios universitarios? Las respuestas a tus inquietudes...","robots":{"index":"index","follow":"follow","max-snippet":"max-snippet:-1","max-image-preview":"max-image-preview:large","max-video-preview":"max-video-preview:-1"},"canonical":"https:\/\/www.uic.mx\/educacionenlinea\/como-retomar-los-estudios-universitarios\/","og_locale":"es_MX","og_type":"article","og_title":"\u00bfC\u00f3mo retomar los estudios universitarios? - Educaci\u00f3n en l\u00ednea UIC","og_description":"\u00bfPaso tiempo desde que te saliste de la carrera y ahora quieres retomar los estudios universitarios? Las respuestas a tus inquietudes...","og_url":"https:\/\/www.uic.mx\/educacionenlinea\/como-retomar-los-estudios-universitarios\/","og_site_name":"Educaci\u00f3n en l\u00ednea UIC","article_published_time":"2023-01-17T04:07:00+00:00","og_image":[{"width":2560,"height":960,"url":"https:\/\/www.uic.mx\/educacionenlinea\/wp-content\/uploads\/Portada-blog-16-01-23-01-scaled-1.jpg","type":"image\/jpeg"}],"author":"alainreyes","twitter_card":"summary_large_image","twitter_misc":{"Escrito por":"alainreyes","Tiempo de lectura":"4 minutos"},"schema":{"@context":"https:\/\/schema.org","@graph":[{"@type":"Article","@id":"https:\/\/www.uic.mx\/educacionenlinea\/como-retomar-los-estudios-universitarios\/#article","isPartOf":{"@id":"https:\/\/www.uic.mx\/educacionenlinea\/como-retomar-los-estudios-universitarios\/"},"author":{"name":"alainreyes","@id":"https:\/\/www.uic.mx\/educacionenlinea\/#\/schema\/person\/1f0e384733c03d4b0890f4135f30d062"},"headline":"\u00bfC\u00f3mo retomar los estudios universitarios?","datePublished":"2023-01-17T04:07:00+00:00","mainEntityOfPage":{"@id":"https:\/\/www.uic.mx\/educacionenlinea\/como-retomar-los-estudios-universitarios\/"},"wordCount":712,"commentCount":0,"publisher":{"@id":"https:\/\/www.uic.mx\/educacionenlinea\/#organization"},"image":{"@id":"https:\/\/www.uic.mx\/educacionenlinea\/como-retomar-los-estudios-universitarios\/#primaryimage"},"thumbnailUrl":"https:\/\/www.uic.mx\/educacionenlinea\/wp-content\/uploads\/Portada-blog-16-01-23-01-scaled-1.jpg","keywords":["A\u00f1o sab\u00e1tico","Estudios universitarios","Revalidaci\u00f3n y equivalencia de estudios","UIC","universidad","Universidad en l\u00ednea"],"articleSection":["Licenciaturas"],"inLanguage":"es","potentialAction":[{"@type":"CommentAction","name":"Comment","target":["https:\/\/www.uic.mx\/educacionenlinea\/como-retomar-los-estudios-universitarios\/#respond"]}]},{"@type":"WebPage","@id":"https:\/\/www.uic.mx\/educacionenlinea\/como-retomar-los-estudios-universitarios\/","url":"https:\/\/www.uic.mx\/educacionenlinea\/como-retomar-los-estudios-universitarios\/","name":"\u00bfC\u00f3mo retomar los estudios universitarios? - Educaci\u00f3n en l\u00ednea UIC","isPartOf":{"@id":"https:\/\/www.uic.mx\/educacionenlinea\/#website"},"primaryImageOfPage":{"@id":"https:\/\/www.uic.mx\/educacionenlinea\/como-retomar-los-estudios-universitarios\/#primaryimage"},"image":{"@id":"https:\/\/www.uic.mx\/educacionenlinea\/como-retomar-los-estudios-universitarios\/#primaryimage"},"thumbnailUrl":"https:\/\/www.uic.mx\/educacionenlinea\/wp-content\/uploads\/Portada-blog-16-01-23-01-scaled-1.jpg","datePublished":"2023-01-17T04:07:00+00:00","description":"\u00bfPaso tiempo desde que te saliste de la carrera y ahora quieres retomar los estudios universitarios? Las respuestas a tus inquietudes...","breadcrumb":{"@id":"https:\/\/www.uic.mx\/educacionenlinea\/como-retomar-los-estudios-universitarios\/#breadcrumb"},"inLanguage":"es","potentialAction":[{"@type":"ReadAction","target":["https:\/\/www.uic.mx\/educacionenlinea\/como-retomar-los-estudios-universitarios\/"]}]},{"@type":"ImageObject","inLanguage":"es","@id":"https:\/\/www.uic.mx\/educacionenlinea\/como-retomar-los-estudios-universitarios\/#primaryimage","url":"https:\/\/www.uic.mx\/educacionenlinea\/wp-content\/uploads\/Portada-blog-16-01-23-01-scaled-1.jpg","contentUrl":"https:\/\/www.uic.mx\/educacionenlinea\/wp-content\/uploads\/Portada-blog-16-01-23-01-scaled-1.jpg","width":2560,"height":960,"caption":"Retomar los estudios universitarios en la UIC"},{"@type":"BreadcrumbList","@id":"https:\/\/www.uic.mx\/educacionenlinea\/como-retomar-los-estudios-universitarios\/#breadcrumb","itemListElement":[{"@type":"ListItem","position":1,"name":"Inicio","item":"https:\/\/www.uic.mx\/educacionenlinea\/"},{"@type":"ListItem","position":2,"name":"\u00bfC\u00f3mo retomar los estudios universitarios?"}]},{"@type":"WebSite","@id":"https:\/\/www.uic.mx\/educacionenlinea\/#website","url":"https:\/\/www.uic.mx\/educacionenlinea\/","name":"Educaci\u00f3n en l\u00ednea UIC","description":"","publisher":{"@id":"https:\/\/www.uic.mx\/educacionenlinea\/#organization"},"potentialAction":[{"@type":"SearchAction","target":{"@type":"EntryPoint","urlTemplate":"https:\/\/www.uic.mx\/educacionenlinea\/?s={search_term_string}"},"query-input":{"@type":"PropertyValueSpecification","valueRequired":true,"valueName":"search_term_string"}}],"inLanguage":"es"},{"@type":"Organization","@id":"https:\/\/www.uic.mx\/educacionenlinea\/#organization","name":"Educaci\u00f3n en l\u00ednea UIC","url":"https:\/\/www.uic.mx\/educacionenlinea\/","logo":{"@type":"ImageObject","inLanguage":"es","@id":"https:\/\/www.uic.mx\/educacionenlinea\/#\/schema\/logo\/image\/","url":"https:\/\/www.uic.mx\/educacionenlinea\/wp-content\/uploads\/Logo-50-Universidad-Intercontinental-horizontal-blanco-scaled.png","contentUrl":"https:\/\/www.uic.mx\/educacionenlinea\/wp-content\/uploads\/Logo-50-Universidad-Intercontinental-horizontal-blanco-scaled.png","width":2560,"height":643,"caption":"Educaci\u00f3n en l\u00ednea UIC"},"image":{"@id":"https:\/\/www.uic.mx\/educacionenlinea\/#\/schema\/logo\/image\/"}},{"@type":"Person","@id":"https:\/\/www.uic.mx\/educacionenlinea\/#\/schema\/person\/1f0e384733c03d4b0890f4135f30d062","name":"alainreyes","image":{"@type":"ImageObject","inLanguage":"es","@id":"https:\/\/secure.gravatar.com\/avatar\/c7afdffc774b3cd354dbfd91d28ca490b295f96b08a6ba0074d98ce87d2ca49b?s=96&d=mm&r=g","url":"https:\/\/secure.gravatar.com\/avatar\/c7afdffc774b3cd354dbfd91d28ca490b295f96b08a6ba0074d98ce87d2ca49b?s=96&d=mm&r=g","contentUrl":"https:\/\/secure.gravatar.com\/avatar\/c7afdffc774b3cd354dbfd91d28ca490b295f96b08a6ba0074d98ce87d2ca49b?s=96&d=mm&r=g","caption":"alainreyes"},"sameAs":["https:\/\/uic.mx\/educacionenlinea"],"url":"https:\/\/www.uic.mx\/educacionenlinea\/author\/alainreyes\/"}]}},"_links":{"self":[{"href":"https:\/\/www.uic.mx\/educacionenlinea\/wp-json\/wp\/v2\/posts\/83086","targetHints":{"allow":["GET"]}}],"collection":[{"href":"https:\/\/www.uic.mx\/educacionenlinea\/wp-json\/wp\/v2\/posts"}],"about":[{"href":"https:\/\/www.uic.mx\/educacionenlinea\/wp-json\/wp\/v2\/types\/post"}],"author":[{"embeddable":true,"href":"https:\/\/www.uic.mx\/educacionenlinea\/wp-json\/wp\/v2\/users\/1"}],"replies":[{"embeddable":true,"href":"https:\/\/www.uic.mx\/educacionenlinea\/wp-json\/wp\/v2\/comments?post=83086"}],"version-history":[{"count":0,"href":"https:\/\/www.uic.mx\/educacionenlinea\/wp-json\/wp\/v2\/posts\/83086\/revisions"}],"wp:featuredmedia":[{"embeddable":true,"href":"https:\/\/www.uic.mx\/educacionenlinea\/wp-json\/wp\/v2\/media\/83092"}],"wp:attachment":[{"href":"https:\/\/www.uic.mx\/educacionenlinea\/wp-json\/wp\/v2\/media?parent=83086"}],"wp:term":[{"taxonomy":"category","embeddable":true,"href":"https:\/\/www.uic.mx\/educacionenlinea\/wp-json\/wp\/v2\/categories?post=83086"},{"taxonomy":"post_tag","embeddable":true,"href":"https:\/\/www.uic.mx\/educacionenlinea\/wp-json\/wp\/v2\/tags?post=83086"}],"curies":[{"name":"wp","href":"https:\/\/api.w.org\/{rel}","templated":true}]}}