{"id":83945,"date":"2023-04-17T20:43:00","date_gmt":"2023-04-18T02:43:00","guid":{"rendered":"https:\/\/educacionenlinea.uic.mx\/blog\/?p=83945"},"modified":"2023-04-17T20:43:00","modified_gmt":"2023-04-18T02:43:00","slug":"el-sat-y-la-declaracion-anual","status":"publish","type":"post","link":"https:\/\/www.uic.mx\/educacionenlinea\/el-sat-y-la-declaracion-anual\/","title":{"rendered":"El SAT y la declaraci\u00f3n anual"},"content":{"rendered":"\n<p>Lleg\u00f3 abril y para los mexicanos es tiempo de cumplir con nuestras <strong>obligaciones fiscales<\/strong>. Siendo precisos, desde el mes de marzo el <strong>SAT <\/strong>habilit\u00f3 su portal para iniciar con la <strong>declaraci\u00f3n anual de personas morales<\/strong> (empresas) y para este mes les toca a las personas f\u00edsicas.<\/p>\n\n\n\n<p>Seguramente, muy pocas personas realmente se entusiasman por presentar la declaraci\u00f3n anual, por ejemplo, para los <strong><a href=\"https:\/\/bit.ly\/3LaoHre\" target=\"_blank\" rel=\"noreferrer noopener\"><mark style=\"background-color:rgba(0, 0, 0, 0);color:#1611fa\" class=\"has-inline-color\">contadores y expertos en finanzas<\/mark><\/a><\/strong>, es una de esas \u00e9pocas del a\u00f1o, en que hay mucho trabajo, porque las personas suelen dejar hasta el \u00faltimo momento su declaraci\u00f3n fiscal.<\/p>\n\n\n\n<h2 class=\"wp-block-heading\"><strong>\u00bfQu\u00e9 es una declaraci\u00f3n anual?<\/strong><\/h2>\n\n\n\n<p>La <strong>declaraci\u00f3n anual<\/strong> es un documento que las personas morales y personas f\u00edsicas deben presentar ante el <strong>Sistema de Administraci\u00f3n Tributaria<\/strong> (SAT), en donde se <strong><a href=\"https:\/\/bit.ly\/3LaoHre\" target=\"_blank\" rel=\"noreferrer noopener\">detallan las operaciones contables<\/a><\/strong> realizadas en el a\u00f1o fiscal anterior.<\/p>\n\n\n\n<p>Por lo general, este tipo de <strong>declaraciones<\/strong> suelen incluir los ingresos, deducciones personales (facturaci\u00f3n de bienes y servicios), pagos provisionales y retenciones que se realizaron a lo largo del a\u00f1o anterior.<\/p>\n\n\n\n<figure class=\"wp-block-image size-full\"><img fetchpriority=\"high\" decoding=\"async\" width=\"950\" height=\"450\" src=\"https:\/\/educacionenlinea.uic.mx\/blog\/wp-content\/uploads\/2023\/04\/Imagen.jpg\" alt=\"Del 1 de abril al 30 de abril se realiza la declaraci\u00f3n anual antes el SAT y por \u00fanica ocasi\u00f3n se extender\u00e1 hasta el 2 de mayo este 2023.\" class=\"wp-image-83950\" srcset=\"https:\/\/www.uic.mx\/educacionenlinea\/wp-content\/uploads\/Imagen.jpg 950w, https:\/\/www.uic.mx\/educacionenlinea\/wp-content\/uploads\/Imagen-300x142.jpg 300w, https:\/\/www.uic.mx\/educacionenlinea\/wp-content\/uploads\/Imagen-768x364.jpg 768w\" sizes=\"(max-width: 950px) 100vw, 950px\" \/><\/figure>\n\n\n\n<h2 class=\"wp-block-heading\"><strong>\u00bfPara qu\u00e9 sirve la declaraci\u00f3n anual?<\/strong><\/h2>\n\n\n\n<p>Realizar en tiempo y forma este procedimiento ante el SAT, <strong>sirve para evitar generar multas y recargos<\/strong> por operaciones contables no declaradas, as\u00ed como otras amonestaciones jur\u00eddicas que pueden perjudicar nuestro ejercicio fiscal, ya sea como personas morales o f\u00edsicas.<\/p>\n\n\n\n<h2 class=\"wp-block-heading\"><strong>\u00bfPor qu\u00e9 declarar ante el SAT?<\/strong><\/h2>\n\n\n\n<p>Al registrarse ante el <strong>SAT <\/strong>no solo se tienen obligaciones a cumplir, tambi\u00e9n se obtienen varios beneficios, porque el ejercicio fiscal, es un derecho que se debe hacer con total <strong>transparencia<\/strong> y del cual, por ejemplo, se puede obtener saldo a favor.<\/p>\n\n\n\n<p>El <strong>saldo a favor<\/strong> puede darse cuando, el SAT ha detectado que pagamos <strong>m\u00e1s ISR<\/strong> (impuestos) de lo que deb\u00edamos a lo largo del a\u00f1o fiscal y nos lo devuelve. Para que esto ocurra debemos tener <strong>deducciones.<\/strong><\/p>\n\n\n\n<p><strong>En el siguiente video te explicamos m\u00e1s sobre esto:<\/strong><\/p>\n\n\n\n<figure class=\"wp-block-embed is-type-video is-provider-tiktok wp-block-embed-tiktok\"><div class=\"wp-block-embed__wrapper\">\n<blockquote class=\"tiktok-embed\" cite=\"https:\/\/www.tiktok.com\/@princesagodin\/video\/7223205143288745222\" data-video-id=\"7223205143288745222\" data-embed-from=\"oembed\" style=\"max-width:605px; min-width:325px;\"> <section> <a target=\"_blank\" title=\"@princesagodin\" href=\"https:\/\/www.tiktok.com\/@princesagodin?refer=embed\">@princesagodin<\/a> <p>\u00bfTe salio ISR a pagar en tu declaraci\u00f3n anual? Aqu\u00ed te cuento que sigue <a title=\"aprendeentiktok\" target=\"_blank\" href=\"https:\/\/www.tiktok.com\/tag\/aprendeentiktok?refer=embed\">#aprendeentiktok<\/a> <\/p> <a target=\"_blank\" title=\"\u266c sonido original - Lucy Her\" href=\"https:\/\/www.tiktok.com\/music\/sonido-original-7223205168564030213?refer=embed\">\u266c sonido original &#8211; Lucy Her<\/a> <\/section> <\/blockquote> <script async src=\"https:\/\/www.tiktok.com\/embed.js\"><\/script>\n<\/div><figcaption class=\"wp-element-caption\">Fuente: TikTok @princesagodin<\/figcaption><\/figure>\n\n\n\n<h2 class=\"wp-block-heading\"><strong>\u00bfCu\u00e1ndo se debe declarar ante el SAT?<\/strong><\/h2>\n\n\n\n<p>La <strong>declaraci\u00f3n 2023<\/strong> se hace de todo el <strong>ejercicio fiscal realizado en el 2022<\/strong>. Para las <strong>personas morales<\/strong> la fecha para realizar este tr\u00e1mite fue del <strong>1 de marzo al 31 de marzo<\/strong>, con una extensi\u00f3n hasta el d\u00eda 3 de abril.<\/p>\n\n\n\n<p>En el caso de las personas f\u00edsicas, la convocatoria est\u00e1 abierta del <strong>1 de abril hasta el 30 de abril<\/strong>, extendi\u00e9ndose el per\u00edodo <strong>hasta el 2 de mayo<\/strong>, porque el 30 de abril es domingo y el 1 de mayo es festivo en M\u00e9xico.<\/p>\n\n\n\n<h2 class=\"wp-block-heading\"><strong>SAT declaraci\u00f3n anual para personas f\u00edsicas<\/strong><\/h2>\n\n\n\n<p>Para que declarar sea una <strong>experiencia m\u00e1s amigable<\/strong> y no se sienta como un tr\u00e1mite burocr\u00e1tico interminable, el <strong>SAT <\/strong>ha compartido en su canal oficial de YouTube, un tutorial para que las personas f\u00edsicas puedan realizar esta operaci\u00f3n de la manera m\u00e1s r\u00e1pida posible:<\/p>\n\n\n\n<figure class=\"wp-block-embed is-type-video is-provider-youtube wp-block-embed-youtube wp-embed-aspect-16-9 wp-has-aspect-ratio\"><div class=\"wp-block-embed__wrapper\">\n<iframe title=\"Tutorial: Declaraci\u00f3n Anual 2022 de personas f\u00edsicas. Sueldos, salarios y asimilados e intereses.\" width=\"800\" height=\"450\" src=\"https:\/\/www.youtube.com\/embed\/eeSoNVicjDI?feature=oembed\" frameborder=\"0\" allow=\"accelerometer; autoplay; clipboard-write; encrypted-media; gyroscope; picture-in-picture; web-share\" referrerpolicy=\"strict-origin-when-cross-origin\" allowfullscreen><\/iframe>\n<\/div><\/figure>\n\n\n\n<figure class=\"wp-block-embed is-type-video is-provider-youtube wp-block-embed-youtube wp-embed-aspect-16-9 wp-has-aspect-ratio\"><div class=\"wp-block-embed__wrapper\">\n<iframe title=\"Tutorial: Declaraci\u00f3n Anual 2022 de personas f\u00edsicas. Ingresos por servicios profesionales.\" width=\"800\" height=\"450\" src=\"https:\/\/www.youtube.com\/embed\/g3KvZj1JGMc?feature=oembed\" frameborder=\"0\" allow=\"accelerometer; autoplay; clipboard-write; encrypted-media; gyroscope; picture-in-picture; web-share\" referrerpolicy=\"strict-origin-when-cross-origin\" allowfullscreen><\/iframe>\n<\/div><\/figure>\n\n\n\n<h2 class=\"wp-block-heading\"><strong>Prep\u00e1rate para tu pr\u00f3xima declaraci\u00f3n fiscal<\/strong><\/h2>\n\n\n\n<p>Si tienes un negocio propio o est\u00e1s empezando a administrar uno, es importante que las <strong><a href=\"https:\/\/bit.ly\/3LaoHre\" target=\"_blank\" rel=\"noreferrer noopener\"><mark style=\"background-color:rgba(0, 0, 0, 0);color:#1611fa\" class=\"has-inline-color\">finanzas<\/mark><\/a><\/strong> de esa empresa est\u00e9n al d\u00eda, porque al momento de la declaraci\u00f3n anual, los <strong>impuestos, pasivos, tasas de inter\u00e9s, <a href=\"https:\/\/educacionenlinea.uic.mx\/diplomados-en-linea\/programas\/finanzas-basicas-para-empresas.html\" target=\"_blank\" rel=\"noreferrer noopener\"><mark style=\"background-color:rgba(0, 0, 0, 0);color:#1611fa\" class=\"has-inline-color\">inversiones<\/mark><\/a> y financiamientos<\/strong> se deben presentar con transparencia, sin omitir nada.<\/p>\n\n\n\n<p class=\"has-background\" style=\"background-color:#c2f9ae\">Para aprender a llevar las finanzas de una PYME y la pr\u00f3xima declaraci\u00f3n anual del 2024 no te tome desprevenido, tenemos un diplomado de <strong><a href=\"https:\/\/bit.ly\/3LaoHre\" target=\"_blank\" rel=\"noreferrer noopener\"><mark style=\"background-color:rgba(0, 0, 0, 0);color:#1611fa\" class=\"has-inline-color\">FINANZAS B\u00c1SICAS PARA EMPRESAS<\/mark><\/a><\/strong>, que te puede interesar.<\/p>\n","protected":false},"excerpt":{"rendered":"<p>Lleg\u00f3 abril y para los mexicanos es tiempo de cumplir con nuestras obligaciones fiscales. Siendo precisos, desde el mes de marzo el SAT habilit\u00f3 su portal para iniciar con la declaraci\u00f3n anual de personas morales (empresas) y para este mes les toca a las personas f\u00edsicas. Seguramente, muy pocas personas realmente se entusiasman por presentar [&hellip;]<\/p>\n","protected":false},"author":1,"featured_media":83949,"comment_status":"open","ping_status":"open","sticky":false,"template":"","format":"standard","meta":{"_acf_changed":false,"footnotes":""},"categories":[7,14],"tags":[146,315,357,386,496,497,579,580],"class_list":["post-83945","post","type-post","status-publish","format-standard","has-post-thumbnail","hentry","category-educacion-continua","category-negocios","tag-declaracion-anual","tag-finanzas","tag-impuestos","tag-isr","tag-personas-fisicas","tag-personas-morales","tag-sat","tag-sat-2023"],"acf":[],"yoast_head":"<!-- This site is optimized with the Yoast SEO plugin v27.4 - https:\/\/yoast.com\/product\/yoast-seo-wordpress\/ -->\n<title>El SAT y la declaraci\u00f3n anual - Educaci\u00f3n en l\u00ednea UIC<\/title>\n<meta name=\"description\" content=\"El tr\u00e1mite para presentar la declaraci\u00f3n anual para personas f\u00edsicas ya est\u00e1 abierto en el SAT y el plazo termina el pr\u00f3ximo 2 de mayo.\" \/>\n<meta name=\"robots\" content=\"index, follow, max-snippet:-1, max-image-preview:large, max-video-preview:-1\" \/>\n<link rel=\"canonical\" href=\"https:\/\/www.uic.mx\/educacionenlinea\/el-sat-y-la-declaracion-anual\/\" \/>\n<meta property=\"og:locale\" content=\"es_MX\" \/>\n<meta property=\"og:type\" content=\"article\" \/>\n<meta property=\"og:title\" content=\"El SAT y la declaraci\u00f3n anual - Educaci\u00f3n en l\u00ednea UIC\" \/>\n<meta property=\"og:description\" content=\"El tr\u00e1mite para presentar la declaraci\u00f3n anual para personas f\u00edsicas ya est\u00e1 abierto en el SAT y el plazo termina el pr\u00f3ximo 2 de mayo.\" \/>\n<meta property=\"og:url\" content=\"https:\/\/www.uic.mx\/educacionenlinea\/el-sat-y-la-declaracion-anual\/\" \/>\n<meta property=\"og:site_name\" content=\"Educaci\u00f3n en l\u00ednea UIC\" \/>\n<meta property=\"article:published_time\" content=\"2023-04-18T02:43:00+00:00\" \/>\n<meta property=\"og:image\" content=\"https:\/\/www.uic.mx\/educacionenlinea\/wp-content\/uploads\/Portada.jpg\" \/>\n\t<meta property=\"og:image:width\" content=\"1200\" \/>\n\t<meta property=\"og:image:height\" content=\"400\" \/>\n\t<meta property=\"og:image:type\" content=\"image\/jpeg\" \/>\n<meta name=\"author\" content=\"alainreyes\" \/>\n<meta name=\"twitter:card\" content=\"summary_large_image\" \/>\n<meta name=\"twitter:label1\" content=\"Escrito por\" \/>\n\t<meta name=\"twitter:data1\" content=\"alainreyes\" \/>\n\t<meta name=\"twitter:label2\" content=\"Tiempo de lectura\" \/>\n\t<meta name=\"twitter:data2\" content=\"3 minutos\" \/>\n<script type=\"application\/ld+json\" class=\"yoast-schema-graph\">{\"@context\":\"https:\\\/\\\/schema.org\",\"@graph\":[{\"@type\":\"Article\",\"@id\":\"https:\\\/\\\/www.uic.mx\\\/educacionenlinea\\\/el-sat-y-la-declaracion-anual\\\/#article\",\"isPartOf\":{\"@id\":\"https:\\\/\\\/www.uic.mx\\\/educacionenlinea\\\/el-sat-y-la-declaracion-anual\\\/\"},\"author\":{\"name\":\"alainreyes\",\"@id\":\"https:\\\/\\\/www.uic.mx\\\/educacionenlinea\\\/#\\\/schema\\\/person\\\/1f0e384733c03d4b0890f4135f30d062\"},\"headline\":\"El SAT y la declaraci\u00f3n anual\",\"datePublished\":\"2023-04-18T02:43:00+00:00\",\"mainEntityOfPage\":{\"@id\":\"https:\\\/\\\/www.uic.mx\\\/educacionenlinea\\\/el-sat-y-la-declaracion-anual\\\/\"},\"wordCount\":603,\"commentCount\":0,\"publisher\":{\"@id\":\"https:\\\/\\\/www.uic.mx\\\/educacionenlinea\\\/#organization\"},\"image\":{\"@id\":\"https:\\\/\\\/www.uic.mx\\\/educacionenlinea\\\/el-sat-y-la-declaracion-anual\\\/#primaryimage\"},\"thumbnailUrl\":\"https:\\\/\\\/www.uic.mx\\\/educacionenlinea\\\/wp-content\\\/uploads\\\/Portada.jpg\",\"keywords\":[\"Declaraci\u00f3n Anual\",\"Finanzas\",\"Impuestos\",\"ISR\",\"Personas f\u00edsicas\",\"Personas morales\",\"SAT\",\"SAT 2023\"],\"articleSection\":[\"Educaci\u00f3n Continua\",\"Negocios\"],\"inLanguage\":\"es\",\"potentialAction\":[{\"@type\":\"CommentAction\",\"name\":\"Comment\",\"target\":[\"https:\\\/\\\/www.uic.mx\\\/educacionenlinea\\\/el-sat-y-la-declaracion-anual\\\/#respond\"]}]},{\"@type\":\"WebPage\",\"@id\":\"https:\\\/\\\/www.uic.mx\\\/educacionenlinea\\\/el-sat-y-la-declaracion-anual\\\/\",\"url\":\"https:\\\/\\\/www.uic.mx\\\/educacionenlinea\\\/el-sat-y-la-declaracion-anual\\\/\",\"name\":\"El SAT y la declaraci\u00f3n anual - Educaci\u00f3n en l\u00ednea UIC\",\"isPartOf\":{\"@id\":\"https:\\\/\\\/www.uic.mx\\\/educacionenlinea\\\/#website\"},\"primaryImageOfPage\":{\"@id\":\"https:\\\/\\\/www.uic.mx\\\/educacionenlinea\\\/el-sat-y-la-declaracion-anual\\\/#primaryimage\"},\"image\":{\"@id\":\"https:\\\/\\\/www.uic.mx\\\/educacionenlinea\\\/el-sat-y-la-declaracion-anual\\\/#primaryimage\"},\"thumbnailUrl\":\"https:\\\/\\\/www.uic.mx\\\/educacionenlinea\\\/wp-content\\\/uploads\\\/Portada.jpg\",\"datePublished\":\"2023-04-18T02:43:00+00:00\",\"description\":\"El tr\u00e1mite para presentar la declaraci\u00f3n anual para personas f\u00edsicas ya est\u00e1 abierto en el SAT y el plazo termina el pr\u00f3ximo 2 de mayo.\",\"breadcrumb\":{\"@id\":\"https:\\\/\\\/www.uic.mx\\\/educacionenlinea\\\/el-sat-y-la-declaracion-anual\\\/#breadcrumb\"},\"inLanguage\":\"es\",\"potentialAction\":[{\"@type\":\"ReadAction\",\"target\":[\"https:\\\/\\\/www.uic.mx\\\/educacionenlinea\\\/el-sat-y-la-declaracion-anual\\\/\"]}]},{\"@type\":\"ImageObject\",\"inLanguage\":\"es\",\"@id\":\"https:\\\/\\\/www.uic.mx\\\/educacionenlinea\\\/el-sat-y-la-declaracion-anual\\\/#primaryimage\",\"url\":\"https:\\\/\\\/www.uic.mx\\\/educacionenlinea\\\/wp-content\\\/uploads\\\/Portada.jpg\",\"contentUrl\":\"https:\\\/\\\/www.uic.mx\\\/educacionenlinea\\\/wp-content\\\/uploads\\\/Portada.jpg\",\"width\":1200,\"height\":400,\"caption\":\"SAT y la declaraci\u00f3n anual para personas f\u00edsicas.\"},{\"@type\":\"BreadcrumbList\",\"@id\":\"https:\\\/\\\/www.uic.mx\\\/educacionenlinea\\\/el-sat-y-la-declaracion-anual\\\/#breadcrumb\",\"itemListElement\":[{\"@type\":\"ListItem\",\"position\":1,\"name\":\"Inicio\",\"item\":\"https:\\\/\\\/www.uic.mx\\\/educacionenlinea\\\/\"},{\"@type\":\"ListItem\",\"position\":2,\"name\":\"El SAT y la declaraci\u00f3n anual\"}]},{\"@type\":\"WebSite\",\"@id\":\"https:\\\/\\\/www.uic.mx\\\/educacionenlinea\\\/#website\",\"url\":\"https:\\\/\\\/www.uic.mx\\\/educacionenlinea\\\/\",\"name\":\"Educaci\u00f3n en l\u00ednea UIC\",\"description\":\"\",\"publisher\":{\"@id\":\"https:\\\/\\\/www.uic.mx\\\/educacionenlinea\\\/#organization\"},\"potentialAction\":[{\"@type\":\"SearchAction\",\"target\":{\"@type\":\"EntryPoint\",\"urlTemplate\":\"https:\\\/\\\/www.uic.mx\\\/educacionenlinea\\\/?s={search_term_string}\"},\"query-input\":{\"@type\":\"PropertyValueSpecification\",\"valueRequired\":true,\"valueName\":\"search_term_string\"}}],\"inLanguage\":\"es\"},{\"@type\":\"Organization\",\"@id\":\"https:\\\/\\\/www.uic.mx\\\/educacionenlinea\\\/#organization\",\"name\":\"Educaci\u00f3n en l\u00ednea UIC\",\"url\":\"https:\\\/\\\/www.uic.mx\\\/educacionenlinea\\\/\",\"logo\":{\"@type\":\"ImageObject\",\"inLanguage\":\"es\",\"@id\":\"https:\\\/\\\/www.uic.mx\\\/educacionenlinea\\\/#\\\/schema\\\/logo\\\/image\\\/\",\"url\":\"https:\\\/\\\/www.uic.mx\\\/educacionenlinea\\\/wp-content\\\/uploads\\\/Logo-50-Universidad-Intercontinental-horizontal-blanco-scaled.png\",\"contentUrl\":\"https:\\\/\\\/www.uic.mx\\\/educacionenlinea\\\/wp-content\\\/uploads\\\/Logo-50-Universidad-Intercontinental-horizontal-blanco-scaled.png\",\"width\":2560,\"height\":643,\"caption\":\"Educaci\u00f3n en l\u00ednea UIC\"},\"image\":{\"@id\":\"https:\\\/\\\/www.uic.mx\\\/educacionenlinea\\\/#\\\/schema\\\/logo\\\/image\\\/\"}},{\"@type\":\"Person\",\"@id\":\"https:\\\/\\\/www.uic.mx\\\/educacionenlinea\\\/#\\\/schema\\\/person\\\/1f0e384733c03d4b0890f4135f30d062\",\"name\":\"alainreyes\",\"image\":{\"@type\":\"ImageObject\",\"inLanguage\":\"es\",\"@id\":\"https:\\\/\\\/secure.gravatar.com\\\/avatar\\\/c7afdffc774b3cd354dbfd91d28ca490b295f96b08a6ba0074d98ce87d2ca49b?s=96&d=mm&r=g\",\"url\":\"https:\\\/\\\/secure.gravatar.com\\\/avatar\\\/c7afdffc774b3cd354dbfd91d28ca490b295f96b08a6ba0074d98ce87d2ca49b?s=96&d=mm&r=g\",\"contentUrl\":\"https:\\\/\\\/secure.gravatar.com\\\/avatar\\\/c7afdffc774b3cd354dbfd91d28ca490b295f96b08a6ba0074d98ce87d2ca49b?s=96&d=mm&r=g\",\"caption\":\"alainreyes\"},\"sameAs\":[\"https:\\\/\\\/uic.mx\\\/educacionenlinea\"],\"url\":\"https:\\\/\\\/www.uic.mx\\\/educacionenlinea\\\/author\\\/alainreyes\\\/\"}]}<\/script>\n<!-- \/ Yoast SEO plugin. -->","yoast_head_json":{"title":"El SAT y la declaraci\u00f3n anual - Educaci\u00f3n en l\u00ednea UIC","description":"El tr\u00e1mite para presentar la declaraci\u00f3n anual para personas f\u00edsicas ya est\u00e1 abierto en el SAT y el plazo termina el pr\u00f3ximo 2 de mayo.","robots":{"index":"index","follow":"follow","max-snippet":"max-snippet:-1","max-image-preview":"max-image-preview:large","max-video-preview":"max-video-preview:-1"},"canonical":"https:\/\/www.uic.mx\/educacionenlinea\/el-sat-y-la-declaracion-anual\/","og_locale":"es_MX","og_type":"article","og_title":"El SAT y la declaraci\u00f3n anual - Educaci\u00f3n en l\u00ednea UIC","og_description":"El tr\u00e1mite para presentar la declaraci\u00f3n anual para personas f\u00edsicas ya est\u00e1 abierto en el SAT y el plazo termina el pr\u00f3ximo 2 de mayo.","og_url":"https:\/\/www.uic.mx\/educacionenlinea\/el-sat-y-la-declaracion-anual\/","og_site_name":"Educaci\u00f3n en l\u00ednea UIC","article_published_time":"2023-04-18T02:43:00+00:00","og_image":[{"width":1200,"height":400,"url":"https:\/\/www.uic.mx\/educacionenlinea\/wp-content\/uploads\/Portada.jpg","type":"image\/jpeg"}],"author":"alainreyes","twitter_card":"summary_large_image","twitter_misc":{"Escrito por":"alainreyes","Tiempo de lectura":"3 minutos"},"schema":{"@context":"https:\/\/schema.org","@graph":[{"@type":"Article","@id":"https:\/\/www.uic.mx\/educacionenlinea\/el-sat-y-la-declaracion-anual\/#article","isPartOf":{"@id":"https:\/\/www.uic.mx\/educacionenlinea\/el-sat-y-la-declaracion-anual\/"},"author":{"name":"alainreyes","@id":"https:\/\/www.uic.mx\/educacionenlinea\/#\/schema\/person\/1f0e384733c03d4b0890f4135f30d062"},"headline":"El SAT y la declaraci\u00f3n anual","datePublished":"2023-04-18T02:43:00+00:00","mainEntityOfPage":{"@id":"https:\/\/www.uic.mx\/educacionenlinea\/el-sat-y-la-declaracion-anual\/"},"wordCount":603,"commentCount":0,"publisher":{"@id":"https:\/\/www.uic.mx\/educacionenlinea\/#organization"},"image":{"@id":"https:\/\/www.uic.mx\/educacionenlinea\/el-sat-y-la-declaracion-anual\/#primaryimage"},"thumbnailUrl":"https:\/\/www.uic.mx\/educacionenlinea\/wp-content\/uploads\/Portada.jpg","keywords":["Declaraci\u00f3n Anual","Finanzas","Impuestos","ISR","Personas f\u00edsicas","Personas morales","SAT","SAT 2023"],"articleSection":["Educaci\u00f3n Continua","Negocios"],"inLanguage":"es","potentialAction":[{"@type":"CommentAction","name":"Comment","target":["https:\/\/www.uic.mx\/educacionenlinea\/el-sat-y-la-declaracion-anual\/#respond"]}]},{"@type":"WebPage","@id":"https:\/\/www.uic.mx\/educacionenlinea\/el-sat-y-la-declaracion-anual\/","url":"https:\/\/www.uic.mx\/educacionenlinea\/el-sat-y-la-declaracion-anual\/","name":"El SAT y la declaraci\u00f3n anual - Educaci\u00f3n en l\u00ednea UIC","isPartOf":{"@id":"https:\/\/www.uic.mx\/educacionenlinea\/#website"},"primaryImageOfPage":{"@id":"https:\/\/www.uic.mx\/educacionenlinea\/el-sat-y-la-declaracion-anual\/#primaryimage"},"image":{"@id":"https:\/\/www.uic.mx\/educacionenlinea\/el-sat-y-la-declaracion-anual\/#primaryimage"},"thumbnailUrl":"https:\/\/www.uic.mx\/educacionenlinea\/wp-content\/uploads\/Portada.jpg","datePublished":"2023-04-18T02:43:00+00:00","description":"El tr\u00e1mite para presentar la declaraci\u00f3n anual para personas f\u00edsicas ya est\u00e1 abierto en el SAT y el plazo termina el pr\u00f3ximo 2 de mayo.","breadcrumb":{"@id":"https:\/\/www.uic.mx\/educacionenlinea\/el-sat-y-la-declaracion-anual\/#breadcrumb"},"inLanguage":"es","potentialAction":[{"@type":"ReadAction","target":["https:\/\/www.uic.mx\/educacionenlinea\/el-sat-y-la-declaracion-anual\/"]}]},{"@type":"ImageObject","inLanguage":"es","@id":"https:\/\/www.uic.mx\/educacionenlinea\/el-sat-y-la-declaracion-anual\/#primaryimage","url":"https:\/\/www.uic.mx\/educacionenlinea\/wp-content\/uploads\/Portada.jpg","contentUrl":"https:\/\/www.uic.mx\/educacionenlinea\/wp-content\/uploads\/Portada.jpg","width":1200,"height":400,"caption":"SAT y la declaraci\u00f3n anual para personas f\u00edsicas."},{"@type":"BreadcrumbList","@id":"https:\/\/www.uic.mx\/educacionenlinea\/el-sat-y-la-declaracion-anual\/#breadcrumb","itemListElement":[{"@type":"ListItem","position":1,"name":"Inicio","item":"https:\/\/www.uic.mx\/educacionenlinea\/"},{"@type":"ListItem","position":2,"name":"El SAT y la declaraci\u00f3n anual"}]},{"@type":"WebSite","@id":"https:\/\/www.uic.mx\/educacionenlinea\/#website","url":"https:\/\/www.uic.mx\/educacionenlinea\/","name":"Educaci\u00f3n en l\u00ednea UIC","description":"","publisher":{"@id":"https:\/\/www.uic.mx\/educacionenlinea\/#organization"},"potentialAction":[{"@type":"SearchAction","target":{"@type":"EntryPoint","urlTemplate":"https:\/\/www.uic.mx\/educacionenlinea\/?s={search_term_string}"},"query-input":{"@type":"PropertyValueSpecification","valueRequired":true,"valueName":"search_term_string"}}],"inLanguage":"es"},{"@type":"Organization","@id":"https:\/\/www.uic.mx\/educacionenlinea\/#organization","name":"Educaci\u00f3n en l\u00ednea UIC","url":"https:\/\/www.uic.mx\/educacionenlinea\/","logo":{"@type":"ImageObject","inLanguage":"es","@id":"https:\/\/www.uic.mx\/educacionenlinea\/#\/schema\/logo\/image\/","url":"https:\/\/www.uic.mx\/educacionenlinea\/wp-content\/uploads\/Logo-50-Universidad-Intercontinental-horizontal-blanco-scaled.png","contentUrl":"https:\/\/www.uic.mx\/educacionenlinea\/wp-content\/uploads\/Logo-50-Universidad-Intercontinental-horizontal-blanco-scaled.png","width":2560,"height":643,"caption":"Educaci\u00f3n en l\u00ednea UIC"},"image":{"@id":"https:\/\/www.uic.mx\/educacionenlinea\/#\/schema\/logo\/image\/"}},{"@type":"Person","@id":"https:\/\/www.uic.mx\/educacionenlinea\/#\/schema\/person\/1f0e384733c03d4b0890f4135f30d062","name":"alainreyes","image":{"@type":"ImageObject","inLanguage":"es","@id":"https:\/\/secure.gravatar.com\/avatar\/c7afdffc774b3cd354dbfd91d28ca490b295f96b08a6ba0074d98ce87d2ca49b?s=96&d=mm&r=g","url":"https:\/\/secure.gravatar.com\/avatar\/c7afdffc774b3cd354dbfd91d28ca490b295f96b08a6ba0074d98ce87d2ca49b?s=96&d=mm&r=g","contentUrl":"https:\/\/secure.gravatar.com\/avatar\/c7afdffc774b3cd354dbfd91d28ca490b295f96b08a6ba0074d98ce87d2ca49b?s=96&d=mm&r=g","caption":"alainreyes"},"sameAs":["https:\/\/uic.mx\/educacionenlinea"],"url":"https:\/\/www.uic.mx\/educacionenlinea\/author\/alainreyes\/"}]}},"_links":{"self":[{"href":"https:\/\/www.uic.mx\/educacionenlinea\/wp-json\/wp\/v2\/posts\/83945","targetHints":{"allow":["GET"]}}],"collection":[{"href":"https:\/\/www.uic.mx\/educacionenlinea\/wp-json\/wp\/v2\/posts"}],"about":[{"href":"https:\/\/www.uic.mx\/educacionenlinea\/wp-json\/wp\/v2\/types\/post"}],"author":[{"embeddable":true,"href":"https:\/\/www.uic.mx\/educacionenlinea\/wp-json\/wp\/v2\/users\/1"}],"replies":[{"embeddable":true,"href":"https:\/\/www.uic.mx\/educacionenlinea\/wp-json\/wp\/v2\/comments?post=83945"}],"version-history":[{"count":0,"href":"https:\/\/www.uic.mx\/educacionenlinea\/wp-json\/wp\/v2\/posts\/83945\/revisions"}],"wp:featuredmedia":[{"embeddable":true,"href":"https:\/\/www.uic.mx\/educacionenlinea\/wp-json\/wp\/v2\/media\/83949"}],"wp:attachment":[{"href":"https:\/\/www.uic.mx\/educacionenlinea\/wp-json\/wp\/v2\/media?parent=83945"}],"wp:term":[{"taxonomy":"category","embeddable":true,"href":"https:\/\/www.uic.mx\/educacionenlinea\/wp-json\/wp\/v2\/categories?post=83945"},{"taxonomy":"post_tag","embeddable":true,"href":"https:\/\/www.uic.mx\/educacionenlinea\/wp-json\/wp\/v2\/tags?post=83945"}],"curies":[{"name":"wp","href":"https:\/\/api.w.org\/{rel}","templated":true}]}}