{"id":85107,"date":"2024-05-15T17:51:58","date_gmt":"2024-05-15T23:51:58","guid":{"rendered":"https:\/\/educacionenlinea.uic.mx\/blog\/?p=85107"},"modified":"2024-05-15T17:51:58","modified_gmt":"2024-05-15T23:51:58","slug":"importancia-formacion-docente-enfoque-inclusion","status":"publish","type":"post","link":"https:\/\/www.uic.mx\/educacionenlinea\/importancia-formacion-docente-enfoque-inclusion\/","title":{"rendered":"La importancia de la formaci\u00f3n docente con enfoque en la inclusi\u00f3n"},"content":{"rendered":"\n<p>En el din\u00e1mico mundo de la <strong>formaci\u00f3n docente<\/strong>, la <strong>inclusi\u00f3n educativa<\/strong> se ha convertido en un pilar fundamental para garantizar el derecho a la educaci\u00f3n de calidad para todos los estudiantes.<\/p>\n\n\n\n<p>La formaci\u00f3n docente en <strong>M\u00e9xico y Latinoam\u00e9rica<\/strong> requiere urgentemente el enfoque en la <a href=\"https:\/\/educacionenlinea.uic.mx\/eventos\/webinar-formacion-docente-para-promover-inclusion.html?utm_source=bl&amp;utm_medium=organic&amp;utm_campaign=cd&amp;utm_content=oferta_online\" target=\"_blank\" rel=\"noreferrer noopener\"><mark style=\"background-color:rgba(0, 0, 0, 0);color:#0235cc\" class=\"has-inline-color\">inclusi\u00f3n educativa<\/mark><\/a>, para asegurar que ning\u00fan estudiante se quede atr\u00e1s y pueda acceder a oportunidades laborales que le permitan alcanzar un nivel de satisfacci\u00f3n personal y profesional mejorando su calidad de vida.<\/p>\n\n\n\n<h2 class=\"wp-block-heading\"><strong>\u00bfQu\u00e9 significa una formaci\u00f3n docente con enfoque en la inclusi\u00f3n?<\/strong><\/h2>\n\n\n\n<figure class=\"wp-block-image size-full\"><img fetchpriority=\"high\" decoding=\"async\" width=\"950\" height=\"450\" src=\"https:\/\/educacionenlinea.uic.mx\/blog\/wp-content\/uploads\/2024\/05\/Blog02-15MAY24.jpg\" alt=\"educaci\u00f3n con enfoque en la inclusi\u00f3n\" class=\"wp-image-85116\" srcset=\"https:\/\/www.uic.mx\/educacionenlinea\/wp-content\/uploads\/Blog02-15MAY24.jpg 950w, https:\/\/www.uic.mx\/educacionenlinea\/wp-content\/uploads\/Blog02-15MAY24-300x142.jpg 300w, https:\/\/www.uic.mx\/educacionenlinea\/wp-content\/uploads\/Blog02-15MAY24-768x364.jpg 768w\" sizes=\"(max-width: 950px) 100vw, 950px\" \/><\/figure>\n\n\n\n<p>La formaci\u00f3n docente con enfoque en la inclusi\u00f3n se refiere a <a href=\"https:\/\/educacionenlinea.uic.mx\/eventos\/webinar-formacion-docente-para-promover-inclusion.html?utm_source=bl&amp;utm_medium=organic&amp;utm_campaign=cd&amp;utm_content=oferta_online\" target=\"_blank\" rel=\"noreferrer noopener\"><mark style=\"background-color:rgba(0, 0, 0, 0);color:#0235cc\" class=\"has-inline-color\">preparar a los educadores<\/mark><\/a> para que sean capaces de ense\u00f1ar a una poblaci\u00f3n estudiantil diversa, que puede incluir:<\/p>\n\n\n\n<ul class=\"wp-block-list\">\n<li>Estudiantes con discapacidades &nbsp;<\/li>\n\n\n\n<li>Alumnos con necesidades educativas especiales<\/li>\n\n\n\n<li>Aspirantes educativos provenientes de contextos culturales y socioecon\u00f3micos diferentes<\/li>\n<\/ul>\n\n\n\n<p class=\"has-background\" style=\"background-color:#e3fae8\">Este tipo de formaci\u00f3n abarca un conjunto de estrategias pedag\u00f3gicas, conocimientos sobre legislaci\u00f3n y derechos de los estudiantes que buscan promover el desarrollo de entornos de aprendizaje inclusivos.<\/p>\n\n\n\n<p>En este art\u00edculo te mencionaremos varios beneficios que este enfoque educativo ofrece al implementarse.<\/p>\n\n\n\n<h3 class=\"wp-block-heading\"><strong>1. Promoci\u00f3n de la equidad y la igualdad<\/strong><strong><\/strong><\/h3>\n\n\n\n<p>Los docentes capacitados en inclusi\u00f3n son m\u00e1s capaces de <strong>identificar y eliminar<\/strong> barreras que puedan impedir el aprendizaje de algunos estudiantes.<\/p>\n\n\n\n<p>Esto asegura que todos los estudiantes, independientemente de sus habilidades o antecedentes, tengan las mismas oportunidades de \u00e9xito educativo.<\/p>\n\n\n\n<p class=\"has-background\" style=\"background-color:#e3fae8\"><strong>El conocimiento debe ser accesible para todas las personas.<\/strong><\/p>\n\n\n\n<h3 class=\"wp-block-heading\"><strong>2. Mejora del rendimiento acad\u00e9mico<\/strong><\/h3>\n\n\n\n<p>La inclusi\u00f3n no solo beneficia a los estudiantes con necesidades especiales, tambi\u00e9n contribuye en la mejora del rendimiento acad\u00e9mico de toda la clase.<\/p>\n\n\n\n<p>Los entornos inclusivos fomentan un <strong>mayor sentido de comunidad y colaboraci\u00f3n entre los estudiantes<\/strong>, lo que puede traducirse en un mejor rendimiento acad\u00e9mico y una actitud m\u00e1s positiva hacia el aprendizaje.<\/p>\n\n\n\n<figure class=\"wp-block-image size-full\"><img decoding=\"async\" width=\"950\" height=\"450\" src=\"https:\/\/uic.mx\/educacionenlinea\/wp-content\/uploads\/Blog01-15MAY24.jpg\" alt=\"La inclusi\u00f3n educativa puede mejorar el rendimiento acad\u00e9mico de todos los estudiantes en una misma aula. \" class=\"wp-image-85117\" srcset=\"https:\/\/www.uic.mx\/educacionenlinea\/wp-content\/uploads\/Blog01-15MAY24.jpg 950w, https:\/\/www.uic.mx\/educacionenlinea\/wp-content\/uploads\/Blog01-15MAY24-300x142.jpg 300w, https:\/\/www.uic.mx\/educacionenlinea\/wp-content\/uploads\/Blog01-15MAY24-768x364.jpg 768w\" sizes=\"(max-width: 950px) 100vw, 950px\" \/><\/figure>\n\n\n\n<h3 class=\"wp-block-heading\"><strong>3. Desarrollo profesional continuo<\/strong><\/h3>\n\n\n\n<p>Para los profesionales en <strong>formaci\u00f3n docente especializados en inclusi\u00f3n<\/strong>, el desarrollo profesional es mucho m\u00e1s atractivo y constante gracias a la exigencia constante de innovaci\u00f3n en esta \u00e1rea.<\/p>\n\n\n\n<p class=\"has-background\" style=\"background-color:#e3fae8\">La necesidad de estar en <a href=\"https:\/\/educacionenlinea.uic.mx\/postdoctorados-a-distancia\/programas\/postdoctorado-en-innovacion-educativa.html?utm_source=bl&amp;utm_medium=organic&amp;utm_campaign=cd&amp;utm_content=oferta_online\" target=\"_blank\" rel=\"noreferrer noopener\"><mark style=\"background-color:rgba(0, 0, 0, 0);color:#0235cc\" class=\"has-inline-color\">constante actualizaci\u00f3n<\/mark><\/a> ser\u00e1 crucial para que los docentes puedan adaptarse a los cambios y desaf\u00edos que surjan en el \u00e1mbito educativo.<\/p>\n\n\n\n<h3 class=\"wp-block-heading\"><strong>4. Preparaci\u00f3n para diversas situaciones en el aula<\/strong><\/h3>\n\n\n\n<p>La <strong>formaci\u00f3n inclusiva<\/strong> prepara a los docentes para manejar escenarios cambiantes que se pueden presentar en cualquier momento y a trav\u00e9s de la aplicaci\u00f3n de t\u00e9cnicas y estrategias de ense\u00f1anza inclusivas ser\u00e1n capaces de afrontar estas situaciones de la mejor manera.<\/p>\n\n\n\n<h2 class=\"wp-block-heading\"><strong>Elementos clave para una formaci\u00f3n docente inclusiva<\/strong><\/h2>\n\n\n\n<figure class=\"wp-block-image size-large\"><a href=\"https:\/\/educacionenlinea.uic.mx\/eventos\/webinar-formacion-docente-para-promover-inclusion.html?utm_source=bl&amp;utm_medium=organic&amp;utm_campaign=cd&amp;utm_content=oferta_online\" target=\"_blank\" rel=\"noopener\"><img decoding=\"async\" width=\"1024\" height=\"530\" src=\"https:\/\/educacionenlinea.uic.mx\/blog\/wp-content\/uploads\/2024\/05\/Webinar-Formacion-docente-para-promover-la-inclusion_Landscape-1024x530.jpg\" alt=\"Formaci\u00f3n docente con enfoque en la inclusi\u00f3n\" class=\"wp-image-85111\" srcset=\"https:\/\/www.uic.mx\/educacionenlinea\/wp-content\/uploads\/Webinar-Formacion-docente-para-promover-la-inclusion_Landscape-1024x530.jpg 1024w, https:\/\/www.uic.mx\/educacionenlinea\/wp-content\/uploads\/Webinar-Formacion-docente-para-promover-la-inclusion_Landscape-300x155.jpg 300w, https:\/\/www.uic.mx\/educacionenlinea\/wp-content\/uploads\/Webinar-Formacion-docente-para-promover-la-inclusion_Landscape-768x398.jpg 768w, https:\/\/www.uic.mx\/educacionenlinea\/wp-content\/uploads\/Webinar-Formacion-docente-para-promover-la-inclusion_Landscape.jpg 1081w\" sizes=\"(max-width: 1024px) 100vw, 1024px\" \/><\/a><\/figure>\n\n\n\n<p>Para que los futuros docentes realmente entiendan e implementen la <strong>inclusividad en sus planes educativos<\/strong> dentro del aula, se proponen una serie de conceptos y requisitos base para hacer realidad esta meta:<\/p>\n\n\n\n<ul class=\"wp-block-list\">\n<li>Aprender a dise\u00f1ar y aplicar estrategias de <strong>diferenciaci\u00f3n instruccional<\/strong><\/li>\n\n\n\n<li>Hacer uso de <strong>herramientas tecnol\u00f3gicas<\/strong> que faciliten el aprendizaje<\/li>\n\n\n\n<li>Crear entornos de <strong>aprendizaje positivos<\/strong> y respetuosos<\/li>\n\n\n\n<li>Colaborar en <strong>sinergia con el entorno familiar y otros profesionales<\/strong> (terapeutas, trabajadores sociales o consejeros) para crear un bloque s\u00f3lido que contribuya al \u00e9xito de la inclusi\u00f3n<\/li>\n<\/ul>\n\n\n\n<p class=\"has-background\" style=\"background-color:#e3fae8\">Para profundizar en estos conceptos, te invitamos a nuestro <strong>webinario online gratuito<\/strong> que se llevar\u00e1 acabo el <strong>pr\u00f3ximo 23 de mayo a las 19:00h<\/strong>, que hablar\u00e1 sobre la <strong><em>Formaci\u00f3n docente para promover la inclusi\u00f3n<\/em><\/strong> impartido por la Dra. M\u00f3nica Parra, con m\u00e1s de 18 a\u00f1os de experiencia en docencia, educaci\u00f3n especial y direcci\u00f3n de innovaci\u00f3n educativa.<\/p>\n\n\n\n<p class=\"has-background\" style=\"background-color:#ff6a002e\">Garantiza tu acceso <strong><a href=\"https:\/\/educacionenlinea.uic.mx\/eventos\/webinar-formacion-docente-para-promover-inclusion.html?utm_source=bl&amp;utm_medium=organic&amp;utm_campaign=cd&amp;utm_content=oferta_online\" target=\"_blank\" rel=\"noreferrer noopener\"><mark style=\"background-color:rgba(0, 0, 0, 0);color:#0235cc\" class=\"has-inline-color\">registr\u00e1ndote aqu\u00ed<\/mark><\/a><\/strong>.<\/p>\n\n\n\n<p>Al finalizar el evento obtendr\u00e1s un <strong>certificado de participaci\u00f3n<\/strong> con valor curricular.<\/p>\n","protected":false},"excerpt":{"rendered":"<p>En el din\u00e1mico mundo de la formaci\u00f3n docente, la inclusi\u00f3n educativa se ha convertido en un pilar fundamental para garantizar el derecho a la educaci\u00f3n de calidad para todos los estudiantes. La formaci\u00f3n docente en M\u00e9xico y Latinoam\u00e9rica requiere urgentemente el enfoque en la inclusi\u00f3n educativa, para asegurar que ning\u00fan estudiante se quede atr\u00e1s y [&hellip;]<\/p>\n","protected":false},"author":1,"featured_media":85115,"comment_status":"open","ping_status":"open","sticky":false,"template":"","format":"standard","meta":{"_acf_changed":false,"footnotes":""},"categories":[16],"tags":[66,208,244,320,510,513,521],"class_list":["post-85107","post","type-post","status-publish","format-standard","has-post-thumbnail","hentry","category-posgrados","tag-aulas-inclusivas","tag-discapacidad","tag-educacion-inclusiva","tag-formacion-docente","tag-posgrado-a-distancia","tag-posgrado-en-inclusion-educativa","tag-posgrados-uic"],"acf":[],"yoast_head":"<!-- This site is optimized with the Yoast SEO plugin v27.4 - https:\/\/yoast.com\/product\/yoast-seo-wordpress\/ -->\n<title>La importancia de la formaci\u00f3n docente con enfoque en la inclusi\u00f3n - Educaci\u00f3n en l\u00ednea UIC<\/title>\n<meta name=\"description\" content=\"La formaci\u00f3n docente en M\u00e9xico y LATAM exige pensarse tambi\u00e9n en la necesidad de la inclusi\u00f3n que estudiantes con diferentes necesidades...\" \/>\n<meta name=\"robots\" content=\"index, follow, max-snippet:-1, max-image-preview:large, max-video-preview:-1\" \/>\n<link rel=\"canonical\" href=\"https:\/\/www.uic.mx\/educacionenlinea\/importancia-formacion-docente-enfoque-inclusion\/\" \/>\n<meta property=\"og:locale\" content=\"es_MX\" \/>\n<meta property=\"og:type\" content=\"article\" \/>\n<meta property=\"og:title\" content=\"La importancia de la formaci\u00f3n docente con enfoque en la inclusi\u00f3n - Educaci\u00f3n en l\u00ednea UIC\" \/>\n<meta property=\"og:description\" content=\"La formaci\u00f3n docente en M\u00e9xico y LATAM exige pensarse tambi\u00e9n en la necesidad de la inclusi\u00f3n que estudiantes con diferentes necesidades...\" \/>\n<meta property=\"og:url\" content=\"https:\/\/www.uic.mx\/educacionenlinea\/importancia-formacion-docente-enfoque-inclusion\/\" \/>\n<meta property=\"og:site_name\" content=\"Educaci\u00f3n en l\u00ednea UIC\" \/>\n<meta property=\"article:published_time\" content=\"2024-05-15T23:51:58+00:00\" \/>\n<meta property=\"og:image\" content=\"https:\/\/www.uic.mx\/educacionenlinea\/wp-content\/uploads\/Portada-15MAY24.jpg\" \/>\n\t<meta property=\"og:image:width\" content=\"2560\" \/>\n\t<meta property=\"og:image:height\" content=\"960\" \/>\n\t<meta property=\"og:image:type\" content=\"image\/jpeg\" \/>\n<meta name=\"author\" content=\"alainreyes\" \/>\n<meta name=\"twitter:card\" content=\"summary_large_image\" \/>\n<meta name=\"twitter:label1\" content=\"Escrito por\" \/>\n\t<meta name=\"twitter:data1\" content=\"alainreyes\" \/>\n\t<meta name=\"twitter:label2\" content=\"Tiempo de lectura\" \/>\n\t<meta name=\"twitter:data2\" content=\"4 minutos\" \/>\n<script type=\"application\/ld+json\" class=\"yoast-schema-graph\">{\"@context\":\"https:\\\/\\\/schema.org\",\"@graph\":[{\"@type\":\"Article\",\"@id\":\"https:\\\/\\\/www.uic.mx\\\/educacionenlinea\\\/importancia-formacion-docente-enfoque-inclusion\\\/#article\",\"isPartOf\":{\"@id\":\"https:\\\/\\\/www.uic.mx\\\/educacionenlinea\\\/importancia-formacion-docente-enfoque-inclusion\\\/\"},\"author\":{\"name\":\"alainreyes\",\"@id\":\"https:\\\/\\\/www.uic.mx\\\/educacionenlinea\\\/#\\\/schema\\\/person\\\/1f0e384733c03d4b0890f4135f30d062\"},\"headline\":\"La importancia de la formaci\u00f3n docente con enfoque en la inclusi\u00f3n\",\"datePublished\":\"2024-05-15T23:51:58+00:00\",\"mainEntityOfPage\":{\"@id\":\"https:\\\/\\\/www.uic.mx\\\/educacionenlinea\\\/importancia-formacion-docente-enfoque-inclusion\\\/\"},\"wordCount\":632,\"commentCount\":0,\"publisher\":{\"@id\":\"https:\\\/\\\/www.uic.mx\\\/educacionenlinea\\\/#organization\"},\"image\":{\"@id\":\"https:\\\/\\\/www.uic.mx\\\/educacionenlinea\\\/importancia-formacion-docente-enfoque-inclusion\\\/#primaryimage\"},\"thumbnailUrl\":\"https:\\\/\\\/www.uic.mx\\\/educacionenlinea\\\/wp-content\\\/uploads\\\/Portada-15MAY24.jpg\",\"keywords\":[\"Aulas inclusivas\",\"Discapacidad\",\"Educaci\u00f3n inclusiva\",\"Formaci\u00f3n docente\",\"Posgrado a distancia\",\"Posgrado en inclusi\u00f3n educativa\",\"Posgrados UIC\"],\"articleSection\":[\"Posgrados\"],\"inLanguage\":\"es\",\"potentialAction\":[{\"@type\":\"CommentAction\",\"name\":\"Comment\",\"target\":[\"https:\\\/\\\/www.uic.mx\\\/educacionenlinea\\\/importancia-formacion-docente-enfoque-inclusion\\\/#respond\"]}]},{\"@type\":\"WebPage\",\"@id\":\"https:\\\/\\\/www.uic.mx\\\/educacionenlinea\\\/importancia-formacion-docente-enfoque-inclusion\\\/\",\"url\":\"https:\\\/\\\/www.uic.mx\\\/educacionenlinea\\\/importancia-formacion-docente-enfoque-inclusion\\\/\",\"name\":\"La importancia de la formaci\u00f3n docente con enfoque en la inclusi\u00f3n - Educaci\u00f3n en l\u00ednea UIC\",\"isPartOf\":{\"@id\":\"https:\\\/\\\/www.uic.mx\\\/educacionenlinea\\\/#website\"},\"primaryImageOfPage\":{\"@id\":\"https:\\\/\\\/www.uic.mx\\\/educacionenlinea\\\/importancia-formacion-docente-enfoque-inclusion\\\/#primaryimage\"},\"image\":{\"@id\":\"https:\\\/\\\/www.uic.mx\\\/educacionenlinea\\\/importancia-formacion-docente-enfoque-inclusion\\\/#primaryimage\"},\"thumbnailUrl\":\"https:\\\/\\\/www.uic.mx\\\/educacionenlinea\\\/wp-content\\\/uploads\\\/Portada-15MAY24.jpg\",\"datePublished\":\"2024-05-15T23:51:58+00:00\",\"description\":\"La formaci\u00f3n docente en M\u00e9xico y LATAM exige pensarse tambi\u00e9n en la necesidad de la inclusi\u00f3n que estudiantes con diferentes necesidades...\",\"breadcrumb\":{\"@id\":\"https:\\\/\\\/www.uic.mx\\\/educacionenlinea\\\/importancia-formacion-docente-enfoque-inclusion\\\/#breadcrumb\"},\"inLanguage\":\"es\",\"potentialAction\":[{\"@type\":\"ReadAction\",\"target\":[\"https:\\\/\\\/www.uic.mx\\\/educacionenlinea\\\/importancia-formacion-docente-enfoque-inclusion\\\/\"]}]},{\"@type\":\"ImageObject\",\"inLanguage\":\"es\",\"@id\":\"https:\\\/\\\/www.uic.mx\\\/educacionenlinea\\\/importancia-formacion-docente-enfoque-inclusion\\\/#primaryimage\",\"url\":\"https:\\\/\\\/www.uic.mx\\\/educacionenlinea\\\/wp-content\\\/uploads\\\/Portada-15MAY24.jpg\",\"contentUrl\":\"https:\\\/\\\/www.uic.mx\\\/educacionenlinea\\\/wp-content\\\/uploads\\\/Portada-15MAY24.jpg\",\"width\":2560,\"height\":960,\"caption\":\"Formaci\u00f3n docente con enfoque en inclusi\u00f3n\"},{\"@type\":\"BreadcrumbList\",\"@id\":\"https:\\\/\\\/www.uic.mx\\\/educacionenlinea\\\/importancia-formacion-docente-enfoque-inclusion\\\/#breadcrumb\",\"itemListElement\":[{\"@type\":\"ListItem\",\"position\":1,\"name\":\"Inicio\",\"item\":\"https:\\\/\\\/www.uic.mx\\\/educacionenlinea\\\/\"},{\"@type\":\"ListItem\",\"position\":2,\"name\":\"La importancia de la formaci\u00f3n docente con enfoque en la inclusi\u00f3n\"}]},{\"@type\":\"WebSite\",\"@id\":\"https:\\\/\\\/www.uic.mx\\\/educacionenlinea\\\/#website\",\"url\":\"https:\\\/\\\/www.uic.mx\\\/educacionenlinea\\\/\",\"name\":\"Educaci\u00f3n en l\u00ednea UIC\",\"description\":\"\",\"publisher\":{\"@id\":\"https:\\\/\\\/www.uic.mx\\\/educacionenlinea\\\/#organization\"},\"potentialAction\":[{\"@type\":\"SearchAction\",\"target\":{\"@type\":\"EntryPoint\",\"urlTemplate\":\"https:\\\/\\\/www.uic.mx\\\/educacionenlinea\\\/?s={search_term_string}\"},\"query-input\":{\"@type\":\"PropertyValueSpecification\",\"valueRequired\":true,\"valueName\":\"search_term_string\"}}],\"inLanguage\":\"es\"},{\"@type\":\"Organization\",\"@id\":\"https:\\\/\\\/www.uic.mx\\\/educacionenlinea\\\/#organization\",\"name\":\"Educaci\u00f3n en l\u00ednea UIC\",\"url\":\"https:\\\/\\\/www.uic.mx\\\/educacionenlinea\\\/\",\"logo\":{\"@type\":\"ImageObject\",\"inLanguage\":\"es\",\"@id\":\"https:\\\/\\\/www.uic.mx\\\/educacionenlinea\\\/#\\\/schema\\\/logo\\\/image\\\/\",\"url\":\"https:\\\/\\\/www.uic.mx\\\/educacionenlinea\\\/wp-content\\\/uploads\\\/Logo-50-Universidad-Intercontinental-horizontal-blanco-scaled.png\",\"contentUrl\":\"https:\\\/\\\/www.uic.mx\\\/educacionenlinea\\\/wp-content\\\/uploads\\\/Logo-50-Universidad-Intercontinental-horizontal-blanco-scaled.png\",\"width\":2560,\"height\":643,\"caption\":\"Educaci\u00f3n en l\u00ednea UIC\"},\"image\":{\"@id\":\"https:\\\/\\\/www.uic.mx\\\/educacionenlinea\\\/#\\\/schema\\\/logo\\\/image\\\/\"}},{\"@type\":\"Person\",\"@id\":\"https:\\\/\\\/www.uic.mx\\\/educacionenlinea\\\/#\\\/schema\\\/person\\\/1f0e384733c03d4b0890f4135f30d062\",\"name\":\"alainreyes\",\"image\":{\"@type\":\"ImageObject\",\"inLanguage\":\"es\",\"@id\":\"https:\\\/\\\/secure.gravatar.com\\\/avatar\\\/c7afdffc774b3cd354dbfd91d28ca490b295f96b08a6ba0074d98ce87d2ca49b?s=96&d=mm&r=g\",\"url\":\"https:\\\/\\\/secure.gravatar.com\\\/avatar\\\/c7afdffc774b3cd354dbfd91d28ca490b295f96b08a6ba0074d98ce87d2ca49b?s=96&d=mm&r=g\",\"contentUrl\":\"https:\\\/\\\/secure.gravatar.com\\\/avatar\\\/c7afdffc774b3cd354dbfd91d28ca490b295f96b08a6ba0074d98ce87d2ca49b?s=96&d=mm&r=g\",\"caption\":\"alainreyes\"},\"sameAs\":[\"https:\\\/\\\/uic.mx\\\/educacionenlinea\"],\"url\":\"https:\\\/\\\/www.uic.mx\\\/educacionenlinea\\\/author\\\/alainreyes\\\/\"}]}<\/script>\n<!-- \/ Yoast SEO plugin. -->","yoast_head_json":{"title":"La importancia de la formaci\u00f3n docente con enfoque en la inclusi\u00f3n - Educaci\u00f3n en l\u00ednea UIC","description":"La formaci\u00f3n docente en M\u00e9xico y LATAM exige pensarse tambi\u00e9n en la necesidad de la inclusi\u00f3n que estudiantes con diferentes necesidades...","robots":{"index":"index","follow":"follow","max-snippet":"max-snippet:-1","max-image-preview":"max-image-preview:large","max-video-preview":"max-video-preview:-1"},"canonical":"https:\/\/www.uic.mx\/educacionenlinea\/importancia-formacion-docente-enfoque-inclusion\/","og_locale":"es_MX","og_type":"article","og_title":"La importancia de la formaci\u00f3n docente con enfoque en la inclusi\u00f3n - Educaci\u00f3n en l\u00ednea UIC","og_description":"La formaci\u00f3n docente en M\u00e9xico y LATAM exige pensarse tambi\u00e9n en la necesidad de la inclusi\u00f3n que estudiantes con diferentes necesidades...","og_url":"https:\/\/www.uic.mx\/educacionenlinea\/importancia-formacion-docente-enfoque-inclusion\/","og_site_name":"Educaci\u00f3n en l\u00ednea UIC","article_published_time":"2024-05-15T23:51:58+00:00","og_image":[{"width":2560,"height":960,"url":"https:\/\/www.uic.mx\/educacionenlinea\/wp-content\/uploads\/Portada-15MAY24.jpg","type":"image\/jpeg"}],"author":"alainreyes","twitter_card":"summary_large_image","twitter_misc":{"Escrito por":"alainreyes","Tiempo de lectura":"4 minutos"},"schema":{"@context":"https:\/\/schema.org","@graph":[{"@type":"Article","@id":"https:\/\/www.uic.mx\/educacionenlinea\/importancia-formacion-docente-enfoque-inclusion\/#article","isPartOf":{"@id":"https:\/\/www.uic.mx\/educacionenlinea\/importancia-formacion-docente-enfoque-inclusion\/"},"author":{"name":"alainreyes","@id":"https:\/\/www.uic.mx\/educacionenlinea\/#\/schema\/person\/1f0e384733c03d4b0890f4135f30d062"},"headline":"La importancia de la formaci\u00f3n docente con enfoque en la inclusi\u00f3n","datePublished":"2024-05-15T23:51:58+00:00","mainEntityOfPage":{"@id":"https:\/\/www.uic.mx\/educacionenlinea\/importancia-formacion-docente-enfoque-inclusion\/"},"wordCount":632,"commentCount":0,"publisher":{"@id":"https:\/\/www.uic.mx\/educacionenlinea\/#organization"},"image":{"@id":"https:\/\/www.uic.mx\/educacionenlinea\/importancia-formacion-docente-enfoque-inclusion\/#primaryimage"},"thumbnailUrl":"https:\/\/www.uic.mx\/educacionenlinea\/wp-content\/uploads\/Portada-15MAY24.jpg","keywords":["Aulas inclusivas","Discapacidad","Educaci\u00f3n inclusiva","Formaci\u00f3n docente","Posgrado a distancia","Posgrado en inclusi\u00f3n educativa","Posgrados UIC"],"articleSection":["Posgrados"],"inLanguage":"es","potentialAction":[{"@type":"CommentAction","name":"Comment","target":["https:\/\/www.uic.mx\/educacionenlinea\/importancia-formacion-docente-enfoque-inclusion\/#respond"]}]},{"@type":"WebPage","@id":"https:\/\/www.uic.mx\/educacionenlinea\/importancia-formacion-docente-enfoque-inclusion\/","url":"https:\/\/www.uic.mx\/educacionenlinea\/importancia-formacion-docente-enfoque-inclusion\/","name":"La importancia de la formaci\u00f3n docente con enfoque en la inclusi\u00f3n - Educaci\u00f3n en l\u00ednea UIC","isPartOf":{"@id":"https:\/\/www.uic.mx\/educacionenlinea\/#website"},"primaryImageOfPage":{"@id":"https:\/\/www.uic.mx\/educacionenlinea\/importancia-formacion-docente-enfoque-inclusion\/#primaryimage"},"image":{"@id":"https:\/\/www.uic.mx\/educacionenlinea\/importancia-formacion-docente-enfoque-inclusion\/#primaryimage"},"thumbnailUrl":"https:\/\/www.uic.mx\/educacionenlinea\/wp-content\/uploads\/Portada-15MAY24.jpg","datePublished":"2024-05-15T23:51:58+00:00","description":"La formaci\u00f3n docente en M\u00e9xico y LATAM exige pensarse tambi\u00e9n en la necesidad de la inclusi\u00f3n que estudiantes con diferentes necesidades...","breadcrumb":{"@id":"https:\/\/www.uic.mx\/educacionenlinea\/importancia-formacion-docente-enfoque-inclusion\/#breadcrumb"},"inLanguage":"es","potentialAction":[{"@type":"ReadAction","target":["https:\/\/www.uic.mx\/educacionenlinea\/importancia-formacion-docente-enfoque-inclusion\/"]}]},{"@type":"ImageObject","inLanguage":"es","@id":"https:\/\/www.uic.mx\/educacionenlinea\/importancia-formacion-docente-enfoque-inclusion\/#primaryimage","url":"https:\/\/www.uic.mx\/educacionenlinea\/wp-content\/uploads\/Portada-15MAY24.jpg","contentUrl":"https:\/\/www.uic.mx\/educacionenlinea\/wp-content\/uploads\/Portada-15MAY24.jpg","width":2560,"height":960,"caption":"Formaci\u00f3n docente con enfoque en inclusi\u00f3n"},{"@type":"BreadcrumbList","@id":"https:\/\/www.uic.mx\/educacionenlinea\/importancia-formacion-docente-enfoque-inclusion\/#breadcrumb","itemListElement":[{"@type":"ListItem","position":1,"name":"Inicio","item":"https:\/\/www.uic.mx\/educacionenlinea\/"},{"@type":"ListItem","position":2,"name":"La importancia de la formaci\u00f3n docente con enfoque en la inclusi\u00f3n"}]},{"@type":"WebSite","@id":"https:\/\/www.uic.mx\/educacionenlinea\/#website","url":"https:\/\/www.uic.mx\/educacionenlinea\/","name":"Educaci\u00f3n en l\u00ednea UIC","description":"","publisher":{"@id":"https:\/\/www.uic.mx\/educacionenlinea\/#organization"},"potentialAction":[{"@type":"SearchAction","target":{"@type":"EntryPoint","urlTemplate":"https:\/\/www.uic.mx\/educacionenlinea\/?s={search_term_string}"},"query-input":{"@type":"PropertyValueSpecification","valueRequired":true,"valueName":"search_term_string"}}],"inLanguage":"es"},{"@type":"Organization","@id":"https:\/\/www.uic.mx\/educacionenlinea\/#organization","name":"Educaci\u00f3n en l\u00ednea UIC","url":"https:\/\/www.uic.mx\/educacionenlinea\/","logo":{"@type":"ImageObject","inLanguage":"es","@id":"https:\/\/www.uic.mx\/educacionenlinea\/#\/schema\/logo\/image\/","url":"https:\/\/www.uic.mx\/educacionenlinea\/wp-content\/uploads\/Logo-50-Universidad-Intercontinental-horizontal-blanco-scaled.png","contentUrl":"https:\/\/www.uic.mx\/educacionenlinea\/wp-content\/uploads\/Logo-50-Universidad-Intercontinental-horizontal-blanco-scaled.png","width":2560,"height":643,"caption":"Educaci\u00f3n en l\u00ednea UIC"},"image":{"@id":"https:\/\/www.uic.mx\/educacionenlinea\/#\/schema\/logo\/image\/"}},{"@type":"Person","@id":"https:\/\/www.uic.mx\/educacionenlinea\/#\/schema\/person\/1f0e384733c03d4b0890f4135f30d062","name":"alainreyes","image":{"@type":"ImageObject","inLanguage":"es","@id":"https:\/\/secure.gravatar.com\/avatar\/c7afdffc774b3cd354dbfd91d28ca490b295f96b08a6ba0074d98ce87d2ca49b?s=96&d=mm&r=g","url":"https:\/\/secure.gravatar.com\/avatar\/c7afdffc774b3cd354dbfd91d28ca490b295f96b08a6ba0074d98ce87d2ca49b?s=96&d=mm&r=g","contentUrl":"https:\/\/secure.gravatar.com\/avatar\/c7afdffc774b3cd354dbfd91d28ca490b295f96b08a6ba0074d98ce87d2ca49b?s=96&d=mm&r=g","caption":"alainreyes"},"sameAs":["https:\/\/uic.mx\/educacionenlinea"],"url":"https:\/\/www.uic.mx\/educacionenlinea\/author\/alainreyes\/"}]}},"_links":{"self":[{"href":"https:\/\/www.uic.mx\/educacionenlinea\/wp-json\/wp\/v2\/posts\/85107","targetHints":{"allow":["GET"]}}],"collection":[{"href":"https:\/\/www.uic.mx\/educacionenlinea\/wp-json\/wp\/v2\/posts"}],"about":[{"href":"https:\/\/www.uic.mx\/educacionenlinea\/wp-json\/wp\/v2\/types\/post"}],"author":[{"embeddable":true,"href":"https:\/\/www.uic.mx\/educacionenlinea\/wp-json\/wp\/v2\/users\/1"}],"replies":[{"embeddable":true,"href":"https:\/\/www.uic.mx\/educacionenlinea\/wp-json\/wp\/v2\/comments?post=85107"}],"version-history":[{"count":0,"href":"https:\/\/www.uic.mx\/educacionenlinea\/wp-json\/wp\/v2\/posts\/85107\/revisions"}],"wp:featuredmedia":[{"embeddable":true,"href":"https:\/\/www.uic.mx\/educacionenlinea\/wp-json\/wp\/v2\/media\/85115"}],"wp:attachment":[{"href":"https:\/\/www.uic.mx\/educacionenlinea\/wp-json\/wp\/v2\/media?parent=85107"}],"wp:term":[{"taxonomy":"category","embeddable":true,"href":"https:\/\/www.uic.mx\/educacionenlinea\/wp-json\/wp\/v2\/categories?post=85107"},{"taxonomy":"post_tag","embeddable":true,"href":"https:\/\/www.uic.mx\/educacionenlinea\/wp-json\/wp\/v2\/tags?post=85107"}],"curies":[{"name":"wp","href":"https:\/\/api.w.org\/{rel}","templated":true}]}}