{"id":87018,"date":"2025-06-23T12:49:00","date_gmt":"2025-06-23T18:49:00","guid":{"rendered":"https:\/\/www.uic.mx\/educacionenlinea\/?p=87018"},"modified":"2025-10-29T12:38:43","modified_gmt":"2025-10-29T18:38:43","slug":"atencion-docentes-la-inclusion-educativa-ya-esta-en-tu-aula","status":"publish","type":"post","link":"https:\/\/www.uic.mx\/educacionenlinea\/atencion-docentes-la-inclusion-educativa-ya-esta-en-tu-aula\/","title":{"rendered":"Atenci\u00f3n docentes: \u00bfla inclusi\u00f3n educativa ya est\u00e1 en tu aula?"},"content":{"rendered":"\n<p>La escuela de hoy no puede darse el lujo de dejar a nadie fuera. Transformar el aula para que todos aprendan y participen \u2013sin importar sus necesidades, ritmos o estilos\u2013 es un <a href=\"https:\/\/educacionenlinea.uic.mx\/posgrados-en-linea\/programas\/maestria-en-intervencion-educativa.html?utm_source=social&amp;utm_medium=organic&amp;utm_campaign=cd&amp;utm_content=oferta_online\" target=\"_blank\" rel=\"noreferrer noopener\"><mark style=\"background-color:rgba(0, 0, 0, 0);color:#1904e7\" class=\"has-inline-color\">acto pedag\u00f3gico<\/mark><\/a> y tambi\u00e9n un reto de justicia social que no es nada f\u00e1cil de llevar a cabo. <strong>La inclusi\u00f3n educativa<\/strong> no es una moda; es la manera m\u00e1s efectiva de garantizar que cada estudiante desarrolle su m\u00e1ximo potencial mientras la comunidad escolar <strong>crece en empat\u00eda<\/strong> y <strong>creatividad<\/strong>.<\/p>\n\n\n\n<p>En M\u00e9xico y en muchos pa\u00edses de Am\u00e9rica Latina, la idea de educar con base en la diversidad ha cobrado fuerza en los \u00faltimos a\u00f1os. Pero todav\u00eda persisten dudas entre docentes: \u00bfc\u00f3mo atender a todos sin descuidar el plan de estudios?, \u00bfc\u00f3mo adaptar sin improvisar?, \u00bfqu\u00e9 hacer si no cuento con recursos o formaci\u00f3n espec\u00edfica?<\/p>\n\n\n\n<p>La buena noticia es que la <strong>inclusi\u00f3n educativa<\/strong> no exige saberlo todo desde el principio. Se trata de un proceso que comienza con la voluntad de mirar a cada estudiante como alguien capaz, y no como alguien <strong>\u201cdif\u00edcil\u201d.<\/strong><\/p>\n\n\n\n<h2 class=\"wp-block-heading\">\u00bfPor qu\u00e9 apostar por la <strong>inclusi\u00f3n educativa<\/strong>?<\/h2>\n\n\n\n<figure class=\"wp-block-image size-full\"><img decoding=\"async\" src=\"https:\/\/educacionenlinea.uic.mx\/blog\/wp-content\/uploads\/2025\/06\/Blog01-23JUN25.jpg\" alt=\"Mejora del ambiente escolar. Al reducir la discriminaci\u00f3n y el bullying, las aulas se vuelven espacios m\u00e1s seguros y colaborativos.\" class=\"wp-image-85965\"\/><\/figure>\n\n\n\n<ul class=\"wp-block-list\">\n<li><strong>Diversidad como motor de innovaci\u00f3n.<\/strong> Cuando cada voz cuenta, las soluciones a los problemas cotidianos se multiplican.<\/li>\n\n\n\n<li><strong>Mejora del ambiente escolar.<\/strong> Al reducir la discriminaci\u00f3n y el <em>bullying<\/em>, las aulas se vuelven espacios m\u00e1s seguros y colaborativos.<\/li>\n\n\n\n<li><strong>Formaci\u00f3n integral.<\/strong> El alumnado aprende contenidos acad\u00e9micos y competencias socio-emocionales que le ayudan a entender y aprender a convivir con realidades distintas.<\/li>\n<\/ul>\n\n\n\n<p>Adem\u00e1s, diversos estudios han demostrado que los entornos inclusivos benefician a todos, no solo a quienes tienen una discapacidad o necesidad espec\u00edfica. Adaptar m\u00e9todos, diversificar materiales y fomentar la colaboraci\u00f3n en clase genera un impacto positivo en el rendimiento general.<\/p>\n\n\n\n<h2 class=\"wp-block-heading\">Beneficios reales para estudiantes y docentes<\/h2>\n\n\n\n<figure class=\"wp-block-image size-full\"><img decoding=\"async\" src=\"https:\/\/educacionenlinea.uic.mx\/blog\/wp-content\/uploads\/2025\/06\/Blog02-23JUN25.jpg\" alt=\"Motivaci\u00f3n docente: el desaf\u00edo de adaptar estrategias renueva la pasi\u00f3n por la profesi\u00f3n.\" class=\"wp-image-85966\"\/><\/figure>\n\n\n\n<ol class=\"wp-block-list\">\n<li><strong>Mejora el rendimiento acad\u00e9mico:<\/strong> un dise\u00f1o de clases flexible favorece m\u00faltiples formas de aprender y ense\u00f1ar.<\/li>\n\n\n\n<li><strong>Motivaci\u00f3n docente:<\/strong> el desaf\u00edo de adaptar estrategias renueva la <a href=\"https:\/\/www.uic.mx\/eventos-masterclass\/escuela-discapacidad-y-contexto-familiar\/\" target=\"_blank\" rel=\"noreferrer noopener\"><mark style=\"background-color:rgba(0, 0, 0, 0);color:#1904e7\" class=\"has-inline-color\">pasi\u00f3n por la profesi\u00f3n<\/mark><\/a>.<\/li>\n\n\n\n<li><strong>Preparaci\u00f3n para la vida real:<\/strong> la escuela refleja la sociedad y ense\u00f1a a trabajar con la diversidad que encontrar\u00e1n fuera del aula.<\/li>\n<\/ol>\n\n\n\n<p>Cuando <strong>la inclusi\u00f3n educativa<\/strong> se vuelve norma, los logros acad\u00e9micos se acompa\u00f1an de un sentido de pertenencia que eleva la autoestima colectiva.<\/p>\n\n\n\n<h2 class=\"wp-block-heading\">Primeros pasos para poner la teor\u00eda en acci\u00f3n<\/h2>\n\n\n\n<figure class=\"wp-block-image size-full\"><img decoding=\"async\" src=\"https:\/\/educacionenlinea.uic.mx\/blog\/wp-content\/uploads\/2025\/06\/Blog03-23JUN25.jpg\" alt=\"Conoce a tu grupo: aplica diagn\u00f3sticos para identificar estilos de aprendizaje y preferencias de tus alumnos.\" class=\"wp-image-85967\"\/><\/figure>\n\n\n\n<ul class=\"wp-block-list\">\n<li><strong>Conoce a tu grupo:<\/strong> aplica diagn\u00f3sticos para identificar estilos de aprendizaje y preferencias de tus alumnos.<\/li>\n\n\n\n<li><strong>Ajustes razonables:<\/strong> adapta tiempos de evaluaci\u00f3n o formatos de entrega sin perder rigor acad\u00e9mico.<\/li>\n\n\n\n<li><strong>Trabajo colaborativo:<\/strong> crea parejas o equipos mixtos para que el apoyo entre pares sea natural.<\/li>\n\n\n\n<li><strong>Comunicaci\u00f3n abierta con familias:<\/strong> comparte avances y escucha sugerencias; esto es un trabajo colaborativo, todos los esfuerzos ayudan. <\/li>\n<\/ul>\n\n\n\n<p>La <strong>inclusi\u00f3n educativa<\/strong> comienza con preguntas sencillas: \u201c\u00bfQu\u00e9 necesita este estudiante para participar?\u201d y \u201c\u00bfC\u00f3mo puedo flexibilizar mi clase sin recargarme de trabajo?\u201d. <strong>M\u00e1s que una carga<\/strong>, puede ser una oportunidad para redescubrir el prop\u00f3sito de educar.<\/p>\n\n\n\n<h3 class=\"wp-block-heading\">\u00bfQuieres profundizar m\u00e1s?<\/h3>\n\n\n\n<p>Reg\u00edstrate en la <a href=\"https:\/\/www.uic.mx\/eventos-masterclass\/escuela-discapacidad-y-contexto-familiar\/\" target=\"_blank\" rel=\"noreferrer noopener\"><mark style=\"background-color:rgba(0, 0, 0, 0);color:#1904e7\" class=\"has-inline-color\">Master Class Gratuita <strong>\u201cEscuela, discapacidad y contexto familiar\u201d<\/strong><\/mark><\/a> y descubre estrategias pr\u00e1cticas para llevar la <strong>inclusi\u00f3n educativa<\/strong> al siguiente nivel en tu aula. <strong>\u00a1Te esperamos!<\/strong><\/p>\n","protected":false},"excerpt":{"rendered":"<p>La escuela de hoy no puede darse el lujo de dejar a nadie fuera. Transformar el aula para que todos aprendan y participen \u2013sin importar sus necesidades, ritmos o estilos\u2013 es un acto pedag\u00f3gico y tambi\u00e9n un reto de justicia social que no es nada f\u00e1cil de llevar a cabo. La inclusi\u00f3n educativa no es [&hellip;]<\/p>\n","protected":false},"author":1,"featured_media":87020,"comment_status":"open","ping_status":"open","sticky":false,"template":"","format":"standard","meta":{"_acf_changed":false,"footnotes":""},"categories":[16],"tags":[],"class_list":["post-87018","post","type-post","status-publish","format-standard","has-post-thumbnail","hentry","category-posgrados"],"acf":[],"yoast_head":"<!-- This site is optimized with the Yoast SEO plugin v27.4 - https:\/\/yoast.com\/product\/yoast-seo-wordpress\/ -->\n<title>Atenci\u00f3n docentes: \u00bfla inclusi\u00f3n educativa ya est\u00e1 en tu aula? - Educaci\u00f3n en l\u00ednea UIC<\/title>\n<meta name=\"description\" content=\"Conoce por qu\u00e9 la inclusi\u00f3n educativa beneficia a toda la comunidad escolar y descubre estrategias pr\u00e1cticas para aplicarla desde el aula...\" \/>\n<meta name=\"robots\" content=\"index, follow, max-snippet:-1, max-image-preview:large, max-video-preview:-1\" \/>\n<link rel=\"canonical\" href=\"https:\/\/www.uic.mx\/educacionenlinea\/atencion-docentes-la-inclusion-educativa-ya-esta-en-tu-aula\/\" \/>\n<meta property=\"og:locale\" content=\"es_MX\" \/>\n<meta property=\"og:type\" content=\"article\" \/>\n<meta property=\"og:title\" content=\"Atenci\u00f3n docentes: \u00bfla inclusi\u00f3n educativa ya est\u00e1 en tu aula? - Educaci\u00f3n en l\u00ednea UIC\" \/>\n<meta property=\"og:description\" content=\"Conoce por qu\u00e9 la inclusi\u00f3n educativa beneficia a toda la comunidad escolar y descubre estrategias pr\u00e1cticas para aplicarla desde el aula...\" \/>\n<meta property=\"og:url\" content=\"https:\/\/www.uic.mx\/educacionenlinea\/atencion-docentes-la-inclusion-educativa-ya-esta-en-tu-aula\/\" \/>\n<meta property=\"og:site_name\" content=\"Educaci\u00f3n en l\u00ednea UIC\" \/>\n<meta property=\"article:published_time\" content=\"2025-06-23T18:49:00+00:00\" \/>\n<meta property=\"article:modified_time\" content=\"2025-10-29T18:38:43+00:00\" \/>\n<meta property=\"og:image\" content=\"https:\/\/www.uic.mx\/educacionenlinea\/wp-content\/uploads\/Atencion-docentes-la-inclusion-educativa-ya-esta-en-tu-aula.jpg\" \/>\n\t<meta property=\"og:image:width\" content=\"1536\" \/>\n\t<meta property=\"og:image:height\" content=\"576\" \/>\n\t<meta property=\"og:image:type\" content=\"image\/jpeg\" \/>\n<meta name=\"author\" content=\"alainreyes\" \/>\n<meta name=\"twitter:card\" content=\"summary_large_image\" \/>\n<meta name=\"twitter:label1\" content=\"Escrito por\" \/>\n\t<meta name=\"twitter:data1\" content=\"alainreyes\" \/>\n\t<meta name=\"twitter:label2\" content=\"Tiempo de lectura\" \/>\n\t<meta name=\"twitter:data2\" content=\"4 minutos\" \/>\n<script type=\"application\/ld+json\" class=\"yoast-schema-graph\">{\"@context\":\"https:\\\/\\\/schema.org\",\"@graph\":[{\"@type\":\"Article\",\"@id\":\"https:\\\/\\\/www.uic.mx\\\/educacionenlinea\\\/atencion-docentes-la-inclusion-educativa-ya-esta-en-tu-aula\\\/#article\",\"isPartOf\":{\"@id\":\"https:\\\/\\\/www.uic.mx\\\/educacionenlinea\\\/atencion-docentes-la-inclusion-educativa-ya-esta-en-tu-aula\\\/\"},\"author\":{\"name\":\"alainreyes\",\"@id\":\"https:\\\/\\\/www.uic.mx\\\/educacionenlinea\\\/#\\\/schema\\\/person\\\/1f0e384733c03d4b0890f4135f30d062\"},\"headline\":\"Atenci\u00f3n docentes: \u00bfla inclusi\u00f3n educativa ya est\u00e1 en tu aula?\",\"datePublished\":\"2025-06-23T18:49:00+00:00\",\"dateModified\":\"2025-10-29T18:38:43+00:00\",\"mainEntityOfPage\":{\"@id\":\"https:\\\/\\\/www.uic.mx\\\/educacionenlinea\\\/atencion-docentes-la-inclusion-educativa-ya-esta-en-tu-aula\\\/\"},\"wordCount\":565,\"commentCount\":0,\"publisher\":{\"@id\":\"https:\\\/\\\/www.uic.mx\\\/educacionenlinea\\\/#organization\"},\"image\":{\"@id\":\"https:\\\/\\\/www.uic.mx\\\/educacionenlinea\\\/atencion-docentes-la-inclusion-educativa-ya-esta-en-tu-aula\\\/#primaryimage\"},\"thumbnailUrl\":\"https:\\\/\\\/www.uic.mx\\\/educacionenlinea\\\/wp-content\\\/uploads\\\/Atencion-docentes-la-inclusion-educativa-ya-esta-en-tu-aula.jpg\",\"articleSection\":[\"Posgrados\"],\"inLanguage\":\"es\",\"potentialAction\":[{\"@type\":\"CommentAction\",\"name\":\"Comment\",\"target\":[\"https:\\\/\\\/www.uic.mx\\\/educacionenlinea\\\/atencion-docentes-la-inclusion-educativa-ya-esta-en-tu-aula\\\/#respond\"]}]},{\"@type\":\"WebPage\",\"@id\":\"https:\\\/\\\/www.uic.mx\\\/educacionenlinea\\\/atencion-docentes-la-inclusion-educativa-ya-esta-en-tu-aula\\\/\",\"url\":\"https:\\\/\\\/www.uic.mx\\\/educacionenlinea\\\/atencion-docentes-la-inclusion-educativa-ya-esta-en-tu-aula\\\/\",\"name\":\"Atenci\u00f3n docentes: \u00bfla inclusi\u00f3n educativa ya est\u00e1 en tu aula? - Educaci\u00f3n en l\u00ednea UIC\",\"isPartOf\":{\"@id\":\"https:\\\/\\\/www.uic.mx\\\/educacionenlinea\\\/#website\"},\"primaryImageOfPage\":{\"@id\":\"https:\\\/\\\/www.uic.mx\\\/educacionenlinea\\\/atencion-docentes-la-inclusion-educativa-ya-esta-en-tu-aula\\\/#primaryimage\"},\"image\":{\"@id\":\"https:\\\/\\\/www.uic.mx\\\/educacionenlinea\\\/atencion-docentes-la-inclusion-educativa-ya-esta-en-tu-aula\\\/#primaryimage\"},\"thumbnailUrl\":\"https:\\\/\\\/www.uic.mx\\\/educacionenlinea\\\/wp-content\\\/uploads\\\/Atencion-docentes-la-inclusion-educativa-ya-esta-en-tu-aula.jpg\",\"datePublished\":\"2025-06-23T18:49:00+00:00\",\"dateModified\":\"2025-10-29T18:38:43+00:00\",\"description\":\"Conoce por qu\u00e9 la inclusi\u00f3n educativa beneficia a toda la comunidad escolar y descubre estrategias pr\u00e1cticas para aplicarla desde el aula...\",\"breadcrumb\":{\"@id\":\"https:\\\/\\\/www.uic.mx\\\/educacionenlinea\\\/atencion-docentes-la-inclusion-educativa-ya-esta-en-tu-aula\\\/#breadcrumb\"},\"inLanguage\":\"es\",\"potentialAction\":[{\"@type\":\"ReadAction\",\"target\":[\"https:\\\/\\\/www.uic.mx\\\/educacionenlinea\\\/atencion-docentes-la-inclusion-educativa-ya-esta-en-tu-aula\\\/\"]}]},{\"@type\":\"ImageObject\",\"inLanguage\":\"es\",\"@id\":\"https:\\\/\\\/www.uic.mx\\\/educacionenlinea\\\/atencion-docentes-la-inclusion-educativa-ya-esta-en-tu-aula\\\/#primaryimage\",\"url\":\"https:\\\/\\\/www.uic.mx\\\/educacionenlinea\\\/wp-content\\\/uploads\\\/Atencion-docentes-la-inclusion-educativa-ya-esta-en-tu-aula.jpg\",\"contentUrl\":\"https:\\\/\\\/www.uic.mx\\\/educacionenlinea\\\/wp-content\\\/uploads\\\/Atencion-docentes-la-inclusion-educativa-ya-esta-en-tu-aula.jpg\",\"width\":1536,\"height\":576},{\"@type\":\"BreadcrumbList\",\"@id\":\"https:\\\/\\\/www.uic.mx\\\/educacionenlinea\\\/atencion-docentes-la-inclusion-educativa-ya-esta-en-tu-aula\\\/#breadcrumb\",\"itemListElement\":[{\"@type\":\"ListItem\",\"position\":1,\"name\":\"Inicio\",\"item\":\"https:\\\/\\\/www.uic.mx\\\/educacionenlinea\\\/\"},{\"@type\":\"ListItem\",\"position\":2,\"name\":\"Atenci\u00f3n docentes: \u00bfla inclusi\u00f3n educativa ya est\u00e1 en tu aula?\"}]},{\"@type\":\"WebSite\",\"@id\":\"https:\\\/\\\/www.uic.mx\\\/educacionenlinea\\\/#website\",\"url\":\"https:\\\/\\\/www.uic.mx\\\/educacionenlinea\\\/\",\"name\":\"Educaci\u00f3n en l\u00ednea UIC\",\"description\":\"\",\"publisher\":{\"@id\":\"https:\\\/\\\/www.uic.mx\\\/educacionenlinea\\\/#organization\"},\"potentialAction\":[{\"@type\":\"SearchAction\",\"target\":{\"@type\":\"EntryPoint\",\"urlTemplate\":\"https:\\\/\\\/www.uic.mx\\\/educacionenlinea\\\/?s={search_term_string}\"},\"query-input\":{\"@type\":\"PropertyValueSpecification\",\"valueRequired\":true,\"valueName\":\"search_term_string\"}}],\"inLanguage\":\"es\"},{\"@type\":\"Organization\",\"@id\":\"https:\\\/\\\/www.uic.mx\\\/educacionenlinea\\\/#organization\",\"name\":\"Educaci\u00f3n en l\u00ednea UIC\",\"url\":\"https:\\\/\\\/www.uic.mx\\\/educacionenlinea\\\/\",\"logo\":{\"@type\":\"ImageObject\",\"inLanguage\":\"es\",\"@id\":\"https:\\\/\\\/www.uic.mx\\\/educacionenlinea\\\/#\\\/schema\\\/logo\\\/image\\\/\",\"url\":\"https:\\\/\\\/www.uic.mx\\\/educacionenlinea\\\/wp-content\\\/uploads\\\/Logo-50-Universidad-Intercontinental-horizontal-blanco-scaled.png\",\"contentUrl\":\"https:\\\/\\\/www.uic.mx\\\/educacionenlinea\\\/wp-content\\\/uploads\\\/Logo-50-Universidad-Intercontinental-horizontal-blanco-scaled.png\",\"width\":2560,\"height\":643,\"caption\":\"Educaci\u00f3n en l\u00ednea UIC\"},\"image\":{\"@id\":\"https:\\\/\\\/www.uic.mx\\\/educacionenlinea\\\/#\\\/schema\\\/logo\\\/image\\\/\"}},{\"@type\":\"Person\",\"@id\":\"https:\\\/\\\/www.uic.mx\\\/educacionenlinea\\\/#\\\/schema\\\/person\\\/1f0e384733c03d4b0890f4135f30d062\",\"name\":\"alainreyes\",\"image\":{\"@type\":\"ImageObject\",\"inLanguage\":\"es\",\"@id\":\"https:\\\/\\\/secure.gravatar.com\\\/avatar\\\/c7afdffc774b3cd354dbfd91d28ca490b295f96b08a6ba0074d98ce87d2ca49b?s=96&d=mm&r=g\",\"url\":\"https:\\\/\\\/secure.gravatar.com\\\/avatar\\\/c7afdffc774b3cd354dbfd91d28ca490b295f96b08a6ba0074d98ce87d2ca49b?s=96&d=mm&r=g\",\"contentUrl\":\"https:\\\/\\\/secure.gravatar.com\\\/avatar\\\/c7afdffc774b3cd354dbfd91d28ca490b295f96b08a6ba0074d98ce87d2ca49b?s=96&d=mm&r=g\",\"caption\":\"alainreyes\"},\"sameAs\":[\"https:\\\/\\\/uic.mx\\\/educacionenlinea\"],\"url\":\"https:\\\/\\\/www.uic.mx\\\/educacionenlinea\\\/author\\\/alainreyes\\\/\"}]}<\/script>\n<!-- \/ Yoast SEO plugin. -->","yoast_head_json":{"title":"Atenci\u00f3n docentes: \u00bfla inclusi\u00f3n educativa ya est\u00e1 en tu aula? - Educaci\u00f3n en l\u00ednea UIC","description":"Conoce por qu\u00e9 la inclusi\u00f3n educativa beneficia a toda la comunidad escolar y descubre estrategias pr\u00e1cticas para aplicarla desde el aula...","robots":{"index":"index","follow":"follow","max-snippet":"max-snippet:-1","max-image-preview":"max-image-preview:large","max-video-preview":"max-video-preview:-1"},"canonical":"https:\/\/www.uic.mx\/educacionenlinea\/atencion-docentes-la-inclusion-educativa-ya-esta-en-tu-aula\/","og_locale":"es_MX","og_type":"article","og_title":"Atenci\u00f3n docentes: \u00bfla inclusi\u00f3n educativa ya est\u00e1 en tu aula? - Educaci\u00f3n en l\u00ednea UIC","og_description":"Conoce por qu\u00e9 la inclusi\u00f3n educativa beneficia a toda la comunidad escolar y descubre estrategias pr\u00e1cticas para aplicarla desde el aula...","og_url":"https:\/\/www.uic.mx\/educacionenlinea\/atencion-docentes-la-inclusion-educativa-ya-esta-en-tu-aula\/","og_site_name":"Educaci\u00f3n en l\u00ednea UIC","article_published_time":"2025-06-23T18:49:00+00:00","article_modified_time":"2025-10-29T18:38:43+00:00","og_image":[{"width":1536,"height":576,"url":"https:\/\/www.uic.mx\/educacionenlinea\/wp-content\/uploads\/Atencion-docentes-la-inclusion-educativa-ya-esta-en-tu-aula.jpg","type":"image\/jpeg"}],"author":"alainreyes","twitter_card":"summary_large_image","twitter_misc":{"Escrito por":"alainreyes","Tiempo de lectura":"4 minutos"},"schema":{"@context":"https:\/\/schema.org","@graph":[{"@type":"Article","@id":"https:\/\/www.uic.mx\/educacionenlinea\/atencion-docentes-la-inclusion-educativa-ya-esta-en-tu-aula\/#article","isPartOf":{"@id":"https:\/\/www.uic.mx\/educacionenlinea\/atencion-docentes-la-inclusion-educativa-ya-esta-en-tu-aula\/"},"author":{"name":"alainreyes","@id":"https:\/\/www.uic.mx\/educacionenlinea\/#\/schema\/person\/1f0e384733c03d4b0890f4135f30d062"},"headline":"Atenci\u00f3n docentes: \u00bfla inclusi\u00f3n educativa ya est\u00e1 en tu aula?","datePublished":"2025-06-23T18:49:00+00:00","dateModified":"2025-10-29T18:38:43+00:00","mainEntityOfPage":{"@id":"https:\/\/www.uic.mx\/educacionenlinea\/atencion-docentes-la-inclusion-educativa-ya-esta-en-tu-aula\/"},"wordCount":565,"commentCount":0,"publisher":{"@id":"https:\/\/www.uic.mx\/educacionenlinea\/#organization"},"image":{"@id":"https:\/\/www.uic.mx\/educacionenlinea\/atencion-docentes-la-inclusion-educativa-ya-esta-en-tu-aula\/#primaryimage"},"thumbnailUrl":"https:\/\/www.uic.mx\/educacionenlinea\/wp-content\/uploads\/Atencion-docentes-la-inclusion-educativa-ya-esta-en-tu-aula.jpg","articleSection":["Posgrados"],"inLanguage":"es","potentialAction":[{"@type":"CommentAction","name":"Comment","target":["https:\/\/www.uic.mx\/educacionenlinea\/atencion-docentes-la-inclusion-educativa-ya-esta-en-tu-aula\/#respond"]}]},{"@type":"WebPage","@id":"https:\/\/www.uic.mx\/educacionenlinea\/atencion-docentes-la-inclusion-educativa-ya-esta-en-tu-aula\/","url":"https:\/\/www.uic.mx\/educacionenlinea\/atencion-docentes-la-inclusion-educativa-ya-esta-en-tu-aula\/","name":"Atenci\u00f3n docentes: \u00bfla inclusi\u00f3n educativa ya est\u00e1 en tu aula? - Educaci\u00f3n en l\u00ednea UIC","isPartOf":{"@id":"https:\/\/www.uic.mx\/educacionenlinea\/#website"},"primaryImageOfPage":{"@id":"https:\/\/www.uic.mx\/educacionenlinea\/atencion-docentes-la-inclusion-educativa-ya-esta-en-tu-aula\/#primaryimage"},"image":{"@id":"https:\/\/www.uic.mx\/educacionenlinea\/atencion-docentes-la-inclusion-educativa-ya-esta-en-tu-aula\/#primaryimage"},"thumbnailUrl":"https:\/\/www.uic.mx\/educacionenlinea\/wp-content\/uploads\/Atencion-docentes-la-inclusion-educativa-ya-esta-en-tu-aula.jpg","datePublished":"2025-06-23T18:49:00+00:00","dateModified":"2025-10-29T18:38:43+00:00","description":"Conoce por qu\u00e9 la inclusi\u00f3n educativa beneficia a toda la comunidad escolar y descubre estrategias pr\u00e1cticas para aplicarla desde el aula...","breadcrumb":{"@id":"https:\/\/www.uic.mx\/educacionenlinea\/atencion-docentes-la-inclusion-educativa-ya-esta-en-tu-aula\/#breadcrumb"},"inLanguage":"es","potentialAction":[{"@type":"ReadAction","target":["https:\/\/www.uic.mx\/educacionenlinea\/atencion-docentes-la-inclusion-educativa-ya-esta-en-tu-aula\/"]}]},{"@type":"ImageObject","inLanguage":"es","@id":"https:\/\/www.uic.mx\/educacionenlinea\/atencion-docentes-la-inclusion-educativa-ya-esta-en-tu-aula\/#primaryimage","url":"https:\/\/www.uic.mx\/educacionenlinea\/wp-content\/uploads\/Atencion-docentes-la-inclusion-educativa-ya-esta-en-tu-aula.jpg","contentUrl":"https:\/\/www.uic.mx\/educacionenlinea\/wp-content\/uploads\/Atencion-docentes-la-inclusion-educativa-ya-esta-en-tu-aula.jpg","width":1536,"height":576},{"@type":"BreadcrumbList","@id":"https:\/\/www.uic.mx\/educacionenlinea\/atencion-docentes-la-inclusion-educativa-ya-esta-en-tu-aula\/#breadcrumb","itemListElement":[{"@type":"ListItem","position":1,"name":"Inicio","item":"https:\/\/www.uic.mx\/educacionenlinea\/"},{"@type":"ListItem","position":2,"name":"Atenci\u00f3n docentes: \u00bfla inclusi\u00f3n educativa ya est\u00e1 en tu aula?"}]},{"@type":"WebSite","@id":"https:\/\/www.uic.mx\/educacionenlinea\/#website","url":"https:\/\/www.uic.mx\/educacionenlinea\/","name":"Educaci\u00f3n en l\u00ednea UIC","description":"","publisher":{"@id":"https:\/\/www.uic.mx\/educacionenlinea\/#organization"},"potentialAction":[{"@type":"SearchAction","target":{"@type":"EntryPoint","urlTemplate":"https:\/\/www.uic.mx\/educacionenlinea\/?s={search_term_string}"},"query-input":{"@type":"PropertyValueSpecification","valueRequired":true,"valueName":"search_term_string"}}],"inLanguage":"es"},{"@type":"Organization","@id":"https:\/\/www.uic.mx\/educacionenlinea\/#organization","name":"Educaci\u00f3n en l\u00ednea UIC","url":"https:\/\/www.uic.mx\/educacionenlinea\/","logo":{"@type":"ImageObject","inLanguage":"es","@id":"https:\/\/www.uic.mx\/educacionenlinea\/#\/schema\/logo\/image\/","url":"https:\/\/www.uic.mx\/educacionenlinea\/wp-content\/uploads\/Logo-50-Universidad-Intercontinental-horizontal-blanco-scaled.png","contentUrl":"https:\/\/www.uic.mx\/educacionenlinea\/wp-content\/uploads\/Logo-50-Universidad-Intercontinental-horizontal-blanco-scaled.png","width":2560,"height":643,"caption":"Educaci\u00f3n en l\u00ednea UIC"},"image":{"@id":"https:\/\/www.uic.mx\/educacionenlinea\/#\/schema\/logo\/image\/"}},{"@type":"Person","@id":"https:\/\/www.uic.mx\/educacionenlinea\/#\/schema\/person\/1f0e384733c03d4b0890f4135f30d062","name":"alainreyes","image":{"@type":"ImageObject","inLanguage":"es","@id":"https:\/\/secure.gravatar.com\/avatar\/c7afdffc774b3cd354dbfd91d28ca490b295f96b08a6ba0074d98ce87d2ca49b?s=96&d=mm&r=g","url":"https:\/\/secure.gravatar.com\/avatar\/c7afdffc774b3cd354dbfd91d28ca490b295f96b08a6ba0074d98ce87d2ca49b?s=96&d=mm&r=g","contentUrl":"https:\/\/secure.gravatar.com\/avatar\/c7afdffc774b3cd354dbfd91d28ca490b295f96b08a6ba0074d98ce87d2ca49b?s=96&d=mm&r=g","caption":"alainreyes"},"sameAs":["https:\/\/uic.mx\/educacionenlinea"],"url":"https:\/\/www.uic.mx\/educacionenlinea\/author\/alainreyes\/"}]}},"_links":{"self":[{"href":"https:\/\/www.uic.mx\/educacionenlinea\/wp-json\/wp\/v2\/posts\/87018","targetHints":{"allow":["GET"]}}],"collection":[{"href":"https:\/\/www.uic.mx\/educacionenlinea\/wp-json\/wp\/v2\/posts"}],"about":[{"href":"https:\/\/www.uic.mx\/educacionenlinea\/wp-json\/wp\/v2\/types\/post"}],"author":[{"embeddable":true,"href":"https:\/\/www.uic.mx\/educacionenlinea\/wp-json\/wp\/v2\/users\/1"}],"replies":[{"embeddable":true,"href":"https:\/\/www.uic.mx\/educacionenlinea\/wp-json\/wp\/v2\/comments?post=87018"}],"version-history":[{"count":1,"href":"https:\/\/www.uic.mx\/educacionenlinea\/wp-json\/wp\/v2\/posts\/87018\/revisions"}],"predecessor-version":[{"id":87019,"href":"https:\/\/www.uic.mx\/educacionenlinea\/wp-json\/wp\/v2\/posts\/87018\/revisions\/87019"}],"wp:featuredmedia":[{"embeddable":true,"href":"https:\/\/www.uic.mx\/educacionenlinea\/wp-json\/wp\/v2\/media\/87020"}],"wp:attachment":[{"href":"https:\/\/www.uic.mx\/educacionenlinea\/wp-json\/wp\/v2\/media?parent=87018"}],"wp:term":[{"taxonomy":"category","embeddable":true,"href":"https:\/\/www.uic.mx\/educacionenlinea\/wp-json\/wp\/v2\/categories?post=87018"},{"taxonomy":"post_tag","embeddable":true,"href":"https:\/\/www.uic.mx\/educacionenlinea\/wp-json\/wp\/v2\/tags?post=87018"}],"curies":[{"name":"wp","href":"https:\/\/api.w.org\/{rel}","templated":true}]}}