{"id":2699,"date":"2026-01-15T11:09:33","date_gmt":"2026-01-15T17:09:33","guid":{"rendered":"https:\/\/www.uic.mx\/posgrados\/?p=2699"},"modified":"2026-01-26T12:01:16","modified_gmt":"2026-01-26T18:01:16","slug":"complementa-tu-excelencia-academica-la-propuesta-integral-para-posgrados-uic","status":"publish","type":"post","link":"https:\/\/www.uic.mx\/posgrados\/complementa-tu-excelencia-academica-la-propuesta-integral-para-posgrados-uic\/","title":{"rendered":"Complementa tu Excelencia Acad\u00e9mica: La Propuesta Integral para Posgrados UIC"},"content":{"rendered":"\n<h2 class=\"wp-block-heading\"><strong>Descubre y Conecta: Vive la Experiencia Integral en Posgrados UIC<\/strong><\/h2>\n\n\n\n<div style=\"height:66px\" aria-hidden=\"true\" class=\"wp-block-spacer\"><\/div>\n\n\n\n<p>Estimada comunidad de posgrado de la Universidad Intercontinental,<\/p>\n\n\n\n<div style=\"height:33px\" aria-hidden=\"true\" class=\"wp-block-spacer\"><\/div>\n\n\n\n<p>La formaci\u00f3n de excelencia en el nivel de posgrado requiere trascender las fronteras del aula para integrar una perspectiva humanista, un compromiso \u00e9tico y una contribuci\u00f3n social significativa. Con el prop\u00f3sito de complementar su desarrollo acad\u00e9mico y profesional, la UIC ha dise\u00f1ado un&nbsp;<strong>folleto especializado<\/strong>&nbsp;que presenta una oferta estructurada de actividades extracurriculares dirigidas exclusivamente a estudiantes de posgrado.<\/p>\n\n\n\n<div style=\"height:33px\" aria-hidden=\"true\" class=\"wp-block-spacer\"><\/div>\n\n\n\n<ul class=\"wp-block-list\">\n<li>El\u00a0<strong>Laboratorio de Formaci\u00f3n Humanista<\/strong>, enfocado en la integraci\u00f3n de la filosof\u00eda y la \u00e9tica en la toma de decisiones profesionales.<\/li>\n\n\n\n<li>La\u00a0<strong>Misi\u00f3n Internacional en Kenia<\/strong>, una oportunidad para aplicar sus conocimientos en un contexto global y colaborar en proyectos de impacto social.<\/li>\n\n\n\n<li>El programa de\u00a0<strong>Pastoral Universitaria<\/strong>, que ofrece espacios de reflexi\u00f3n espiritual y servicio comunitario.<\/li>\n\n\n\n<li>El acceso a\u00a0<strong>instalaciones deportivas<\/strong>\u00a0y la participaci\u00f3n en actividades f\u00edsicas organizadas.<\/li>\n\n\n\n<li>Los\u00a0<strong>beneficios culturales exclusivos<\/strong>\u00a0para la comunidad UIC, que facilitan el acceso a eventos art\u00edsticos y culturales en la Ciudad de M\u00e9xico.<\/li>\n<\/ul>\n\n\n\n<div style=\"height:33px\" aria-hidden=\"true\" class=\"wp-block-spacer\"><\/div>\n\n\n\n<p>Estas actividades est\u00e1n alineadas con el objetivo de fortalecer competencias transversales como el liderazgo, la responsabilidad social y la capacidad de trabajar en entornos multiculturales, elementos esenciales para su crecimiento profesional integral.<\/p>\n\n\n\n<div style=\"height:33px\" aria-hidden=\"true\" class=\"wp-block-spacer\"><\/div>\n\n\n\n<p>Para obtener m\u00e1s informaci\u00f3n o integrarse a cualquiera de estas iniciativas, el folleto incluye los datos de contacto de los coordinadores responsables de cada \u00e1rea. No dudes en comunicarte directamente con ellos para iniciar su participaci\u00f3n.<\/p>\n\n\n\n<div style=\"height:33px\" aria-hidden=\"true\" class=\"wp-block-spacer\"><\/div>\n\n\n\n<p>Descarga el folleto, explora las oportunidades disponibles y fortalece tu trayectoria acad\u00e9mica con una formaci\u00f3n verdaderamente integral.<\/p>\n\n\n\n<div style=\"height:60px\" aria-hidden=\"true\" class=\"wp-block-spacer\"><\/div>\n\n\n\n<div data-wp-interactive=\"core\/file\" class=\"wp-block-file\"><object data-wp-bind--hidden=\"!state.hasPdfPreview\" hidden class=\"wp-block-file__embed\" data=\"https:\/\/www.uic.mx\/posgrados\/wp-content\/uploads\/Folleto-posgrados-.pdf\" type=\"application\/pdf\" style=\"width:100%;height:600px\" aria-label=\"Incrustado de Folleto posgrados.\"><\/object><a id=\"wp-block-file--media-fe9924fc-fa02-4940-a956-3b01d6baa0fd\" href=\"https:\/\/www.uic.mx\/posgrados\/wp-content\/uploads\/Folleto-posgrados-.pdf\">Folleto posgrados<\/a><a href=\"https:\/\/www.uic.mx\/posgrados\/wp-content\/uploads\/Folleto-posgrados-.pdf\" class=\"wp-block-file__button wp-element-button\" download aria-describedby=\"wp-block-file--media-fe9924fc-fa02-4940-a956-3b01d6baa0fd\">Descarga<\/a><\/div>\n","protected":false},"excerpt":{"rendered":"<p>Descubre y Conecta: Vive la Experiencia Integral en Posgrados UIC Estimada comunidad de posgrado de la Universidad Intercontinental, La formaci\u00f3n de excelencia en el nivel de posgrado requiere trascender las fronteras del aula para integrar una perspectiva humanista, un compromiso \u00e9tico y una contribuci\u00f3n social significativa. Con el prop\u00f3sito de complementar su desarrollo acad\u00e9mico y [&hellip;]<\/p>\n","protected":false},"author":6,"featured_media":3221,"comment_status":"closed","ping_status":"closed","sticky":false,"template":"","format":"standard","meta":{"_acf_changed":false,"footnotes":""},"categories":[15],"tags":[],"class_list":["post-2699","post","type-post","status-publish","format-standard","has-post-thumbnail","hentry","category-formacion-integral"],"acf":[],"yoast_head":"<!-- This site is optimized with the Yoast SEO plugin v27.5 - https:\/\/yoast.com\/product\/yoast-seo-wordpress\/ -->\n<title>Complementa tu Excelencia Acad\u00e9mica: La Propuesta Integral para Posgrados UIC - Posgrados UIC<\/title>\n<meta name=\"robots\" content=\"index, follow, max-snippet:-1, max-image-preview:large, max-video-preview:-1\" \/>\n<link rel=\"canonical\" href=\"https:\/\/www.uic.mx\/posgrados\/complementa-tu-excelencia-academica-la-propuesta-integral-para-posgrados-uic\/\" \/>\n<meta property=\"og:locale\" content=\"es_MX\" \/>\n<meta property=\"og:type\" content=\"article\" \/>\n<meta property=\"og:title\" content=\"Complementa tu Excelencia Acad\u00e9mica: La Propuesta Integral para Posgrados UIC - Posgrados UIC\" \/>\n<meta property=\"og:description\" content=\"Descubre y Conecta: Vive la Experiencia Integral en Posgrados UIC Estimada comunidad de posgrado de la Universidad Intercontinental, La formaci\u00f3n de excelencia en el nivel de posgrado requiere trascender las fronteras del aula para integrar una perspectiva humanista, un compromiso \u00e9tico y una contribuci\u00f3n social significativa. Con el prop\u00f3sito de complementar su desarrollo acad\u00e9mico y [&hellip;]\" \/>\n<meta property=\"og:url\" content=\"https:\/\/www.uic.mx\/posgrados\/complementa-tu-excelencia-academica-la-propuesta-integral-para-posgrados-uic\/\" \/>\n<meta property=\"og:site_name\" content=\"Posgrados UIC\" \/>\n<meta property=\"article:published_time\" content=\"2026-01-15T17:09:33+00:00\" \/>\n<meta property=\"article:modified_time\" content=\"2026-01-26T18:01:16+00:00\" \/>\n<meta property=\"og:image\" content=\"https:\/\/www.uic.mx\/posgrados\/wp-content\/uploads\/image_5f1defb5.png\" \/>\n\t<meta property=\"og:image:width\" content=\"800\" \/>\n\t<meta property=\"og:image:height\" content=\"800\" \/>\n\t<meta property=\"og:image:type\" content=\"image\/png\" \/>\n<meta name=\"author\" content=\"Abraham Cruz\" \/>\n<meta name=\"twitter:card\" content=\"summary_large_image\" \/>\n<meta name=\"twitter:label1\" content=\"Escrito por\" \/>\n\t<meta name=\"twitter:data1\" content=\"Abraham Cruz\" \/>\n\t<meta name=\"twitter:label2\" content=\"Tiempo de lectura\" \/>\n\t<meta name=\"twitter:data2\" content=\"2 minutos\" \/>\n<script type=\"application\/ld+json\" class=\"yoast-schema-graph\">{\"@context\":\"https:\\\/\\\/schema.org\",\"@graph\":[{\"@type\":\"Article\",\"@id\":\"https:\\\/\\\/www.uic.mx\\\/posgrados\\\/complementa-tu-excelencia-academica-la-propuesta-integral-para-posgrados-uic\\\/#article\",\"isPartOf\":{\"@id\":\"https:\\\/\\\/www.uic.mx\\\/posgrados\\\/complementa-tu-excelencia-academica-la-propuesta-integral-para-posgrados-uic\\\/\"},\"author\":{\"name\":\"Abraham Cruz\",\"@id\":\"https:\\\/\\\/www.uic.mx\\\/posgrados\\\/#\\\/schema\\\/person\\\/30b6bcfd786206c90b45e1f404a1e322\"},\"headline\":\"Complementa tu Excelencia Acad\u00e9mica: La Propuesta Integral para Posgrados UIC\",\"datePublished\":\"2026-01-15T17:09:33+00:00\",\"dateModified\":\"2026-01-26T18:01:16+00:00\",\"mainEntityOfPage\":{\"@id\":\"https:\\\/\\\/www.uic.mx\\\/posgrados\\\/complementa-tu-excelencia-academica-la-propuesta-integral-para-posgrados-uic\\\/\"},\"wordCount\":289,\"publisher\":{\"@id\":\"https:\\\/\\\/www.uic.mx\\\/posgrados\\\/#organization\"},\"image\":{\"@id\":\"https:\\\/\\\/www.uic.mx\\\/posgrados\\\/complementa-tu-excelencia-academica-la-propuesta-integral-para-posgrados-uic\\\/#primaryimage\"},\"thumbnailUrl\":\"https:\\\/\\\/www.uic.mx\\\/posgrados\\\/wp-content\\\/uploads\\\/image_5f1defb5.png\",\"articleSection\":[\"Formaci\u00f3n Integral\"],\"inLanguage\":\"es\"},{\"@type\":\"WebPage\",\"@id\":\"https:\\\/\\\/www.uic.mx\\\/posgrados\\\/complementa-tu-excelencia-academica-la-propuesta-integral-para-posgrados-uic\\\/\",\"url\":\"https:\\\/\\\/www.uic.mx\\\/posgrados\\\/complementa-tu-excelencia-academica-la-propuesta-integral-para-posgrados-uic\\\/\",\"name\":\"Complementa tu Excelencia Acad\u00e9mica: La Propuesta Integral para Posgrados UIC - Posgrados UIC\",\"isPartOf\":{\"@id\":\"https:\\\/\\\/www.uic.mx\\\/posgrados\\\/#website\"},\"primaryImageOfPage\":{\"@id\":\"https:\\\/\\\/www.uic.mx\\\/posgrados\\\/complementa-tu-excelencia-academica-la-propuesta-integral-para-posgrados-uic\\\/#primaryimage\"},\"image\":{\"@id\":\"https:\\\/\\\/www.uic.mx\\\/posgrados\\\/complementa-tu-excelencia-academica-la-propuesta-integral-para-posgrados-uic\\\/#primaryimage\"},\"thumbnailUrl\":\"https:\\\/\\\/www.uic.mx\\\/posgrados\\\/wp-content\\\/uploads\\\/image_5f1defb5.png\",\"datePublished\":\"2026-01-15T17:09:33+00:00\",\"dateModified\":\"2026-01-26T18:01:16+00:00\",\"breadcrumb\":{\"@id\":\"https:\\\/\\\/www.uic.mx\\\/posgrados\\\/complementa-tu-excelencia-academica-la-propuesta-integral-para-posgrados-uic\\\/#breadcrumb\"},\"inLanguage\":\"es\",\"potentialAction\":[{\"@type\":\"ReadAction\",\"target\":[\"https:\\\/\\\/www.uic.mx\\\/posgrados\\\/complementa-tu-excelencia-academica-la-propuesta-integral-para-posgrados-uic\\\/\"]}]},{\"@type\":\"ImageObject\",\"inLanguage\":\"es\",\"@id\":\"https:\\\/\\\/www.uic.mx\\\/posgrados\\\/complementa-tu-excelencia-academica-la-propuesta-integral-para-posgrados-uic\\\/#primaryimage\",\"url\":\"https:\\\/\\\/www.uic.mx\\\/posgrados\\\/wp-content\\\/uploads\\\/image_5f1defb5.png\",\"contentUrl\":\"https:\\\/\\\/www.uic.mx\\\/posgrados\\\/wp-content\\\/uploads\\\/image_5f1defb5.png\",\"width\":1024,\"height\":1024},{\"@type\":\"BreadcrumbList\",\"@id\":\"https:\\\/\\\/www.uic.mx\\\/posgrados\\\/complementa-tu-excelencia-academica-la-propuesta-integral-para-posgrados-uic\\\/#breadcrumb\",\"itemListElement\":[{\"@type\":\"ListItem\",\"position\":1,\"name\":\"Inicio\",\"item\":\"https:\\\/\\\/www.uic.mx\\\/posgrados\\\/\"},{\"@type\":\"ListItem\",\"position\":2,\"name\":\"Complementa tu Excelencia Acad\u00e9mica: La Propuesta Integral para Posgrados UIC\"}]},{\"@type\":\"WebSite\",\"@id\":\"https:\\\/\\\/www.uic.mx\\\/posgrados\\\/#website\",\"url\":\"https:\\\/\\\/www.uic.mx\\\/posgrados\\\/\",\"name\":\"Posgrados UIC\",\"description\":\"\",\"publisher\":{\"@id\":\"https:\\\/\\\/www.uic.mx\\\/posgrados\\\/#organization\"},\"potentialAction\":[{\"@type\":\"SearchAction\",\"target\":{\"@type\":\"EntryPoint\",\"urlTemplate\":\"https:\\\/\\\/www.uic.mx\\\/posgrados\\\/?s={search_term_string}\"},\"query-input\":{\"@type\":\"PropertyValueSpecification\",\"valueRequired\":true,\"valueName\":\"search_term_string\"}}],\"inLanguage\":\"es\"},{\"@type\":\"Organization\",\"@id\":\"https:\\\/\\\/www.uic.mx\\\/posgrados\\\/#organization\",\"name\":\"Posgrados UIC\",\"url\":\"https:\\\/\\\/www.uic.mx\\\/posgrados\\\/\",\"logo\":{\"@type\":\"ImageObject\",\"inLanguage\":\"es\",\"@id\":\"https:\\\/\\\/www.uic.mx\\\/posgrados\\\/#\\\/schema\\\/logo\\\/image\\\/\",\"url\":\"https:\\\/\\\/www.uic.mx\\\/posgrados\\\/wp-content\\\/uploads\\\/Logo-50-Universidad-Intercontinental-horizontal-blanco-scaled.png\",\"contentUrl\":\"https:\\\/\\\/www.uic.mx\\\/posgrados\\\/wp-content\\\/uploads\\\/Logo-50-Universidad-Intercontinental-horizontal-blanco-scaled.png\",\"width\":2560,\"height\":643,\"caption\":\"Posgrados UIC\"},\"image\":{\"@id\":\"https:\\\/\\\/www.uic.mx\\\/posgrados\\\/#\\\/schema\\\/logo\\\/image\\\/\"}},{\"@type\":\"Person\",\"@id\":\"https:\\\/\\\/www.uic.mx\\\/posgrados\\\/#\\\/schema\\\/person\\\/30b6bcfd786206c90b45e1f404a1e322\",\"name\":\"Abraham Cruz\",\"image\":{\"@type\":\"ImageObject\",\"inLanguage\":\"es\",\"@id\":\"https:\\\/\\\/secure.gravatar.com\\\/avatar\\\/09b20d8945f044a2e7d64b6f252644eb712d8bf82fbd71201e2e8d072f3a0a72?s=96&d=mm&r=g\",\"url\":\"https:\\\/\\\/secure.gravatar.com\\\/avatar\\\/09b20d8945f044a2e7d64b6f252644eb712d8bf82fbd71201e2e8d072f3a0a72?s=96&d=mm&r=g\",\"contentUrl\":\"https:\\\/\\\/secure.gravatar.com\\\/avatar\\\/09b20d8945f044a2e7d64b6f252644eb712d8bf82fbd71201e2e8d072f3a0a72?s=96&d=mm&r=g\",\"caption\":\"Abraham Cruz\"},\"url\":\"https:\\\/\\\/www.uic.mx\\\/posgrados\\\/author\\\/abrahamcruz\\\/\"}]}<\/script>\n<!-- \/ Yoast SEO plugin. -->","yoast_head_json":{"title":"Complementa tu Excelencia Acad\u00e9mica: La Propuesta Integral para Posgrados UIC - Posgrados UIC","robots":{"index":"index","follow":"follow","max-snippet":"max-snippet:-1","max-image-preview":"max-image-preview:large","max-video-preview":"max-video-preview:-1"},"canonical":"https:\/\/www.uic.mx\/posgrados\/complementa-tu-excelencia-academica-la-propuesta-integral-para-posgrados-uic\/","og_locale":"es_MX","og_type":"article","og_title":"Complementa tu Excelencia Acad\u00e9mica: La Propuesta Integral para Posgrados UIC - Posgrados UIC","og_description":"Descubre y Conecta: Vive la Experiencia Integral en Posgrados UIC Estimada comunidad de posgrado de la Universidad Intercontinental, La formaci\u00f3n de excelencia en el nivel de posgrado requiere trascender las fronteras del aula para integrar una perspectiva humanista, un compromiso \u00e9tico y una contribuci\u00f3n social significativa. Con el prop\u00f3sito de complementar su desarrollo acad\u00e9mico y [&hellip;]","og_url":"https:\/\/www.uic.mx\/posgrados\/complementa-tu-excelencia-academica-la-propuesta-integral-para-posgrados-uic\/","og_site_name":"Posgrados UIC","article_published_time":"2026-01-15T17:09:33+00:00","article_modified_time":"2026-01-26T18:01:16+00:00","og_image":[{"url":"https:\/\/www.uic.mx\/posgrados\/wp-content\/uploads\/image_5f1defb5.png","width":800,"height":800,"type":"image\/png"}],"author":"Abraham Cruz","twitter_card":"summary_large_image","twitter_misc":{"Escrito por":"Abraham Cruz","Tiempo de lectura":"2 minutos"},"schema":{"@context":"https:\/\/schema.org","@graph":[{"@type":"Article","@id":"https:\/\/www.uic.mx\/posgrados\/complementa-tu-excelencia-academica-la-propuesta-integral-para-posgrados-uic\/#article","isPartOf":{"@id":"https:\/\/www.uic.mx\/posgrados\/complementa-tu-excelencia-academica-la-propuesta-integral-para-posgrados-uic\/"},"author":{"name":"Abraham Cruz","@id":"https:\/\/www.uic.mx\/posgrados\/#\/schema\/person\/30b6bcfd786206c90b45e1f404a1e322"},"headline":"Complementa tu Excelencia Acad\u00e9mica: La Propuesta Integral para Posgrados UIC","datePublished":"2026-01-15T17:09:33+00:00","dateModified":"2026-01-26T18:01:16+00:00","mainEntityOfPage":{"@id":"https:\/\/www.uic.mx\/posgrados\/complementa-tu-excelencia-academica-la-propuesta-integral-para-posgrados-uic\/"},"wordCount":289,"publisher":{"@id":"https:\/\/www.uic.mx\/posgrados\/#organization"},"image":{"@id":"https:\/\/www.uic.mx\/posgrados\/complementa-tu-excelencia-academica-la-propuesta-integral-para-posgrados-uic\/#primaryimage"},"thumbnailUrl":"https:\/\/www.uic.mx\/posgrados\/wp-content\/uploads\/image_5f1defb5.png","articleSection":["Formaci\u00f3n Integral"],"inLanguage":"es"},{"@type":"WebPage","@id":"https:\/\/www.uic.mx\/posgrados\/complementa-tu-excelencia-academica-la-propuesta-integral-para-posgrados-uic\/","url":"https:\/\/www.uic.mx\/posgrados\/complementa-tu-excelencia-academica-la-propuesta-integral-para-posgrados-uic\/","name":"Complementa tu Excelencia Acad\u00e9mica: La Propuesta Integral para Posgrados UIC - Posgrados UIC","isPartOf":{"@id":"https:\/\/www.uic.mx\/posgrados\/#website"},"primaryImageOfPage":{"@id":"https:\/\/www.uic.mx\/posgrados\/complementa-tu-excelencia-academica-la-propuesta-integral-para-posgrados-uic\/#primaryimage"},"image":{"@id":"https:\/\/www.uic.mx\/posgrados\/complementa-tu-excelencia-academica-la-propuesta-integral-para-posgrados-uic\/#primaryimage"},"thumbnailUrl":"https:\/\/www.uic.mx\/posgrados\/wp-content\/uploads\/image_5f1defb5.png","datePublished":"2026-01-15T17:09:33+00:00","dateModified":"2026-01-26T18:01:16+00:00","breadcrumb":{"@id":"https:\/\/www.uic.mx\/posgrados\/complementa-tu-excelencia-academica-la-propuesta-integral-para-posgrados-uic\/#breadcrumb"},"inLanguage":"es","potentialAction":[{"@type":"ReadAction","target":["https:\/\/www.uic.mx\/posgrados\/complementa-tu-excelencia-academica-la-propuesta-integral-para-posgrados-uic\/"]}]},{"@type":"ImageObject","inLanguage":"es","@id":"https:\/\/www.uic.mx\/posgrados\/complementa-tu-excelencia-academica-la-propuesta-integral-para-posgrados-uic\/#primaryimage","url":"https:\/\/www.uic.mx\/posgrados\/wp-content\/uploads\/image_5f1defb5.png","contentUrl":"https:\/\/www.uic.mx\/posgrados\/wp-content\/uploads\/image_5f1defb5.png","width":1024,"height":1024},{"@type":"BreadcrumbList","@id":"https:\/\/www.uic.mx\/posgrados\/complementa-tu-excelencia-academica-la-propuesta-integral-para-posgrados-uic\/#breadcrumb","itemListElement":[{"@type":"ListItem","position":1,"name":"Inicio","item":"https:\/\/www.uic.mx\/posgrados\/"},{"@type":"ListItem","position":2,"name":"Complementa tu Excelencia Acad\u00e9mica: La Propuesta Integral para Posgrados UIC"}]},{"@type":"WebSite","@id":"https:\/\/www.uic.mx\/posgrados\/#website","url":"https:\/\/www.uic.mx\/posgrados\/","name":"Posgrados UIC","description":"","publisher":{"@id":"https:\/\/www.uic.mx\/posgrados\/#organization"},"potentialAction":[{"@type":"SearchAction","target":{"@type":"EntryPoint","urlTemplate":"https:\/\/www.uic.mx\/posgrados\/?s={search_term_string}"},"query-input":{"@type":"PropertyValueSpecification","valueRequired":true,"valueName":"search_term_string"}}],"inLanguage":"es"},{"@type":"Organization","@id":"https:\/\/www.uic.mx\/posgrados\/#organization","name":"Posgrados UIC","url":"https:\/\/www.uic.mx\/posgrados\/","logo":{"@type":"ImageObject","inLanguage":"es","@id":"https:\/\/www.uic.mx\/posgrados\/#\/schema\/logo\/image\/","url":"https:\/\/www.uic.mx\/posgrados\/wp-content\/uploads\/Logo-50-Universidad-Intercontinental-horizontal-blanco-scaled.png","contentUrl":"https:\/\/www.uic.mx\/posgrados\/wp-content\/uploads\/Logo-50-Universidad-Intercontinental-horizontal-blanco-scaled.png","width":2560,"height":643,"caption":"Posgrados UIC"},"image":{"@id":"https:\/\/www.uic.mx\/posgrados\/#\/schema\/logo\/image\/"}},{"@type":"Person","@id":"https:\/\/www.uic.mx\/posgrados\/#\/schema\/person\/30b6bcfd786206c90b45e1f404a1e322","name":"Abraham Cruz","image":{"@type":"ImageObject","inLanguage":"es","@id":"https:\/\/secure.gravatar.com\/avatar\/09b20d8945f044a2e7d64b6f252644eb712d8bf82fbd71201e2e8d072f3a0a72?s=96&d=mm&r=g","url":"https:\/\/secure.gravatar.com\/avatar\/09b20d8945f044a2e7d64b6f252644eb712d8bf82fbd71201e2e8d072f3a0a72?s=96&d=mm&r=g","contentUrl":"https:\/\/secure.gravatar.com\/avatar\/09b20d8945f044a2e7d64b6f252644eb712d8bf82fbd71201e2e8d072f3a0a72?s=96&d=mm&r=g","caption":"Abraham Cruz"},"url":"https:\/\/www.uic.mx\/posgrados\/author\/abrahamcruz\/"}]}},"_links":{"self":[{"href":"https:\/\/www.uic.mx\/posgrados\/wp-json\/wp\/v2\/posts\/2699","targetHints":{"allow":["GET"]}}],"collection":[{"href":"https:\/\/www.uic.mx\/posgrados\/wp-json\/wp\/v2\/posts"}],"about":[{"href":"https:\/\/www.uic.mx\/posgrados\/wp-json\/wp\/v2\/types\/post"}],"author":[{"embeddable":true,"href":"https:\/\/www.uic.mx\/posgrados\/wp-json\/wp\/v2\/users\/6"}],"replies":[{"embeddable":true,"href":"https:\/\/www.uic.mx\/posgrados\/wp-json\/wp\/v2\/comments?post=2699"}],"version-history":[{"count":8,"href":"https:\/\/www.uic.mx\/posgrados\/wp-json\/wp\/v2\/posts\/2699\/revisions"}],"predecessor-version":[{"id":2714,"href":"https:\/\/www.uic.mx\/posgrados\/wp-json\/wp\/v2\/posts\/2699\/revisions\/2714"}],"wp:featuredmedia":[{"embeddable":true,"href":"https:\/\/www.uic.mx\/posgrados\/wp-json\/wp\/v2\/media\/3221"}],"wp:attachment":[{"href":"https:\/\/www.uic.mx\/posgrados\/wp-json\/wp\/v2\/media?parent=2699"}],"wp:term":[{"taxonomy":"category","embeddable":true,"href":"https:\/\/www.uic.mx\/posgrados\/wp-json\/wp\/v2\/categories?post=2699"},{"taxonomy":"post_tag","embeddable":true,"href":"https:\/\/www.uic.mx\/posgrados\/wp-json\/wp\/v2\/tags?post=2699"}],"curies":[{"name":"wp","href":"https:\/\/api.w.org\/{rel}","templated":true}]}}