{"id":2715,"date":"2026-01-16T11:56:58","date_gmt":"2026-01-16T17:56:58","guid":{"rendered":"https:\/\/www.uic.mx\/posgrados\/?p=2715"},"modified":"2026-01-30T10:19:12","modified_gmt":"2026-01-30T16:19:12","slug":"la-ruta-del-conocimiento-tambien-es-cultural-invitacion-especial-para-posgrados-uic","status":"publish","type":"post","link":"https:\/\/www.uic.mx\/posgrados\/la-ruta-del-conocimiento-tambien-es-cultural-invitacion-especial-para-posgrados-uic\/","title":{"rendered":"La Ruta del Conocimiento Tambi\u00e9n es Cultural: Invitaci\u00f3n Especial para Posgrados UIC"},"content":{"rendered":"\n<h2 class=\"wp-block-heading\"><strong>&nbsp;Difusi\u00f3n Cultural UIC Comparte<\/strong> <\/h2>\n\n\n\n<div style=\"height:30px\" aria-hidden=\"true\" class=\"wp-block-spacer\"><\/div>\n\n\n\n<p>La cultura y el arte son pilares fundamentales en la formaci\u00f3n integral de nuestra comunidad universitaria. Consciente de ello, la Maestra Dora Mar\u00eda G\u00f3mez, desde el Departamento de Difusi\u00f3n cultural de la UIC, extiende una cordial invitaci\u00f3n a todos los estudiantes de posgrados, especialmente a quienes cursan sus estudios a distancia, para que se sumen y participen en las&nbsp;<strong>Pr\u00e1cticas Universitarias de Arte<\/strong>&nbsp;que la Maestra Dora junto con su departamento ha preparado para este ciclo.<\/p>\n\n\n\n<div style=\"height:28px\" aria-hidden=\"true\" class=\"wp-block-spacer\"><\/div>\n\n\n\n<h2 class=\"wp-block-heading\">\u00bfEn qu\u00e9 consisten las Pr\u00e1cticas Universitarias de Arte?<\/h2>\n\n\n\n<p>Se trata de experiencias grupales guiadas, dise\u00f1adas para explorar diversas disciplinas art\u00edsticas de manera pr\u00e1ctica, reflexiva y colaborativa. Para este periodo ofrecemos&nbsp;<strong>cinco opciones<\/strong>, cada una con una tem\u00e1tica y modalidad diferente, para que puedas elegir opcionalmente la que m\u00e1s se adapte a tus intereses y disponibilidad:<\/p>\n\n\n\n<div style=\"height:30px\" aria-hidden=\"true\" class=\"wp-block-spacer\"><\/div>\n\n\n\n<p>Para conocer m\u00e1s a detalle dale click al link que nos comparte difusi\u00f3n cultural:<\/p>\n\n\n\n<p><a href=\"https:\/\/www.uic.mx\/formacion-integral\/difusion-cultural\/\">Difusion Cultural \u2013 Formaci\u00f3n Integral<\/a><\/p>\n\n\n\n<div style=\"height:30px\" aria-hidden=\"true\" class=\"wp-block-spacer\"><\/div>\n\n\n\n<h3 class=\"wp-block-heading\">Modalidad Online:<\/h3>\n\n\n\n<ul start=\"1\" class=\"wp-block-list\">\n<li><strong>Territorios Musicales<\/strong><br>Junta de inicio: Mi\u00e9rcoles 4 de febrero | 17:00 h (Teams)<\/li>\n<\/ul>\n\n\n\n<figure class=\"wp-block-image size-large\"><img fetchpriority=\"high\" decoding=\"async\" width=\"819\" height=\"1024\" src=\"https:\/\/www.uic.mx\/posgrados\/wp-content\/uploads\/01-Territorios-819x1024.png\" alt=\"\" class=\"wp-image-2716\" srcset=\"https:\/\/www.uic.mx\/posgrados\/wp-content\/uploads\/01-Territorios-819x1024.png 819w, https:\/\/www.uic.mx\/posgrados\/wp-content\/uploads\/01-Territorios-240x300.png 240w, https:\/\/www.uic.mx\/posgrados\/wp-content\/uploads\/01-Territorios-768x960.png 768w, https:\/\/www.uic.mx\/posgrados\/wp-content\/uploads\/01-Territorios.png 1080w\" sizes=\"(max-width: 819px) 100vw, 819px\" \/><\/figure>\n\n\n\n<ul start=\"1\" class=\"wp-block-list\">\n<li><strong>Tour de Cine<\/strong><br>Junta de inicio: Jueves 5 de febrero | 17:00 h (Teams)<\/li>\n<\/ul>\n\n\n\n<figure class=\"wp-block-image size-large\"><img decoding=\"async\" width=\"819\" height=\"1024\" src=\"https:\/\/www.uic.mx\/posgrados\/wp-content\/uploads\/02-Tour-de-Cine-819x1024.png\" alt=\"\" class=\"wp-image-2717\" srcset=\"https:\/\/www.uic.mx\/posgrados\/wp-content\/uploads\/02-Tour-de-Cine-819x1024.png 819w, https:\/\/www.uic.mx\/posgrados\/wp-content\/uploads\/02-Tour-de-Cine-240x300.png 240w, https:\/\/www.uic.mx\/posgrados\/wp-content\/uploads\/02-Tour-de-Cine-768x960.png 768w, https:\/\/www.uic.mx\/posgrados\/wp-content\/uploads\/02-Tour-de-Cine.png 1080w\" sizes=\"(max-width: 819px) 100vw, 819px\" \/><\/figure>\n\n\n\n<ul start=\"1\" class=\"wp-block-list\">\n<li><strong>Museando Ando (Online)<\/strong><br>Junta de inicio: Martes 3 de febrero | 17:00 h (Teams)<\/li>\n<\/ul>\n\n\n\n<figure class=\"wp-block-image size-large\"><img decoding=\"async\" width=\"819\" height=\"1024\" src=\"https:\/\/www.uic.mx\/posgrados\/wp-content\/uploads\/04-Museando-online-819x1024.png\" alt=\"\" class=\"wp-image-2718\" srcset=\"https:\/\/www.uic.mx\/posgrados\/wp-content\/uploads\/04-Museando-online-819x1024.png 819w, https:\/\/www.uic.mx\/posgrados\/wp-content\/uploads\/04-Museando-online-240x300.png 240w, https:\/\/www.uic.mx\/posgrados\/wp-content\/uploads\/04-Museando-online-768x960.png 768w, https:\/\/www.uic.mx\/posgrados\/wp-content\/uploads\/04-Museando-online.png 1080w\" sizes=\"(max-width: 819px) 100vw, 819px\" \/><\/figure>\n\n\n\n<ul start=\"1\" class=\"wp-block-list\">\n<li><strong>Ruta Cultural (Online)<\/strong><br>Junta de inicio: Jueves 5 de febrero | 13:00 h (Teams)<\/li>\n<\/ul>\n\n\n\n<figure class=\"wp-block-image size-large\"><img loading=\"lazy\" decoding=\"async\" width=\"819\" height=\"1024\" src=\"https:\/\/www.uic.mx\/posgrados\/wp-content\/uploads\/06-Ruta-online-819x1024.png\" alt=\"\" class=\"wp-image-2719\" srcset=\"https:\/\/www.uic.mx\/posgrados\/wp-content\/uploads\/06-Ruta-online-819x1024.png 819w, https:\/\/www.uic.mx\/posgrados\/wp-content\/uploads\/06-Ruta-online-240x300.png 240w, https:\/\/www.uic.mx\/posgrados\/wp-content\/uploads\/06-Ruta-online-768x960.png 768w, https:\/\/www.uic.mx\/posgrados\/wp-content\/uploads\/06-Ruta-online.png 1080w\" sizes=\"(max-width: 819px) 100vw, 819px\" \/><\/figure>\n\n\n\n<h3 class=\"wp-block-heading\">Modalidad Presencial:<\/h3>\n\n\n\n<ul start=\"5\" class=\"wp-block-list\">\n<li><strong>Ruta Cultural (Presencial)<\/strong><br>Junta de inicio: Viernes 6 de febrero | 15:00 h (Teams)<br><em>(Nota: La junta informativa es en l\u00ednea, la actividad posterior ser\u00e1 presencial)<\/em><\/li>\n<\/ul>\n\n\n\n<figure class=\"wp-block-image size-large\"><img loading=\"lazy\" decoding=\"async\" width=\"819\" height=\"1024\" src=\"https:\/\/www.uic.mx\/posgrados\/wp-content\/uploads\/05-Ruta-Presencial-819x1024.png\" alt=\"\" class=\"wp-image-2720\" srcset=\"https:\/\/www.uic.mx\/posgrados\/wp-content\/uploads\/05-Ruta-Presencial-819x1024.png 819w, https:\/\/www.uic.mx\/posgrados\/wp-content\/uploads\/05-Ruta-Presencial-240x300.png 240w, https:\/\/www.uic.mx\/posgrados\/wp-content\/uploads\/05-Ruta-Presencial-768x960.png 768w, https:\/\/www.uic.mx\/posgrados\/wp-content\/uploads\/05-Ruta-Presencial.png 1080w\" sizes=\"(max-width: 819px) 100vw, 819px\" \/><\/figure>\n\n\n\n<div style=\"height:30px\" aria-hidden=\"true\" class=\"wp-block-spacer\"><\/div>\n\n\n\n<p>Todas las pr\u00e1cticas&nbsp;<strong>aperturan con un cupo m\u00ednimo<\/strong>&nbsp;y las inscripciones estar\u00e1n abiertas hasta el&nbsp;<strong>13 de febrero<\/strong>. Para m\u00e1s detalles sobre el contenido de cada pr\u00e1ctica, te invitamos a visitar nuestro micrositio oficial.<\/p>\n\n\n\n<div style=\"height:30px\" aria-hidden=\"true\" class=\"wp-block-spacer\"><\/div>\n\n\n\n<h2 class=\"wp-block-heading\">M\u00e1s que pr\u00e1cticas: beneficios y comunidad<\/h2>\n\n\n\n<div style=\"height:30px\" aria-hidden=\"true\" class=\"wp-block-spacer\"><\/div>\n\n\n\n<p>Adem\u00e1s de las Pr\u00e1cticas Universitarias, desde la Coordinaci\u00f3n de Difusi\u00f3n Cultural (CDC) ofrecen otros servicios pensados en ti:<\/p>\n\n\n\n<div style=\"height:20px\" aria-hidden=\"true\" class=\"wp-block-spacer\"><\/div>\n\n\n\n<ul class=\"wp-block-list\">\n<li><strong>Beneficios Culturales en la CDMX<\/strong>: Accede a promociones, descuentos y cortes\u00edas para obras de teatro, danza, conciertos, parques y m\u00e1s. \u00a1S\u00edguenos en redes para no perd\u00e9rtelo!<\/li>\n\n\n\n<li><strong>Bolet\u00edn INFORMARTE<\/strong>: Recibe informaci\u00f3n actualizada sobre la oferta cultural y la de la ciudad directamente en tu correo. Suscr\u00edbete en la p\u00e1gina o escribiendo a:&nbsp;difusionculturaluic@universidad-uic.edu.mx<\/li>\n\n\n\n<li><strong>Experiencias Formativas de Arte<\/strong>: Conoce la oferta completa de Talleres Recreativos y Grupos Representativos de Arte.<\/li>\n<\/ul>\n\n\n\n<div style=\"height:30px\" aria-hidden=\"true\" class=\"wp-block-spacer\"><\/div>\n\n\n\n<h2 class=\"wp-block-heading\">\u00bfC\u00f3mo unirse y mantenerse conectado?<\/h2>\n\n\n\n<div style=\"height:20px\" aria-hidden=\"true\" class=\"wp-block-spacer\"><\/div>\n\n\n\n<ul class=\"wp-block-list\">\n<li><strong>Micrositio oficial<\/strong>:&nbsp;<a href=\"https:\/\/www.uic.mx\/formacion-integral\/difusion-cultural\/\" target=\"_blank\" rel=\"noreferrer noopener\">https:\/\/www.uic.mx\/formacion-integral\/difusion-cultural\/<\/a><\/li>\n\n\n\n<li><strong>Redes sociales<\/strong>: B\u00fascalos en Facebook, TikTok, Instagram y YouTube como&nbsp;<strong>@dculturalUICMX<\/strong>.<\/li>\n<\/ul>\n\n\n\n<div style=\"height:28px\" aria-hidden=\"true\" class=\"wp-block-spacer\"><\/div>\n\n\n\n<p>\u201cLos invitamos a ser parte de esta comunidad cultural UIC, a explorar, crear y compartir desde cualquier lugar. El arte nos une, nos inspira y nos hace crecer juntos\u201d.<\/p>\n\n\n\n<div style=\"height:30px\" aria-hidden=\"true\" class=\"wp-block-spacer\"><\/div>\n\n\n\n<hr class=\"wp-block-separator has-alpha-channel-opacity\"\/>\n\n\n\n<p><strong>\u00bfListo para inscribirte?<\/strong><\/p>\n\n\n\n<p><br>No dejes pasar esta oportunidad de complementar tu formaci\u00f3n acad\u00e9mica con una experiencia art\u00edstica enriquecedora. Consulta las im\u00e1genes de cada pr\u00e1ctica a continuaci\u00f3n para m\u00e1s detalles visuales y elige tu favorita. \u00a1Te esperamos!<\/p>\n\n\n\n<div style=\"height:30px\" aria-hidden=\"true\" class=\"wp-block-spacer\"><\/div>\n\n\n\n<div style=\"height:20px\" aria-hidden=\"true\" class=\"wp-block-spacer\"><\/div>\n\n\n\n<p><\/p>\n","protected":false},"excerpt":{"rendered":"<p>&nbsp;Difusi\u00f3n Cultural UIC Comparte La cultura y el arte son pilares fundamentales en la formaci\u00f3n integral de nuestra comunidad universitaria. Consciente de ello, la Maestra Dora Mar\u00eda G\u00f3mez, desde el Departamento de Difusi\u00f3n cultural de la UIC, extiende una cordial invitaci\u00f3n a todos los estudiantes de posgrados, especialmente a quienes cursan sus estudios a distancia, [&hellip;]<\/p>\n","protected":false},"author":6,"featured_media":3222,"comment_status":"closed","ping_status":"closed","sticky":false,"template":"","format":"standard","meta":{"_acf_changed":false,"footnotes":""},"categories":[15],"tags":[],"class_list":["post-2715","post","type-post","status-publish","format-standard","has-post-thumbnail","hentry","category-formacion-integral"],"acf":[],"yoast_head":"<!-- This site is optimized with the Yoast SEO plugin v27.5 - https:\/\/yoast.com\/product\/yoast-seo-wordpress\/ -->\n<title>La Ruta del Conocimiento Tambi\u00e9n es Cultural: Invitaci\u00f3n Especial para Posgrados UIC - Posgrados UIC<\/title>\n<meta name=\"robots\" content=\"index, follow, max-snippet:-1, max-image-preview:large, max-video-preview:-1\" \/>\n<link rel=\"canonical\" href=\"https:\/\/www.uic.mx\/posgrados\/la-ruta-del-conocimiento-tambien-es-cultural-invitacion-especial-para-posgrados-uic\/\" \/>\n<meta property=\"og:locale\" content=\"es_MX\" \/>\n<meta property=\"og:type\" content=\"article\" \/>\n<meta property=\"og:title\" content=\"La Ruta del Conocimiento Tambi\u00e9n es Cultural: Invitaci\u00f3n Especial para Posgrados UIC - Posgrados UIC\" \/>\n<meta property=\"og:description\" content=\"&nbsp;Difusi\u00f3n Cultural UIC Comparte La cultura y el arte son pilares fundamentales en la formaci\u00f3n integral de nuestra comunidad universitaria. Consciente de ello, la Maestra Dora Mar\u00eda G\u00f3mez, desde el Departamento de Difusi\u00f3n cultural de la UIC, extiende una cordial invitaci\u00f3n a todos los estudiantes de posgrados, especialmente a quienes cursan sus estudios a distancia, [&hellip;]\" \/>\n<meta property=\"og:url\" content=\"https:\/\/www.uic.mx\/posgrados\/la-ruta-del-conocimiento-tambien-es-cultural-invitacion-especial-para-posgrados-uic\/\" \/>\n<meta property=\"og:site_name\" content=\"Posgrados UIC\" \/>\n<meta property=\"article:published_time\" content=\"2026-01-16T17:56:58+00:00\" \/>\n<meta property=\"article:modified_time\" content=\"2026-01-30T16:19:12+00:00\" \/>\n<meta property=\"og:image\" content=\"https:\/\/www.uic.mx\/posgrados\/wp-content\/uploads\/image_d4023aa9-1024x747.png\" \/>\n\t<meta property=\"og:image:width\" content=\"1024\" \/>\n\t<meta property=\"og:image:height\" content=\"747\" \/>\n\t<meta property=\"og:image:type\" content=\"image\/png\" \/>\n<meta name=\"author\" content=\"Abraham Cruz\" \/>\n<meta name=\"twitter:card\" content=\"summary_large_image\" \/>\n<meta name=\"twitter:label1\" content=\"Escrito por\" \/>\n\t<meta name=\"twitter:data1\" content=\"Abraham Cruz\" \/>\n\t<meta name=\"twitter:label2\" content=\"Tiempo de lectura\" \/>\n\t<meta name=\"twitter:data2\" content=\"4 minutos\" \/>\n<script type=\"application\/ld+json\" class=\"yoast-schema-graph\">{\"@context\":\"https:\\\/\\\/schema.org\",\"@graph\":[{\"@type\":\"Article\",\"@id\":\"https:\\\/\\\/www.uic.mx\\\/posgrados\\\/la-ruta-del-conocimiento-tambien-es-cultural-invitacion-especial-para-posgrados-uic\\\/#article\",\"isPartOf\":{\"@id\":\"https:\\\/\\\/www.uic.mx\\\/posgrados\\\/la-ruta-del-conocimiento-tambien-es-cultural-invitacion-especial-para-posgrados-uic\\\/\"},\"author\":{\"name\":\"Abraham Cruz\",\"@id\":\"https:\\\/\\\/www.uic.mx\\\/posgrados\\\/#\\\/schema\\\/person\\\/30b6bcfd786206c90b45e1f404a1e322\"},\"headline\":\"La Ruta del Conocimiento Tambi\u00e9n es Cultural: Invitaci\u00f3n Especial para Posgrados UIC\",\"datePublished\":\"2026-01-16T17:56:58+00:00\",\"dateModified\":\"2026-01-30T16:19:12+00:00\",\"mainEntityOfPage\":{\"@id\":\"https:\\\/\\\/www.uic.mx\\\/posgrados\\\/la-ruta-del-conocimiento-tambien-es-cultural-invitacion-especial-para-posgrados-uic\\\/\"},\"wordCount\":510,\"publisher\":{\"@id\":\"https:\\\/\\\/www.uic.mx\\\/posgrados\\\/#organization\"},\"image\":{\"@id\":\"https:\\\/\\\/www.uic.mx\\\/posgrados\\\/la-ruta-del-conocimiento-tambien-es-cultural-invitacion-especial-para-posgrados-uic\\\/#primaryimage\"},\"thumbnailUrl\":\"https:\\\/\\\/www.uic.mx\\\/posgrados\\\/wp-content\\\/uploads\\\/image_d4023aa9.png\",\"articleSection\":[\"Formaci\u00f3n Integral\"],\"inLanguage\":\"es\"},{\"@type\":\"WebPage\",\"@id\":\"https:\\\/\\\/www.uic.mx\\\/posgrados\\\/la-ruta-del-conocimiento-tambien-es-cultural-invitacion-especial-para-posgrados-uic\\\/\",\"url\":\"https:\\\/\\\/www.uic.mx\\\/posgrados\\\/la-ruta-del-conocimiento-tambien-es-cultural-invitacion-especial-para-posgrados-uic\\\/\",\"name\":\"La Ruta del Conocimiento Tambi\u00e9n es Cultural: Invitaci\u00f3n Especial para Posgrados UIC - Posgrados UIC\",\"isPartOf\":{\"@id\":\"https:\\\/\\\/www.uic.mx\\\/posgrados\\\/#website\"},\"primaryImageOfPage\":{\"@id\":\"https:\\\/\\\/www.uic.mx\\\/posgrados\\\/la-ruta-del-conocimiento-tambien-es-cultural-invitacion-especial-para-posgrados-uic\\\/#primaryimage\"},\"image\":{\"@id\":\"https:\\\/\\\/www.uic.mx\\\/posgrados\\\/la-ruta-del-conocimiento-tambien-es-cultural-invitacion-especial-para-posgrados-uic\\\/#primaryimage\"},\"thumbnailUrl\":\"https:\\\/\\\/www.uic.mx\\\/posgrados\\\/wp-content\\\/uploads\\\/image_d4023aa9.png\",\"datePublished\":\"2026-01-16T17:56:58+00:00\",\"dateModified\":\"2026-01-30T16:19:12+00:00\",\"breadcrumb\":{\"@id\":\"https:\\\/\\\/www.uic.mx\\\/posgrados\\\/la-ruta-del-conocimiento-tambien-es-cultural-invitacion-especial-para-posgrados-uic\\\/#breadcrumb\"},\"inLanguage\":\"es\",\"potentialAction\":[{\"@type\":\"ReadAction\",\"target\":[\"https:\\\/\\\/www.uic.mx\\\/posgrados\\\/la-ruta-del-conocimiento-tambien-es-cultural-invitacion-especial-para-posgrados-uic\\\/\"]}]},{\"@type\":\"ImageObject\",\"inLanguage\":\"es\",\"@id\":\"https:\\\/\\\/www.uic.mx\\\/posgrados\\\/la-ruta-del-conocimiento-tambien-es-cultural-invitacion-especial-para-posgrados-uic\\\/#primaryimage\",\"url\":\"https:\\\/\\\/www.uic.mx\\\/posgrados\\\/wp-content\\\/uploads\\\/image_d4023aa9.png\",\"contentUrl\":\"https:\\\/\\\/www.uic.mx\\\/posgrados\\\/wp-content\\\/uploads\\\/image_d4023aa9.png\",\"width\":1184,\"height\":864},{\"@type\":\"BreadcrumbList\",\"@id\":\"https:\\\/\\\/www.uic.mx\\\/posgrados\\\/la-ruta-del-conocimiento-tambien-es-cultural-invitacion-especial-para-posgrados-uic\\\/#breadcrumb\",\"itemListElement\":[{\"@type\":\"ListItem\",\"position\":1,\"name\":\"Inicio\",\"item\":\"https:\\\/\\\/www.uic.mx\\\/posgrados\\\/\"},{\"@type\":\"ListItem\",\"position\":2,\"name\":\"La Ruta del Conocimiento Tambi\u00e9n es Cultural: Invitaci\u00f3n Especial para Posgrados UIC\"}]},{\"@type\":\"WebSite\",\"@id\":\"https:\\\/\\\/www.uic.mx\\\/posgrados\\\/#website\",\"url\":\"https:\\\/\\\/www.uic.mx\\\/posgrados\\\/\",\"name\":\"Posgrados UIC\",\"description\":\"\",\"publisher\":{\"@id\":\"https:\\\/\\\/www.uic.mx\\\/posgrados\\\/#organization\"},\"potentialAction\":[{\"@type\":\"SearchAction\",\"target\":{\"@type\":\"EntryPoint\",\"urlTemplate\":\"https:\\\/\\\/www.uic.mx\\\/posgrados\\\/?s={search_term_string}\"},\"query-input\":{\"@type\":\"PropertyValueSpecification\",\"valueRequired\":true,\"valueName\":\"search_term_string\"}}],\"inLanguage\":\"es\"},{\"@type\":\"Organization\",\"@id\":\"https:\\\/\\\/www.uic.mx\\\/posgrados\\\/#organization\",\"name\":\"Posgrados UIC\",\"url\":\"https:\\\/\\\/www.uic.mx\\\/posgrados\\\/\",\"logo\":{\"@type\":\"ImageObject\",\"inLanguage\":\"es\",\"@id\":\"https:\\\/\\\/www.uic.mx\\\/posgrados\\\/#\\\/schema\\\/logo\\\/image\\\/\",\"url\":\"https:\\\/\\\/www.uic.mx\\\/posgrados\\\/wp-content\\\/uploads\\\/Logo-50-Universidad-Intercontinental-horizontal-blanco-scaled.png\",\"contentUrl\":\"https:\\\/\\\/www.uic.mx\\\/posgrados\\\/wp-content\\\/uploads\\\/Logo-50-Universidad-Intercontinental-horizontal-blanco-scaled.png\",\"width\":2560,\"height\":643,\"caption\":\"Posgrados UIC\"},\"image\":{\"@id\":\"https:\\\/\\\/www.uic.mx\\\/posgrados\\\/#\\\/schema\\\/logo\\\/image\\\/\"}},{\"@type\":\"Person\",\"@id\":\"https:\\\/\\\/www.uic.mx\\\/posgrados\\\/#\\\/schema\\\/person\\\/30b6bcfd786206c90b45e1f404a1e322\",\"name\":\"Abraham Cruz\",\"image\":{\"@type\":\"ImageObject\",\"inLanguage\":\"es\",\"@id\":\"https:\\\/\\\/secure.gravatar.com\\\/avatar\\\/09b20d8945f044a2e7d64b6f252644eb712d8bf82fbd71201e2e8d072f3a0a72?s=96&d=mm&r=g\",\"url\":\"https:\\\/\\\/secure.gravatar.com\\\/avatar\\\/09b20d8945f044a2e7d64b6f252644eb712d8bf82fbd71201e2e8d072f3a0a72?s=96&d=mm&r=g\",\"contentUrl\":\"https:\\\/\\\/secure.gravatar.com\\\/avatar\\\/09b20d8945f044a2e7d64b6f252644eb712d8bf82fbd71201e2e8d072f3a0a72?s=96&d=mm&r=g\",\"caption\":\"Abraham Cruz\"},\"url\":\"https:\\\/\\\/www.uic.mx\\\/posgrados\\\/author\\\/abrahamcruz\\\/\"}]}<\/script>\n<!-- \/ Yoast SEO plugin. -->","yoast_head_json":{"title":"La Ruta del Conocimiento Tambi\u00e9n es Cultural: Invitaci\u00f3n Especial para Posgrados UIC - Posgrados UIC","robots":{"index":"index","follow":"follow","max-snippet":"max-snippet:-1","max-image-preview":"max-image-preview:large","max-video-preview":"max-video-preview:-1"},"canonical":"https:\/\/www.uic.mx\/posgrados\/la-ruta-del-conocimiento-tambien-es-cultural-invitacion-especial-para-posgrados-uic\/","og_locale":"es_MX","og_type":"article","og_title":"La Ruta del Conocimiento Tambi\u00e9n es Cultural: Invitaci\u00f3n Especial para Posgrados UIC - Posgrados UIC","og_description":"&nbsp;Difusi\u00f3n Cultural UIC Comparte La cultura y el arte son pilares fundamentales en la formaci\u00f3n integral de nuestra comunidad universitaria. Consciente de ello, la Maestra Dora Mar\u00eda G\u00f3mez, desde el Departamento de Difusi\u00f3n cultural de la UIC, extiende una cordial invitaci\u00f3n a todos los estudiantes de posgrados, especialmente a quienes cursan sus estudios a distancia, [&hellip;]","og_url":"https:\/\/www.uic.mx\/posgrados\/la-ruta-del-conocimiento-tambien-es-cultural-invitacion-especial-para-posgrados-uic\/","og_site_name":"Posgrados UIC","article_published_time":"2026-01-16T17:56:58+00:00","article_modified_time":"2026-01-30T16:19:12+00:00","og_image":[{"width":1024,"height":747,"url":"https:\/\/www.uic.mx\/posgrados\/wp-content\/uploads\/image_d4023aa9-1024x747.png","type":"image\/png"}],"author":"Abraham Cruz","twitter_card":"summary_large_image","twitter_misc":{"Escrito por":"Abraham Cruz","Tiempo de lectura":"4 minutos"},"schema":{"@context":"https:\/\/schema.org","@graph":[{"@type":"Article","@id":"https:\/\/www.uic.mx\/posgrados\/la-ruta-del-conocimiento-tambien-es-cultural-invitacion-especial-para-posgrados-uic\/#article","isPartOf":{"@id":"https:\/\/www.uic.mx\/posgrados\/la-ruta-del-conocimiento-tambien-es-cultural-invitacion-especial-para-posgrados-uic\/"},"author":{"name":"Abraham Cruz","@id":"https:\/\/www.uic.mx\/posgrados\/#\/schema\/person\/30b6bcfd786206c90b45e1f404a1e322"},"headline":"La Ruta del Conocimiento Tambi\u00e9n es Cultural: Invitaci\u00f3n Especial para Posgrados UIC","datePublished":"2026-01-16T17:56:58+00:00","dateModified":"2026-01-30T16:19:12+00:00","mainEntityOfPage":{"@id":"https:\/\/www.uic.mx\/posgrados\/la-ruta-del-conocimiento-tambien-es-cultural-invitacion-especial-para-posgrados-uic\/"},"wordCount":510,"publisher":{"@id":"https:\/\/www.uic.mx\/posgrados\/#organization"},"image":{"@id":"https:\/\/www.uic.mx\/posgrados\/la-ruta-del-conocimiento-tambien-es-cultural-invitacion-especial-para-posgrados-uic\/#primaryimage"},"thumbnailUrl":"https:\/\/www.uic.mx\/posgrados\/wp-content\/uploads\/image_d4023aa9.png","articleSection":["Formaci\u00f3n Integral"],"inLanguage":"es"},{"@type":"WebPage","@id":"https:\/\/www.uic.mx\/posgrados\/la-ruta-del-conocimiento-tambien-es-cultural-invitacion-especial-para-posgrados-uic\/","url":"https:\/\/www.uic.mx\/posgrados\/la-ruta-del-conocimiento-tambien-es-cultural-invitacion-especial-para-posgrados-uic\/","name":"La Ruta del Conocimiento Tambi\u00e9n es Cultural: Invitaci\u00f3n Especial para Posgrados UIC - Posgrados UIC","isPartOf":{"@id":"https:\/\/www.uic.mx\/posgrados\/#website"},"primaryImageOfPage":{"@id":"https:\/\/www.uic.mx\/posgrados\/la-ruta-del-conocimiento-tambien-es-cultural-invitacion-especial-para-posgrados-uic\/#primaryimage"},"image":{"@id":"https:\/\/www.uic.mx\/posgrados\/la-ruta-del-conocimiento-tambien-es-cultural-invitacion-especial-para-posgrados-uic\/#primaryimage"},"thumbnailUrl":"https:\/\/www.uic.mx\/posgrados\/wp-content\/uploads\/image_d4023aa9.png","datePublished":"2026-01-16T17:56:58+00:00","dateModified":"2026-01-30T16:19:12+00:00","breadcrumb":{"@id":"https:\/\/www.uic.mx\/posgrados\/la-ruta-del-conocimiento-tambien-es-cultural-invitacion-especial-para-posgrados-uic\/#breadcrumb"},"inLanguage":"es","potentialAction":[{"@type":"ReadAction","target":["https:\/\/www.uic.mx\/posgrados\/la-ruta-del-conocimiento-tambien-es-cultural-invitacion-especial-para-posgrados-uic\/"]}]},{"@type":"ImageObject","inLanguage":"es","@id":"https:\/\/www.uic.mx\/posgrados\/la-ruta-del-conocimiento-tambien-es-cultural-invitacion-especial-para-posgrados-uic\/#primaryimage","url":"https:\/\/www.uic.mx\/posgrados\/wp-content\/uploads\/image_d4023aa9.png","contentUrl":"https:\/\/www.uic.mx\/posgrados\/wp-content\/uploads\/image_d4023aa9.png","width":1184,"height":864},{"@type":"BreadcrumbList","@id":"https:\/\/www.uic.mx\/posgrados\/la-ruta-del-conocimiento-tambien-es-cultural-invitacion-especial-para-posgrados-uic\/#breadcrumb","itemListElement":[{"@type":"ListItem","position":1,"name":"Inicio","item":"https:\/\/www.uic.mx\/posgrados\/"},{"@type":"ListItem","position":2,"name":"La Ruta del Conocimiento Tambi\u00e9n es Cultural: Invitaci\u00f3n Especial para Posgrados UIC"}]},{"@type":"WebSite","@id":"https:\/\/www.uic.mx\/posgrados\/#website","url":"https:\/\/www.uic.mx\/posgrados\/","name":"Posgrados UIC","description":"","publisher":{"@id":"https:\/\/www.uic.mx\/posgrados\/#organization"},"potentialAction":[{"@type":"SearchAction","target":{"@type":"EntryPoint","urlTemplate":"https:\/\/www.uic.mx\/posgrados\/?s={search_term_string}"},"query-input":{"@type":"PropertyValueSpecification","valueRequired":true,"valueName":"search_term_string"}}],"inLanguage":"es"},{"@type":"Organization","@id":"https:\/\/www.uic.mx\/posgrados\/#organization","name":"Posgrados UIC","url":"https:\/\/www.uic.mx\/posgrados\/","logo":{"@type":"ImageObject","inLanguage":"es","@id":"https:\/\/www.uic.mx\/posgrados\/#\/schema\/logo\/image\/","url":"https:\/\/www.uic.mx\/posgrados\/wp-content\/uploads\/Logo-50-Universidad-Intercontinental-horizontal-blanco-scaled.png","contentUrl":"https:\/\/www.uic.mx\/posgrados\/wp-content\/uploads\/Logo-50-Universidad-Intercontinental-horizontal-blanco-scaled.png","width":2560,"height":643,"caption":"Posgrados UIC"},"image":{"@id":"https:\/\/www.uic.mx\/posgrados\/#\/schema\/logo\/image\/"}},{"@type":"Person","@id":"https:\/\/www.uic.mx\/posgrados\/#\/schema\/person\/30b6bcfd786206c90b45e1f404a1e322","name":"Abraham Cruz","image":{"@type":"ImageObject","inLanguage":"es","@id":"https:\/\/secure.gravatar.com\/avatar\/09b20d8945f044a2e7d64b6f252644eb712d8bf82fbd71201e2e8d072f3a0a72?s=96&d=mm&r=g","url":"https:\/\/secure.gravatar.com\/avatar\/09b20d8945f044a2e7d64b6f252644eb712d8bf82fbd71201e2e8d072f3a0a72?s=96&d=mm&r=g","contentUrl":"https:\/\/secure.gravatar.com\/avatar\/09b20d8945f044a2e7d64b6f252644eb712d8bf82fbd71201e2e8d072f3a0a72?s=96&d=mm&r=g","caption":"Abraham Cruz"},"url":"https:\/\/www.uic.mx\/posgrados\/author\/abrahamcruz\/"}]}},"_links":{"self":[{"href":"https:\/\/www.uic.mx\/posgrados\/wp-json\/wp\/v2\/posts\/2715","targetHints":{"allow":["GET"]}}],"collection":[{"href":"https:\/\/www.uic.mx\/posgrados\/wp-json\/wp\/v2\/posts"}],"about":[{"href":"https:\/\/www.uic.mx\/posgrados\/wp-json\/wp\/v2\/types\/post"}],"author":[{"embeddable":true,"href":"https:\/\/www.uic.mx\/posgrados\/wp-json\/wp\/v2\/users\/6"}],"replies":[{"embeddable":true,"href":"https:\/\/www.uic.mx\/posgrados\/wp-json\/wp\/v2\/comments?post=2715"}],"version-history":[{"count":3,"href":"https:\/\/www.uic.mx\/posgrados\/wp-json\/wp\/v2\/posts\/2715\/revisions"}],"predecessor-version":[{"id":3227,"href":"https:\/\/www.uic.mx\/posgrados\/wp-json\/wp\/v2\/posts\/2715\/revisions\/3227"}],"wp:featuredmedia":[{"embeddable":true,"href":"https:\/\/www.uic.mx\/posgrados\/wp-json\/wp\/v2\/media\/3222"}],"wp:attachment":[{"href":"https:\/\/www.uic.mx\/posgrados\/wp-json\/wp\/v2\/media?parent=2715"}],"wp:term":[{"taxonomy":"category","embeddable":true,"href":"https:\/\/www.uic.mx\/posgrados\/wp-json\/wp\/v2\/categories?post=2715"},{"taxonomy":"post_tag","embeddable":true,"href":"https:\/\/www.uic.mx\/posgrados\/wp-json\/wp\/v2\/tags?post=2715"}],"curies":[{"name":"wp","href":"https:\/\/api.w.org\/{rel}","templated":true}]}}