{"id":3104,"date":"2026-01-21T10:59:34","date_gmt":"2026-01-21T16:59:34","guid":{"rendered":"https:\/\/www.uic.mx\/posgrados\/?p=3104"},"modified":"2026-04-08T12:59:23","modified_gmt":"2026-04-08T18:59:23","slug":"un-nuevo-ciclo-comienza-bienvenidos-al-psine-analisis-de-primavera-2026","status":"publish","type":"post","link":"https:\/\/www.uic.mx\/posgrados\/un-nuevo-ciclo-comienza-bienvenidos-al-psine-analisis-de-primavera-2026\/","title":{"rendered":"PSINE-An\u00e1lisis de Primavera 2026"},"content":{"rendered":"\n<h2 class=\"wp-block-heading\"><em>&#8220;Con\u00e9ctate a la transmisi\u00f3n y s\u00e9 parte del debate cinematogr\u00e1fico y psicoanal\u00edtico&#8221;<\/em><\/h2>\n\n\n\n<div style=\"height:30px\" aria-hidden=\"true\" class=\"wp-block-spacer\"><\/div>\n\n\n\n<div style=\"height:30px\" aria-hidden=\"true\" class=\"wp-block-spacer\"><\/div>\n\n\n\n<p>Estimada comunidad de posgrados:<\/p>\n\n\n\n<div style=\"height:30px\" aria-hidden=\"true\" class=\"wp-block-spacer\"><\/div>\n\n\n\n<p>Con gran entusiasmo que la\u00a0<strong>Direcci\u00f3n de Posgrados en Psicoan\u00e1lisis<\/strong>\u00a0les da la m\u00e1s cordial\u00a0<strong>bienvenida al ciclo de PSINEAN\u00c1LISIS 2026<\/strong>. Con este espacio dedicado a explorar, desde la mirada psicoanal\u00edtica, los cruces entre el cine, la tecnolog\u00eda y la condici\u00f3n humana.<\/p>\n\n\n\n<div style=\"height:30px\" aria-hidden=\"true\" class=\"wp-block-spacer\"><\/div>\n\n\n\n<div style=\"height:30px\" aria-hidden=\"true\" class=\"wp-block-spacer\"><\/div>\n\n\n\n<p>Nos complace invitarlos a este an\u00e1lisis, dedicado a dos pel\u00edculas:\u00a0<strong>&#8220;Metropolis&#8221;<\/strong>\u00a0y\u00a0<strong>&#8220;Ex Machina&#8221;<\/strong>.<\/p>\n\n\n\n<div style=\"height:30px\" aria-hidden=\"true\" class=\"wp-block-spacer\"><\/div>\n\n\n\n<p><strong>Fecha y horario:<\/strong><br>12 de mayo de 2026<br>De 18:00 a 20:00 horas<\/p>\n\n\n\n<div style=\"height:30px\" aria-hidden=\"true\" class=\"wp-block-spacer\"><\/div>\n\n\n\n<p><strong>Transmisi\u00f3n en vivo v\u00eda:<\/strong><br>Facebook: @UICMx<br>YouTube: www.youtube.com\/@UICeduMx2014 <\/p>\n\n\n\n<div style=\"height:30px\" aria-hidden=\"true\" class=\"wp-block-spacer\"><\/div>\n\n\n\n<p>Bajo el acompa\u00f1amiento de todo el equipo que hace posible este espacio, les da la m\u00e1s cordial bienvenida:\u00a0<strong>Dr. Roberto Vargas Arreola, Dr. Gerardo Hern\u00e1ndez G\u00f3mez, Denyse Huerta, Karen Diana Vieyra y Abraham Cruz<\/strong>. Juntos, han preparado este encuentro como un lugar para el di\u00e1logo y la reflexi\u00f3n colectiva, donde todas las voces son bienvenidas.<\/p>\n\n\n\n<div style=\"height:30px\" aria-hidden=\"true\" class=\"wp-block-spacer\"><\/div>\n\n\n\n<p> Este espacio busca reflexionar sobre la relaci\u00f3n entre la tecnolog\u00eda, la subjetividad y el deseo, tomando como punto de partida la provocadora frase:<\/p>\n\n\n\n<p><br><em>\u201cCuando el algoritmo aspire a ser sujeto, solo el coraz\u00f3n podr\u00e1 mediar entre el cerebro y la mano.\u201d<\/em><\/p>\n\n\n\n<div style=\"height:30px\" aria-hidden=\"true\" class=\"wp-block-spacer\"><\/div>\n\n\n\n<div style=\"height:30px\" aria-hidden=\"true\" class=\"wp-block-spacer\"><\/div>\n\n\n\n<p>Contaremos con la participaci\u00f3n de un destacado panel integrado por:<\/p>\n\n\n\n<div style=\"height:30px\" aria-hidden=\"true\" class=\"wp-block-spacer\"><\/div>\n\n\n\n<ul class=\"wp-block-list\">\n<li>Dr. Jos\u00e9 S\u00e1nchez Jim\u00e9nez, representado a los docentes.<\/li>\n\n\n\n<li>Israel Flores Gonz\u00e1lez, representado a los estudiantes del posdoctorado.<\/li>\n\n\n\n<li>Am\u00e9rica Alejandra Calder\u00f3n de los R\u00edos, representando a los estudiantes de doctorado.<\/li>\n\n\n\n<li>Luis Alberto Lechuga Zurita, representando a los estudiantes de maestr\u00eda. <\/li>\n<\/ul>\n\n\n\n<div style=\"height:30px\" aria-hidden=\"true\" class=\"wp-block-spacer\"><\/div>\n\n\n\n<p><strong>Recomendaci\u00f3n importante:<\/strong><br>Para aprovechar al m\u00e1ximo el an\u00e1lisis y participar de forma activa en el di\u00e1logo, es fundamental que los asistentes hayan visto previamente las pel\u00edculas. Dado que la sesi\u00f3n se centrar\u00e1 directamente en el an\u00e1lisis y la discusi\u00f3n, no habr\u00e1 proyecci\u00f3n durante el evento. Les sugerimos verlas con anticipaci\u00f3n en cualquier de las principales plataformas de streaming o servicio de video donde est\u00e9n disponibles.<\/p>\n\n\n\n<div style=\"height:30px\" aria-hidden=\"true\" class=\"wp-block-spacer\"><\/div>\n\n\n\n<p>Este psinean\u00e1lisis del a\u00f1o representa una oportunidad \u00fanica para el di\u00e1logo, la reflexi\u00f3n cr\u00edtica y el encuentro entre estudiantes, acad\u00e9micos y la comunidad interesada en el psicoan\u00e1lisis y su v\u00ednculo con la cultura contempor\u00e1nea.<\/p>\n\n\n\n<div style=\"height:30px\" aria-hidden=\"true\" class=\"wp-block-spacer\"><\/div>\n\n\n\n<p>Los esperamos para este ciclo de pensamiento y debate.<br>\u00a1Sean todos bienvenidos!<\/p>\n\n\n\n<div style=\"height:30px\" aria-hidden=\"true\" class=\"wp-block-spacer\"><\/div>\n\n\n\n<p><strong>Atentamente,<br>Direcci\u00f3n de Posgrados en Psicoan\u00e1lisis<br>Universidad Intercontinental<\/strong><\/p>\n\n\n\n<figure class=\"wp-block-image size-large\"><img fetchpriority=\"high\" decoding=\"async\" width=\"369\" height=\"1024\" src=\"https:\/\/www.uic.mx\/posgrados\/wp-content\/uploads\/nuevo-banner-369x1024.jpg\" alt=\"\" class=\"wp-image-3232\" srcset=\"https:\/\/www.uic.mx\/posgrados\/wp-content\/uploads\/nuevo-banner-369x1024.jpg 369w, https:\/\/www.uic.mx\/posgrados\/wp-content\/uploads\/nuevo-banner-108x300.jpg 108w, https:\/\/www.uic.mx\/posgrados\/wp-content\/uploads\/nuevo-banner.jpg 424w\" sizes=\"(max-width: 369px) 100vw, 369px\" \/><\/figure>\n","protected":false},"excerpt":{"rendered":"<p>&#8220;Con\u00e9ctate a la transmisi\u00f3n y s\u00e9 parte del debate cinematogr\u00e1fico y psicoanal\u00edtico&#8221; Estimada comunidad de posgrados: Con gran entusiasmo que la\u00a0Direcci\u00f3n de Posgrados en Psicoan\u00e1lisis\u00a0les da la m\u00e1s cordial\u00a0bienvenida al ciclo de PSINEAN\u00c1LISIS 2026. Con este espacio dedicado a explorar, desde la mirada psicoanal\u00edtica, los cruces entre el cine, la tecnolog\u00eda y la condici\u00f3n humana. [&hellip;]<\/p>\n","protected":false},"author":6,"featured_media":3229,"comment_status":"closed","ping_status":"closed","sticky":false,"template":"","format":"standard","meta":{"_acf_changed":false,"footnotes":""},"categories":[11],"tags":[],"class_list":["post-3104","post","type-post","status-publish","format-standard","has-post-thumbnail","hentry","category-psicoanalisis"],"acf":[],"yoast_head":"<!-- This site is optimized with the Yoast SEO plugin v27.5 - https:\/\/yoast.com\/product\/yoast-seo-wordpress\/ -->\n<title>PSINE-An\u00e1lisis de Primavera 2026 - Posgrados UIC<\/title>\n<meta name=\"robots\" content=\"index, follow, max-snippet:-1, max-image-preview:large, max-video-preview:-1\" \/>\n<link rel=\"canonical\" href=\"https:\/\/www.uic.mx\/posgrados\/un-nuevo-ciclo-comienza-bienvenidos-al-psine-analisis-de-primavera-2026\/\" \/>\n<meta property=\"og:locale\" content=\"es_MX\" \/>\n<meta property=\"og:type\" content=\"article\" \/>\n<meta property=\"og:title\" content=\"PSINE-An\u00e1lisis de Primavera 2026 - Posgrados UIC\" \/>\n<meta property=\"og:description\" content=\"&#8220;Con\u00e9ctate a la transmisi\u00f3n y s\u00e9 parte del debate cinematogr\u00e1fico y psicoanal\u00edtico&#8221; Estimada comunidad de posgrados: Con gran entusiasmo que la\u00a0Direcci\u00f3n de Posgrados en Psicoan\u00e1lisis\u00a0les da la m\u00e1s cordial\u00a0bienvenida al ciclo de PSINEAN\u00c1LISIS 2026. Con este espacio dedicado a explorar, desde la mirada psicoanal\u00edtica, los cruces entre el cine, la tecnolog\u00eda y la condici\u00f3n humana. [&hellip;]\" \/>\n<meta property=\"og:url\" content=\"https:\/\/www.uic.mx\/posgrados\/un-nuevo-ciclo-comienza-bienvenidos-al-psine-analisis-de-primavera-2026\/\" \/>\n<meta property=\"og:site_name\" content=\"Posgrados UIC\" \/>\n<meta property=\"article:published_time\" content=\"2026-01-21T16:59:34+00:00\" \/>\n<meta property=\"article:modified_time\" content=\"2026-04-08T18:59:23+00:00\" \/>\n<meta property=\"og:image\" content=\"https:\/\/www.uic.mx\/posgrados\/wp-content\/uploads\/Artboard-6-100-1.jpg\" \/>\n\t<meta property=\"og:image:width\" content=\"769\" \/>\n\t<meta property=\"og:image:height\" content=\"386\" \/>\n\t<meta property=\"og:image:type\" content=\"image\/jpeg\" \/>\n<meta name=\"author\" content=\"Abraham Cruz\" \/>\n<meta name=\"twitter:card\" content=\"summary_large_image\" \/>\n<meta name=\"twitter:label1\" content=\"Escrito por\" \/>\n\t<meta name=\"twitter:data1\" content=\"Abraham Cruz\" \/>\n\t<meta name=\"twitter:label2\" content=\"Tiempo de lectura\" \/>\n\t<meta name=\"twitter:data2\" content=\"3 minutos\" \/>\n<script type=\"application\/ld+json\" class=\"yoast-schema-graph\">{\"@context\":\"https:\\\/\\\/schema.org\",\"@graph\":[{\"@type\":\"Article\",\"@id\":\"https:\\\/\\\/www.uic.mx\\\/posgrados\\\/un-nuevo-ciclo-comienza-bienvenidos-al-psine-analisis-de-primavera-2026\\\/#article\",\"isPartOf\":{\"@id\":\"https:\\\/\\\/www.uic.mx\\\/posgrados\\\/un-nuevo-ciclo-comienza-bienvenidos-al-psine-analisis-de-primavera-2026\\\/\"},\"author\":{\"name\":\"Abraham Cruz\",\"@id\":\"https:\\\/\\\/www.uic.mx\\\/posgrados\\\/#\\\/schema\\\/person\\\/30b6bcfd786206c90b45e1f404a1e322\"},\"headline\":\"PSINE-An\u00e1lisis de Primavera 2026\",\"datePublished\":\"2026-01-21T16:59:34+00:00\",\"dateModified\":\"2026-04-08T18:59:23+00:00\",\"mainEntityOfPage\":{\"@id\":\"https:\\\/\\\/www.uic.mx\\\/posgrados\\\/un-nuevo-ciclo-comienza-bienvenidos-al-psine-analisis-de-primavera-2026\\\/\"},\"wordCount\":411,\"publisher\":{\"@id\":\"https:\\\/\\\/www.uic.mx\\\/posgrados\\\/#organization\"},\"image\":{\"@id\":\"https:\\\/\\\/www.uic.mx\\\/posgrados\\\/un-nuevo-ciclo-comienza-bienvenidos-al-psine-analisis-de-primavera-2026\\\/#primaryimage\"},\"thumbnailUrl\":\"https:\\\/\\\/www.uic.mx\\\/posgrados\\\/wp-content\\\/uploads\\\/Artboard-6-100-1.jpg\",\"articleSection\":[\"Psicoan\u00e1lisis\"],\"inLanguage\":\"es\"},{\"@type\":\"WebPage\",\"@id\":\"https:\\\/\\\/www.uic.mx\\\/posgrados\\\/un-nuevo-ciclo-comienza-bienvenidos-al-psine-analisis-de-primavera-2026\\\/\",\"url\":\"https:\\\/\\\/www.uic.mx\\\/posgrados\\\/un-nuevo-ciclo-comienza-bienvenidos-al-psine-analisis-de-primavera-2026\\\/\",\"name\":\"PSINE-An\u00e1lisis de Primavera 2026 - Posgrados UIC\",\"isPartOf\":{\"@id\":\"https:\\\/\\\/www.uic.mx\\\/posgrados\\\/#website\"},\"primaryImageOfPage\":{\"@id\":\"https:\\\/\\\/www.uic.mx\\\/posgrados\\\/un-nuevo-ciclo-comienza-bienvenidos-al-psine-analisis-de-primavera-2026\\\/#primaryimage\"},\"image\":{\"@id\":\"https:\\\/\\\/www.uic.mx\\\/posgrados\\\/un-nuevo-ciclo-comienza-bienvenidos-al-psine-analisis-de-primavera-2026\\\/#primaryimage\"},\"thumbnailUrl\":\"https:\\\/\\\/www.uic.mx\\\/posgrados\\\/wp-content\\\/uploads\\\/Artboard-6-100-1.jpg\",\"datePublished\":\"2026-01-21T16:59:34+00:00\",\"dateModified\":\"2026-04-08T18:59:23+00:00\",\"breadcrumb\":{\"@id\":\"https:\\\/\\\/www.uic.mx\\\/posgrados\\\/un-nuevo-ciclo-comienza-bienvenidos-al-psine-analisis-de-primavera-2026\\\/#breadcrumb\"},\"inLanguage\":\"es\",\"potentialAction\":[{\"@type\":\"ReadAction\",\"target\":[\"https:\\\/\\\/www.uic.mx\\\/posgrados\\\/un-nuevo-ciclo-comienza-bienvenidos-al-psine-analisis-de-primavera-2026\\\/\"]}]},{\"@type\":\"ImageObject\",\"inLanguage\":\"es\",\"@id\":\"https:\\\/\\\/www.uic.mx\\\/posgrados\\\/un-nuevo-ciclo-comienza-bienvenidos-al-psine-analisis-de-primavera-2026\\\/#primaryimage\",\"url\":\"https:\\\/\\\/www.uic.mx\\\/posgrados\\\/wp-content\\\/uploads\\\/Artboard-6-100-1.jpg\",\"contentUrl\":\"https:\\\/\\\/www.uic.mx\\\/posgrados\\\/wp-content\\\/uploads\\\/Artboard-6-100-1.jpg\",\"width\":769,\"height\":386},{\"@type\":\"BreadcrumbList\",\"@id\":\"https:\\\/\\\/www.uic.mx\\\/posgrados\\\/un-nuevo-ciclo-comienza-bienvenidos-al-psine-analisis-de-primavera-2026\\\/#breadcrumb\",\"itemListElement\":[{\"@type\":\"ListItem\",\"position\":1,\"name\":\"Inicio\",\"item\":\"https:\\\/\\\/www.uic.mx\\\/posgrados\\\/\"},{\"@type\":\"ListItem\",\"position\":2,\"name\":\"PSINE-An\u00e1lisis de Primavera 2026\"}]},{\"@type\":\"WebSite\",\"@id\":\"https:\\\/\\\/www.uic.mx\\\/posgrados\\\/#website\",\"url\":\"https:\\\/\\\/www.uic.mx\\\/posgrados\\\/\",\"name\":\"Posgrados UIC\",\"description\":\"\",\"publisher\":{\"@id\":\"https:\\\/\\\/www.uic.mx\\\/posgrados\\\/#organization\"},\"potentialAction\":[{\"@type\":\"SearchAction\",\"target\":{\"@type\":\"EntryPoint\",\"urlTemplate\":\"https:\\\/\\\/www.uic.mx\\\/posgrados\\\/?s={search_term_string}\"},\"query-input\":{\"@type\":\"PropertyValueSpecification\",\"valueRequired\":true,\"valueName\":\"search_term_string\"}}],\"inLanguage\":\"es\"},{\"@type\":\"Organization\",\"@id\":\"https:\\\/\\\/www.uic.mx\\\/posgrados\\\/#organization\",\"name\":\"Posgrados UIC\",\"url\":\"https:\\\/\\\/www.uic.mx\\\/posgrados\\\/\",\"logo\":{\"@type\":\"ImageObject\",\"inLanguage\":\"es\",\"@id\":\"https:\\\/\\\/www.uic.mx\\\/posgrados\\\/#\\\/schema\\\/logo\\\/image\\\/\",\"url\":\"https:\\\/\\\/www.uic.mx\\\/posgrados\\\/wp-content\\\/uploads\\\/Logo-50-Universidad-Intercontinental-horizontal-blanco-scaled.png\",\"contentUrl\":\"https:\\\/\\\/www.uic.mx\\\/posgrados\\\/wp-content\\\/uploads\\\/Logo-50-Universidad-Intercontinental-horizontal-blanco-scaled.png\",\"width\":2560,\"height\":643,\"caption\":\"Posgrados UIC\"},\"image\":{\"@id\":\"https:\\\/\\\/www.uic.mx\\\/posgrados\\\/#\\\/schema\\\/logo\\\/image\\\/\"}},{\"@type\":\"Person\",\"@id\":\"https:\\\/\\\/www.uic.mx\\\/posgrados\\\/#\\\/schema\\\/person\\\/30b6bcfd786206c90b45e1f404a1e322\",\"name\":\"Abraham Cruz\",\"image\":{\"@type\":\"ImageObject\",\"inLanguage\":\"es\",\"@id\":\"https:\\\/\\\/secure.gravatar.com\\\/avatar\\\/09b20d8945f044a2e7d64b6f252644eb712d8bf82fbd71201e2e8d072f3a0a72?s=96&d=mm&r=g\",\"url\":\"https:\\\/\\\/secure.gravatar.com\\\/avatar\\\/09b20d8945f044a2e7d64b6f252644eb712d8bf82fbd71201e2e8d072f3a0a72?s=96&d=mm&r=g\",\"contentUrl\":\"https:\\\/\\\/secure.gravatar.com\\\/avatar\\\/09b20d8945f044a2e7d64b6f252644eb712d8bf82fbd71201e2e8d072f3a0a72?s=96&d=mm&r=g\",\"caption\":\"Abraham Cruz\"},\"url\":\"https:\\\/\\\/www.uic.mx\\\/posgrados\\\/author\\\/abrahamcruz\\\/\"}]}<\/script>\n<!-- \/ Yoast SEO plugin. -->","yoast_head_json":{"title":"PSINE-An\u00e1lisis de Primavera 2026 - Posgrados UIC","robots":{"index":"index","follow":"follow","max-snippet":"max-snippet:-1","max-image-preview":"max-image-preview:large","max-video-preview":"max-video-preview:-1"},"canonical":"https:\/\/www.uic.mx\/posgrados\/un-nuevo-ciclo-comienza-bienvenidos-al-psine-analisis-de-primavera-2026\/","og_locale":"es_MX","og_type":"article","og_title":"PSINE-An\u00e1lisis de Primavera 2026 - Posgrados UIC","og_description":"&#8220;Con\u00e9ctate a la transmisi\u00f3n y s\u00e9 parte del debate cinematogr\u00e1fico y psicoanal\u00edtico&#8221; Estimada comunidad de posgrados: Con gran entusiasmo que la\u00a0Direcci\u00f3n de Posgrados en Psicoan\u00e1lisis\u00a0les da la m\u00e1s cordial\u00a0bienvenida al ciclo de PSINEAN\u00c1LISIS 2026. Con este espacio dedicado a explorar, desde la mirada psicoanal\u00edtica, los cruces entre el cine, la tecnolog\u00eda y la condici\u00f3n humana. [&hellip;]","og_url":"https:\/\/www.uic.mx\/posgrados\/un-nuevo-ciclo-comienza-bienvenidos-al-psine-analisis-de-primavera-2026\/","og_site_name":"Posgrados UIC","article_published_time":"2026-01-21T16:59:34+00:00","article_modified_time":"2026-04-08T18:59:23+00:00","og_image":[{"width":769,"height":386,"url":"https:\/\/www.uic.mx\/posgrados\/wp-content\/uploads\/Artboard-6-100-1.jpg","type":"image\/jpeg"}],"author":"Abraham Cruz","twitter_card":"summary_large_image","twitter_misc":{"Escrito por":"Abraham Cruz","Tiempo de lectura":"3 minutos"},"schema":{"@context":"https:\/\/schema.org","@graph":[{"@type":"Article","@id":"https:\/\/www.uic.mx\/posgrados\/un-nuevo-ciclo-comienza-bienvenidos-al-psine-analisis-de-primavera-2026\/#article","isPartOf":{"@id":"https:\/\/www.uic.mx\/posgrados\/un-nuevo-ciclo-comienza-bienvenidos-al-psine-analisis-de-primavera-2026\/"},"author":{"name":"Abraham Cruz","@id":"https:\/\/www.uic.mx\/posgrados\/#\/schema\/person\/30b6bcfd786206c90b45e1f404a1e322"},"headline":"PSINE-An\u00e1lisis de Primavera 2026","datePublished":"2026-01-21T16:59:34+00:00","dateModified":"2026-04-08T18:59:23+00:00","mainEntityOfPage":{"@id":"https:\/\/www.uic.mx\/posgrados\/un-nuevo-ciclo-comienza-bienvenidos-al-psine-analisis-de-primavera-2026\/"},"wordCount":411,"publisher":{"@id":"https:\/\/www.uic.mx\/posgrados\/#organization"},"image":{"@id":"https:\/\/www.uic.mx\/posgrados\/un-nuevo-ciclo-comienza-bienvenidos-al-psine-analisis-de-primavera-2026\/#primaryimage"},"thumbnailUrl":"https:\/\/www.uic.mx\/posgrados\/wp-content\/uploads\/Artboard-6-100-1.jpg","articleSection":["Psicoan\u00e1lisis"],"inLanguage":"es"},{"@type":"WebPage","@id":"https:\/\/www.uic.mx\/posgrados\/un-nuevo-ciclo-comienza-bienvenidos-al-psine-analisis-de-primavera-2026\/","url":"https:\/\/www.uic.mx\/posgrados\/un-nuevo-ciclo-comienza-bienvenidos-al-psine-analisis-de-primavera-2026\/","name":"PSINE-An\u00e1lisis de Primavera 2026 - Posgrados UIC","isPartOf":{"@id":"https:\/\/www.uic.mx\/posgrados\/#website"},"primaryImageOfPage":{"@id":"https:\/\/www.uic.mx\/posgrados\/un-nuevo-ciclo-comienza-bienvenidos-al-psine-analisis-de-primavera-2026\/#primaryimage"},"image":{"@id":"https:\/\/www.uic.mx\/posgrados\/un-nuevo-ciclo-comienza-bienvenidos-al-psine-analisis-de-primavera-2026\/#primaryimage"},"thumbnailUrl":"https:\/\/www.uic.mx\/posgrados\/wp-content\/uploads\/Artboard-6-100-1.jpg","datePublished":"2026-01-21T16:59:34+00:00","dateModified":"2026-04-08T18:59:23+00:00","breadcrumb":{"@id":"https:\/\/www.uic.mx\/posgrados\/un-nuevo-ciclo-comienza-bienvenidos-al-psine-analisis-de-primavera-2026\/#breadcrumb"},"inLanguage":"es","potentialAction":[{"@type":"ReadAction","target":["https:\/\/www.uic.mx\/posgrados\/un-nuevo-ciclo-comienza-bienvenidos-al-psine-analisis-de-primavera-2026\/"]}]},{"@type":"ImageObject","inLanguage":"es","@id":"https:\/\/www.uic.mx\/posgrados\/un-nuevo-ciclo-comienza-bienvenidos-al-psine-analisis-de-primavera-2026\/#primaryimage","url":"https:\/\/www.uic.mx\/posgrados\/wp-content\/uploads\/Artboard-6-100-1.jpg","contentUrl":"https:\/\/www.uic.mx\/posgrados\/wp-content\/uploads\/Artboard-6-100-1.jpg","width":769,"height":386},{"@type":"BreadcrumbList","@id":"https:\/\/www.uic.mx\/posgrados\/un-nuevo-ciclo-comienza-bienvenidos-al-psine-analisis-de-primavera-2026\/#breadcrumb","itemListElement":[{"@type":"ListItem","position":1,"name":"Inicio","item":"https:\/\/www.uic.mx\/posgrados\/"},{"@type":"ListItem","position":2,"name":"PSINE-An\u00e1lisis de Primavera 2026"}]},{"@type":"WebSite","@id":"https:\/\/www.uic.mx\/posgrados\/#website","url":"https:\/\/www.uic.mx\/posgrados\/","name":"Posgrados UIC","description":"","publisher":{"@id":"https:\/\/www.uic.mx\/posgrados\/#organization"},"potentialAction":[{"@type":"SearchAction","target":{"@type":"EntryPoint","urlTemplate":"https:\/\/www.uic.mx\/posgrados\/?s={search_term_string}"},"query-input":{"@type":"PropertyValueSpecification","valueRequired":true,"valueName":"search_term_string"}}],"inLanguage":"es"},{"@type":"Organization","@id":"https:\/\/www.uic.mx\/posgrados\/#organization","name":"Posgrados UIC","url":"https:\/\/www.uic.mx\/posgrados\/","logo":{"@type":"ImageObject","inLanguage":"es","@id":"https:\/\/www.uic.mx\/posgrados\/#\/schema\/logo\/image\/","url":"https:\/\/www.uic.mx\/posgrados\/wp-content\/uploads\/Logo-50-Universidad-Intercontinental-horizontal-blanco-scaled.png","contentUrl":"https:\/\/www.uic.mx\/posgrados\/wp-content\/uploads\/Logo-50-Universidad-Intercontinental-horizontal-blanco-scaled.png","width":2560,"height":643,"caption":"Posgrados UIC"},"image":{"@id":"https:\/\/www.uic.mx\/posgrados\/#\/schema\/logo\/image\/"}},{"@type":"Person","@id":"https:\/\/www.uic.mx\/posgrados\/#\/schema\/person\/30b6bcfd786206c90b45e1f404a1e322","name":"Abraham Cruz","image":{"@type":"ImageObject","inLanguage":"es","@id":"https:\/\/secure.gravatar.com\/avatar\/09b20d8945f044a2e7d64b6f252644eb712d8bf82fbd71201e2e8d072f3a0a72?s=96&d=mm&r=g","url":"https:\/\/secure.gravatar.com\/avatar\/09b20d8945f044a2e7d64b6f252644eb712d8bf82fbd71201e2e8d072f3a0a72?s=96&d=mm&r=g","contentUrl":"https:\/\/secure.gravatar.com\/avatar\/09b20d8945f044a2e7d64b6f252644eb712d8bf82fbd71201e2e8d072f3a0a72?s=96&d=mm&r=g","caption":"Abraham Cruz"},"url":"https:\/\/www.uic.mx\/posgrados\/author\/abrahamcruz\/"}]}},"_links":{"self":[{"href":"https:\/\/www.uic.mx\/posgrados\/wp-json\/wp\/v2\/posts\/3104","targetHints":{"allow":["GET"]}}],"collection":[{"href":"https:\/\/www.uic.mx\/posgrados\/wp-json\/wp\/v2\/posts"}],"about":[{"href":"https:\/\/www.uic.mx\/posgrados\/wp-json\/wp\/v2\/types\/post"}],"author":[{"embeddable":true,"href":"https:\/\/www.uic.mx\/posgrados\/wp-json\/wp\/v2\/users\/6"}],"replies":[{"embeddable":true,"href":"https:\/\/www.uic.mx\/posgrados\/wp-json\/wp\/v2\/comments?post=3104"}],"version-history":[{"count":9,"href":"https:\/\/www.uic.mx\/posgrados\/wp-json\/wp\/v2\/posts\/3104\/revisions"}],"predecessor-version":[{"id":3614,"href":"https:\/\/www.uic.mx\/posgrados\/wp-json\/wp\/v2\/posts\/3104\/revisions\/3614"}],"wp:featuredmedia":[{"embeddable":true,"href":"https:\/\/www.uic.mx\/posgrados\/wp-json\/wp\/v2\/media\/3229"}],"wp:attachment":[{"href":"https:\/\/www.uic.mx\/posgrados\/wp-json\/wp\/v2\/media?parent=3104"}],"wp:term":[{"taxonomy":"category","embeddable":true,"href":"https:\/\/www.uic.mx\/posgrados\/wp-json\/wp\/v2\/categories?post=3104"},{"taxonomy":"post_tag","embeddable":true,"href":"https:\/\/www.uic.mx\/posgrados\/wp-json\/wp\/v2\/tags?post=3104"}],"curies":[{"name":"wp","href":"https:\/\/api.w.org\/{rel}","templated":true}]}}