{"id":3118,"date":"2026-01-21T12:17:41","date_gmt":"2026-01-21T18:17:41","guid":{"rendered":"https:\/\/www.uic.mx\/posgrados\/?p=3118"},"modified":"2026-01-26T11:43:42","modified_gmt":"2026-01-26T17:43:42","slug":"invitacion-especial-al-iii-coloquio-de-doctorado-en-administracion","status":"publish","type":"post","link":"https:\/\/www.uic.mx\/posgrados\/invitacion-especial-al-iii-coloquio-de-doctorado-en-administracion\/","title":{"rendered":"\u00a1Invitaci\u00f3n especial al III Coloquio de Doctorado en Administraci\u00f3n!"},"content":{"rendered":"\n<h2 class=\"wp-block-heading\">La Direcci\u00f3n de Posgrados en Innovaci\u00f3n Empresarial para la Competitividad les extiende una cordial invitaci\u00f3n<\/h2>\n\n\n\n<div style=\"height:30px\" aria-hidden=\"true\" class=\"wp-block-spacer\"><\/div>\n\n\n\n<p>A la comunidad universitaria:<\/p>\n\n\n\n<div style=\"height:28px\" aria-hidden=\"true\" class=\"wp-block-spacer\"><\/div>\n\n\n\n<p>En el marco de las celebraciones del&nbsp;<strong>Cincuentenario de la Universidad Intercontinental<\/strong>, la Direcci\u00f3n de Posgrados en Innovaci\u00f3n Empresarial para la Competitividad tiene el honor de invitar a la&nbsp;<strong>Conferencia Magistral del III Coloquio de Doctorado en Administraci\u00f3n<\/strong>, organizado por dicha direcci\u00f3n.<\/p>\n\n\n\n<div style=\"height:30px\" aria-hidden=\"true\" class=\"wp-block-spacer\"><\/div>\n\n\n\n<p>En esta edici\u00f3n se abordar\u00e1 un tema de gran relevancia acad\u00e9mica y profesional:<br><strong>\u201cLa Formaci\u00f3n de Posgrados en la Educaci\u00f3n Emergente y los Retos ante la Internacionalizaci\u00f3n\u201d<\/strong>.<\/p>\n\n\n\n<div style=\"height:30px\" aria-hidden=\"true\" class=\"wp-block-spacer\"><\/div>\n\n\n\n<p>Se contar\u00e1 con la distinguida participaci\u00f3n del&nbsp;<strong>Dr. Pedro Diogo Ant\u00f3nio Bengue<\/strong>, cuya amplia trayectoria y conocimientos enriquecer\u00e1n la reflexi\u00f3n en torno a las tendencias actuales, los desaf\u00edos y las oportunidades que enfrenta la formaci\u00f3n posgradual en un entorno globalizado.<\/p>\n\n\n\n<div style=\"height:30px\" aria-hidden=\"true\" class=\"wp-block-spacer\"><\/div>\n\n\n\n<p><strong>Detalles del evento:<\/strong><br>\ud83d\udcc5&nbsp;<strong>Fecha:<\/strong>&nbsp;7 de marzo de 2026<br>\u23f0&nbsp;<strong>Hora:<\/strong>&nbsp;9:00 h<br>\ud83d\udccd&nbsp;<strong>Lugar:<\/strong>&nbsp;Auditorio Teilhard de Chardin<br>\u23f3&nbsp;<strong>Duraci\u00f3n estimada:<\/strong>&nbsp;50 minutos<\/p>\n\n\n\n<div style=\"height:30px\" aria-hidden=\"true\" class=\"wp-block-spacer\"><\/div>\n\n\n\n<p>Este espacio est\u00e1 dirigido a estudiantes, docentes, investigadores y profesionales interesados en la evoluci\u00f3n de la educaci\u00f3n superior, la internacionalizaci\u00f3n y la competitividad en el \u00e1mbito empresarial.<\/p>\n\n\n\n<div style=\"height:30px\" aria-hidden=\"true\" class=\"wp-block-spacer\"><\/div>\n\n\n\n<p>Se espera la participaci\u00f3n de la comunidad para construir, en el marco de los 50 a\u00f1os de trayectoria universitaria, un di\u00e1logo propositivo y visionario.<\/p>\n\n\n\n<div style=\"height:29px\" aria-hidden=\"true\" class=\"wp-block-spacer\"><\/div>\n\n\n\n<p>Se agradece el inter\u00e9s y se invita a confirmar la asistencia.<\/p>\n\n\n\n<div style=\"height:30px\" aria-hidden=\"true\" class=\"wp-block-spacer\"><\/div>\n\n\n\n<p><strong>Dra. M\u00f3nica Leticia Parra Mart\u00ednez<\/strong><br>Directora Divisional de Posgrados<\/p>\n\n\n\n<div style=\"height:20px\" aria-hidden=\"true\" class=\"wp-block-spacer\"><\/div>\n\n\n\n<p><br><strong>Dr. Judas No\u00e9 Moctezuma Medina<\/strong><br>Director de Posgrados en Innovaci\u00f3n Empresarial para la Competitividad<\/p>\n\n\n\n<p><\/p>\n","protected":false},"excerpt":{"rendered":"<p>La Direcci\u00f3n de Posgrados en Innovaci\u00f3n Empresarial para la Competitividad les extiende una cordial invitaci\u00f3n A la comunidad universitaria: En el marco de las celebraciones del&nbsp;Cincuentenario de la Universidad Intercontinental, la Direcci\u00f3n de Posgrados en Innovaci\u00f3n Empresarial para la Competitividad tiene el honor de invitar a la&nbsp;Conferencia Magistral del III Coloquio de Doctorado en Administraci\u00f3n, [&hellip;]<\/p>\n","protected":false},"author":6,"featured_media":3219,"comment_status":"closed","ping_status":"closed","sticky":false,"template":"","format":"standard","meta":{"_acf_changed":false,"footnotes":""},"categories":[14],"tags":[],"class_list":["post-3118","post","type-post","status-publish","format-standard","has-post-thumbnail","hentry","category-innovacion-empresarial-para-la-competitividad"],"acf":[],"yoast_head":"<!-- This site is optimized with the Yoast SEO plugin v27.5 - https:\/\/yoast.com\/product\/yoast-seo-wordpress\/ -->\n<title>\u00a1Invitaci\u00f3n especial al III Coloquio de Doctorado en Administraci\u00f3n! - Posgrados UIC<\/title>\n<meta name=\"robots\" content=\"index, follow, max-snippet:-1, max-image-preview:large, max-video-preview:-1\" \/>\n<link rel=\"canonical\" href=\"https:\/\/www.uic.mx\/posgrados\/invitacion-especial-al-iii-coloquio-de-doctorado-en-administracion\/\" \/>\n<meta property=\"og:locale\" content=\"es_MX\" \/>\n<meta property=\"og:type\" content=\"article\" \/>\n<meta property=\"og:title\" content=\"\u00a1Invitaci\u00f3n especial al III Coloquio de Doctorado en Administraci\u00f3n! - Posgrados UIC\" \/>\n<meta property=\"og:description\" content=\"La Direcci\u00f3n de Posgrados en Innovaci\u00f3n Empresarial para la Competitividad les extiende una cordial invitaci\u00f3n A la comunidad universitaria: En el marco de las celebraciones del&nbsp;Cincuentenario de la Universidad Intercontinental, la Direcci\u00f3n de Posgrados en Innovaci\u00f3n Empresarial para la Competitividad tiene el honor de invitar a la&nbsp;Conferencia Magistral del III Coloquio de Doctorado en Administraci\u00f3n, [&hellip;]\" \/>\n<meta property=\"og:url\" content=\"https:\/\/www.uic.mx\/posgrados\/invitacion-especial-al-iii-coloquio-de-doctorado-en-administracion\/\" \/>\n<meta property=\"og:site_name\" content=\"Posgrados UIC\" \/>\n<meta property=\"article:published_time\" content=\"2026-01-21T18:17:41+00:00\" \/>\n<meta property=\"article:modified_time\" content=\"2026-01-26T17:43:42+00:00\" \/>\n<meta property=\"og:image\" content=\"https:\/\/www.uic.mx\/posgrados\/wp-content\/uploads\/image_8d5c9a1a.png\" \/>\n\t<meta property=\"og:image:width\" content=\"1024\" \/>\n\t<meta property=\"og:image:height\" content=\"1024\" \/>\n\t<meta property=\"og:image:type\" content=\"image\/png\" \/>\n<meta name=\"author\" content=\"Abraham Cruz\" \/>\n<meta name=\"twitter:card\" content=\"summary_large_image\" \/>\n<meta name=\"twitter:label1\" content=\"Escrito por\" \/>\n\t<meta name=\"twitter:data1\" content=\"Abraham Cruz\" \/>\n\t<meta name=\"twitter:label2\" content=\"Tiempo de lectura\" \/>\n\t<meta name=\"twitter:data2\" content=\"2 minutos\" \/>\n<script type=\"application\/ld+json\" class=\"yoast-schema-graph\">{\"@context\":\"https:\\\/\\\/schema.org\",\"@graph\":[{\"@type\":\"Article\",\"@id\":\"https:\\\/\\\/www.uic.mx\\\/posgrados\\\/invitacion-especial-al-iii-coloquio-de-doctorado-en-administracion\\\/#article\",\"isPartOf\":{\"@id\":\"https:\\\/\\\/www.uic.mx\\\/posgrados\\\/invitacion-especial-al-iii-coloquio-de-doctorado-en-administracion\\\/\"},\"author\":{\"name\":\"Abraham Cruz\",\"@id\":\"https:\\\/\\\/www.uic.mx\\\/posgrados\\\/#\\\/schema\\\/person\\\/30b6bcfd786206c90b45e1f404a1e322\"},\"headline\":\"\u00a1Invitaci\u00f3n especial al III Coloquio de Doctorado en Administraci\u00f3n!\",\"datePublished\":\"2026-01-21T18:17:41+00:00\",\"dateModified\":\"2026-01-26T17:43:42+00:00\",\"mainEntityOfPage\":{\"@id\":\"https:\\\/\\\/www.uic.mx\\\/posgrados\\\/invitacion-especial-al-iii-coloquio-de-doctorado-en-administracion\\\/\"},\"wordCount\":280,\"publisher\":{\"@id\":\"https:\\\/\\\/www.uic.mx\\\/posgrados\\\/#organization\"},\"image\":{\"@id\":\"https:\\\/\\\/www.uic.mx\\\/posgrados\\\/invitacion-especial-al-iii-coloquio-de-doctorado-en-administracion\\\/#primaryimage\"},\"thumbnailUrl\":\"https:\\\/\\\/www.uic.mx\\\/posgrados\\\/wp-content\\\/uploads\\\/image_8d5c9a1a.png\",\"articleSection\":[\"Innovaci\u00f3n Empresarial para la Competitividad\"],\"inLanguage\":\"es\"},{\"@type\":\"WebPage\",\"@id\":\"https:\\\/\\\/www.uic.mx\\\/posgrados\\\/invitacion-especial-al-iii-coloquio-de-doctorado-en-administracion\\\/\",\"url\":\"https:\\\/\\\/www.uic.mx\\\/posgrados\\\/invitacion-especial-al-iii-coloquio-de-doctorado-en-administracion\\\/\",\"name\":\"\u00a1Invitaci\u00f3n especial al III Coloquio de Doctorado en Administraci\u00f3n! - Posgrados UIC\",\"isPartOf\":{\"@id\":\"https:\\\/\\\/www.uic.mx\\\/posgrados\\\/#website\"},\"primaryImageOfPage\":{\"@id\":\"https:\\\/\\\/www.uic.mx\\\/posgrados\\\/invitacion-especial-al-iii-coloquio-de-doctorado-en-administracion\\\/#primaryimage\"},\"image\":{\"@id\":\"https:\\\/\\\/www.uic.mx\\\/posgrados\\\/invitacion-especial-al-iii-coloquio-de-doctorado-en-administracion\\\/#primaryimage\"},\"thumbnailUrl\":\"https:\\\/\\\/www.uic.mx\\\/posgrados\\\/wp-content\\\/uploads\\\/image_8d5c9a1a.png\",\"datePublished\":\"2026-01-21T18:17:41+00:00\",\"dateModified\":\"2026-01-26T17:43:42+00:00\",\"breadcrumb\":{\"@id\":\"https:\\\/\\\/www.uic.mx\\\/posgrados\\\/invitacion-especial-al-iii-coloquio-de-doctorado-en-administracion\\\/#breadcrumb\"},\"inLanguage\":\"es\",\"potentialAction\":[{\"@type\":\"ReadAction\",\"target\":[\"https:\\\/\\\/www.uic.mx\\\/posgrados\\\/invitacion-especial-al-iii-coloquio-de-doctorado-en-administracion\\\/\"]}]},{\"@type\":\"ImageObject\",\"inLanguage\":\"es\",\"@id\":\"https:\\\/\\\/www.uic.mx\\\/posgrados\\\/invitacion-especial-al-iii-coloquio-de-doctorado-en-administracion\\\/#primaryimage\",\"url\":\"https:\\\/\\\/www.uic.mx\\\/posgrados\\\/wp-content\\\/uploads\\\/image_8d5c9a1a.png\",\"contentUrl\":\"https:\\\/\\\/www.uic.mx\\\/posgrados\\\/wp-content\\\/uploads\\\/image_8d5c9a1a.png\",\"width\":1024,\"height\":1024},{\"@type\":\"BreadcrumbList\",\"@id\":\"https:\\\/\\\/www.uic.mx\\\/posgrados\\\/invitacion-especial-al-iii-coloquio-de-doctorado-en-administracion\\\/#breadcrumb\",\"itemListElement\":[{\"@type\":\"ListItem\",\"position\":1,\"name\":\"Inicio\",\"item\":\"https:\\\/\\\/www.uic.mx\\\/posgrados\\\/\"},{\"@type\":\"ListItem\",\"position\":2,\"name\":\"\u00a1Invitaci\u00f3n especial al III Coloquio de Doctorado en Administraci\u00f3n!\"}]},{\"@type\":\"WebSite\",\"@id\":\"https:\\\/\\\/www.uic.mx\\\/posgrados\\\/#website\",\"url\":\"https:\\\/\\\/www.uic.mx\\\/posgrados\\\/\",\"name\":\"Posgrados UIC\",\"description\":\"\",\"publisher\":{\"@id\":\"https:\\\/\\\/www.uic.mx\\\/posgrados\\\/#organization\"},\"potentialAction\":[{\"@type\":\"SearchAction\",\"target\":{\"@type\":\"EntryPoint\",\"urlTemplate\":\"https:\\\/\\\/www.uic.mx\\\/posgrados\\\/?s={search_term_string}\"},\"query-input\":{\"@type\":\"PropertyValueSpecification\",\"valueRequired\":true,\"valueName\":\"search_term_string\"}}],\"inLanguage\":\"es\"},{\"@type\":\"Organization\",\"@id\":\"https:\\\/\\\/www.uic.mx\\\/posgrados\\\/#organization\",\"name\":\"Posgrados UIC\",\"url\":\"https:\\\/\\\/www.uic.mx\\\/posgrados\\\/\",\"logo\":{\"@type\":\"ImageObject\",\"inLanguage\":\"es\",\"@id\":\"https:\\\/\\\/www.uic.mx\\\/posgrados\\\/#\\\/schema\\\/logo\\\/image\\\/\",\"url\":\"https:\\\/\\\/www.uic.mx\\\/posgrados\\\/wp-content\\\/uploads\\\/Logo-50-Universidad-Intercontinental-horizontal-blanco-scaled.png\",\"contentUrl\":\"https:\\\/\\\/www.uic.mx\\\/posgrados\\\/wp-content\\\/uploads\\\/Logo-50-Universidad-Intercontinental-horizontal-blanco-scaled.png\",\"width\":2560,\"height\":643,\"caption\":\"Posgrados UIC\"},\"image\":{\"@id\":\"https:\\\/\\\/www.uic.mx\\\/posgrados\\\/#\\\/schema\\\/logo\\\/image\\\/\"}},{\"@type\":\"Person\",\"@id\":\"https:\\\/\\\/www.uic.mx\\\/posgrados\\\/#\\\/schema\\\/person\\\/30b6bcfd786206c90b45e1f404a1e322\",\"name\":\"Abraham Cruz\",\"image\":{\"@type\":\"ImageObject\",\"inLanguage\":\"es\",\"@id\":\"https:\\\/\\\/secure.gravatar.com\\\/avatar\\\/09b20d8945f044a2e7d64b6f252644eb712d8bf82fbd71201e2e8d072f3a0a72?s=96&d=mm&r=g\",\"url\":\"https:\\\/\\\/secure.gravatar.com\\\/avatar\\\/09b20d8945f044a2e7d64b6f252644eb712d8bf82fbd71201e2e8d072f3a0a72?s=96&d=mm&r=g\",\"contentUrl\":\"https:\\\/\\\/secure.gravatar.com\\\/avatar\\\/09b20d8945f044a2e7d64b6f252644eb712d8bf82fbd71201e2e8d072f3a0a72?s=96&d=mm&r=g\",\"caption\":\"Abraham Cruz\"},\"url\":\"https:\\\/\\\/www.uic.mx\\\/posgrados\\\/author\\\/abrahamcruz\\\/\"}]}<\/script>\n<!-- \/ Yoast SEO plugin. -->","yoast_head_json":{"title":"\u00a1Invitaci\u00f3n especial al III Coloquio de Doctorado en Administraci\u00f3n! - Posgrados UIC","robots":{"index":"index","follow":"follow","max-snippet":"max-snippet:-1","max-image-preview":"max-image-preview:large","max-video-preview":"max-video-preview:-1"},"canonical":"https:\/\/www.uic.mx\/posgrados\/invitacion-especial-al-iii-coloquio-de-doctorado-en-administracion\/","og_locale":"es_MX","og_type":"article","og_title":"\u00a1Invitaci\u00f3n especial al III Coloquio de Doctorado en Administraci\u00f3n! - Posgrados UIC","og_description":"La Direcci\u00f3n de Posgrados en Innovaci\u00f3n Empresarial para la Competitividad les extiende una cordial invitaci\u00f3n A la comunidad universitaria: En el marco de las celebraciones del&nbsp;Cincuentenario de la Universidad Intercontinental, la Direcci\u00f3n de Posgrados en Innovaci\u00f3n Empresarial para la Competitividad tiene el honor de invitar a la&nbsp;Conferencia Magistral del III Coloquio de Doctorado en Administraci\u00f3n, [&hellip;]","og_url":"https:\/\/www.uic.mx\/posgrados\/invitacion-especial-al-iii-coloquio-de-doctorado-en-administracion\/","og_site_name":"Posgrados UIC","article_published_time":"2026-01-21T18:17:41+00:00","article_modified_time":"2026-01-26T17:43:42+00:00","og_image":[{"width":1024,"height":1024,"url":"https:\/\/www.uic.mx\/posgrados\/wp-content\/uploads\/image_8d5c9a1a.png","type":"image\/png"}],"author":"Abraham Cruz","twitter_card":"summary_large_image","twitter_misc":{"Escrito por":"Abraham Cruz","Tiempo de lectura":"2 minutos"},"schema":{"@context":"https:\/\/schema.org","@graph":[{"@type":"Article","@id":"https:\/\/www.uic.mx\/posgrados\/invitacion-especial-al-iii-coloquio-de-doctorado-en-administracion\/#article","isPartOf":{"@id":"https:\/\/www.uic.mx\/posgrados\/invitacion-especial-al-iii-coloquio-de-doctorado-en-administracion\/"},"author":{"name":"Abraham Cruz","@id":"https:\/\/www.uic.mx\/posgrados\/#\/schema\/person\/30b6bcfd786206c90b45e1f404a1e322"},"headline":"\u00a1Invitaci\u00f3n especial al III Coloquio de Doctorado en Administraci\u00f3n!","datePublished":"2026-01-21T18:17:41+00:00","dateModified":"2026-01-26T17:43:42+00:00","mainEntityOfPage":{"@id":"https:\/\/www.uic.mx\/posgrados\/invitacion-especial-al-iii-coloquio-de-doctorado-en-administracion\/"},"wordCount":280,"publisher":{"@id":"https:\/\/www.uic.mx\/posgrados\/#organization"},"image":{"@id":"https:\/\/www.uic.mx\/posgrados\/invitacion-especial-al-iii-coloquio-de-doctorado-en-administracion\/#primaryimage"},"thumbnailUrl":"https:\/\/www.uic.mx\/posgrados\/wp-content\/uploads\/image_8d5c9a1a.png","articleSection":["Innovaci\u00f3n Empresarial para la Competitividad"],"inLanguage":"es"},{"@type":"WebPage","@id":"https:\/\/www.uic.mx\/posgrados\/invitacion-especial-al-iii-coloquio-de-doctorado-en-administracion\/","url":"https:\/\/www.uic.mx\/posgrados\/invitacion-especial-al-iii-coloquio-de-doctorado-en-administracion\/","name":"\u00a1Invitaci\u00f3n especial al III Coloquio de Doctorado en Administraci\u00f3n! - Posgrados UIC","isPartOf":{"@id":"https:\/\/www.uic.mx\/posgrados\/#website"},"primaryImageOfPage":{"@id":"https:\/\/www.uic.mx\/posgrados\/invitacion-especial-al-iii-coloquio-de-doctorado-en-administracion\/#primaryimage"},"image":{"@id":"https:\/\/www.uic.mx\/posgrados\/invitacion-especial-al-iii-coloquio-de-doctorado-en-administracion\/#primaryimage"},"thumbnailUrl":"https:\/\/www.uic.mx\/posgrados\/wp-content\/uploads\/image_8d5c9a1a.png","datePublished":"2026-01-21T18:17:41+00:00","dateModified":"2026-01-26T17:43:42+00:00","breadcrumb":{"@id":"https:\/\/www.uic.mx\/posgrados\/invitacion-especial-al-iii-coloquio-de-doctorado-en-administracion\/#breadcrumb"},"inLanguage":"es","potentialAction":[{"@type":"ReadAction","target":["https:\/\/www.uic.mx\/posgrados\/invitacion-especial-al-iii-coloquio-de-doctorado-en-administracion\/"]}]},{"@type":"ImageObject","inLanguage":"es","@id":"https:\/\/www.uic.mx\/posgrados\/invitacion-especial-al-iii-coloquio-de-doctorado-en-administracion\/#primaryimage","url":"https:\/\/www.uic.mx\/posgrados\/wp-content\/uploads\/image_8d5c9a1a.png","contentUrl":"https:\/\/www.uic.mx\/posgrados\/wp-content\/uploads\/image_8d5c9a1a.png","width":1024,"height":1024},{"@type":"BreadcrumbList","@id":"https:\/\/www.uic.mx\/posgrados\/invitacion-especial-al-iii-coloquio-de-doctorado-en-administracion\/#breadcrumb","itemListElement":[{"@type":"ListItem","position":1,"name":"Inicio","item":"https:\/\/www.uic.mx\/posgrados\/"},{"@type":"ListItem","position":2,"name":"\u00a1Invitaci\u00f3n especial al III Coloquio de Doctorado en Administraci\u00f3n!"}]},{"@type":"WebSite","@id":"https:\/\/www.uic.mx\/posgrados\/#website","url":"https:\/\/www.uic.mx\/posgrados\/","name":"Posgrados UIC","description":"","publisher":{"@id":"https:\/\/www.uic.mx\/posgrados\/#organization"},"potentialAction":[{"@type":"SearchAction","target":{"@type":"EntryPoint","urlTemplate":"https:\/\/www.uic.mx\/posgrados\/?s={search_term_string}"},"query-input":{"@type":"PropertyValueSpecification","valueRequired":true,"valueName":"search_term_string"}}],"inLanguage":"es"},{"@type":"Organization","@id":"https:\/\/www.uic.mx\/posgrados\/#organization","name":"Posgrados UIC","url":"https:\/\/www.uic.mx\/posgrados\/","logo":{"@type":"ImageObject","inLanguage":"es","@id":"https:\/\/www.uic.mx\/posgrados\/#\/schema\/logo\/image\/","url":"https:\/\/www.uic.mx\/posgrados\/wp-content\/uploads\/Logo-50-Universidad-Intercontinental-horizontal-blanco-scaled.png","contentUrl":"https:\/\/www.uic.mx\/posgrados\/wp-content\/uploads\/Logo-50-Universidad-Intercontinental-horizontal-blanco-scaled.png","width":2560,"height":643,"caption":"Posgrados UIC"},"image":{"@id":"https:\/\/www.uic.mx\/posgrados\/#\/schema\/logo\/image\/"}},{"@type":"Person","@id":"https:\/\/www.uic.mx\/posgrados\/#\/schema\/person\/30b6bcfd786206c90b45e1f404a1e322","name":"Abraham Cruz","image":{"@type":"ImageObject","inLanguage":"es","@id":"https:\/\/secure.gravatar.com\/avatar\/09b20d8945f044a2e7d64b6f252644eb712d8bf82fbd71201e2e8d072f3a0a72?s=96&d=mm&r=g","url":"https:\/\/secure.gravatar.com\/avatar\/09b20d8945f044a2e7d64b6f252644eb712d8bf82fbd71201e2e8d072f3a0a72?s=96&d=mm&r=g","contentUrl":"https:\/\/secure.gravatar.com\/avatar\/09b20d8945f044a2e7d64b6f252644eb712d8bf82fbd71201e2e8d072f3a0a72?s=96&d=mm&r=g","caption":"Abraham Cruz"},"url":"https:\/\/www.uic.mx\/posgrados\/author\/abrahamcruz\/"}]}},"_links":{"self":[{"href":"https:\/\/www.uic.mx\/posgrados\/wp-json\/wp\/v2\/posts\/3118","targetHints":{"allow":["GET"]}}],"collection":[{"href":"https:\/\/www.uic.mx\/posgrados\/wp-json\/wp\/v2\/posts"}],"about":[{"href":"https:\/\/www.uic.mx\/posgrados\/wp-json\/wp\/v2\/types\/post"}],"author":[{"embeddable":true,"href":"https:\/\/www.uic.mx\/posgrados\/wp-json\/wp\/v2\/users\/6"}],"replies":[{"embeddable":true,"href":"https:\/\/www.uic.mx\/posgrados\/wp-json\/wp\/v2\/comments?post=3118"}],"version-history":[{"count":1,"href":"https:\/\/www.uic.mx\/posgrados\/wp-json\/wp\/v2\/posts\/3118\/revisions"}],"predecessor-version":[{"id":3121,"href":"https:\/\/www.uic.mx\/posgrados\/wp-json\/wp\/v2\/posts\/3118\/revisions\/3121"}],"wp:featuredmedia":[{"embeddable":true,"href":"https:\/\/www.uic.mx\/posgrados\/wp-json\/wp\/v2\/media\/3219"}],"wp:attachment":[{"href":"https:\/\/www.uic.mx\/posgrados\/wp-json\/wp\/v2\/media?parent=3118"}],"wp:term":[{"taxonomy":"category","embeddable":true,"href":"https:\/\/www.uic.mx\/posgrados\/wp-json\/wp\/v2\/categories?post=3118"},{"taxonomy":"post_tag","embeddable":true,"href":"https:\/\/www.uic.mx\/posgrados\/wp-json\/wp\/v2\/tags?post=3118"}],"curies":[{"name":"wp","href":"https:\/\/api.w.org\/{rel}","templated":true}]}}