{"id":3241,"date":"2026-02-19T15:31:32","date_gmt":"2026-02-19T21:31:32","guid":{"rendered":"https:\/\/www.uic.mx\/posgrados\/?p=3241"},"modified":"2026-02-19T15:36:23","modified_gmt":"2026-02-19T21:36:23","slug":"segunda-junta-clinica-2026-2","status":"publish","type":"post","link":"https:\/\/www.uic.mx\/posgrados\/segunda-junta-clinica-2026-2\/","title":{"rendered":"Segunda Junta Cl\u00ednica 2026-2"},"content":{"rendered":"\n<h2 class=\"wp-block-heading\"><strong>Continuamos Construyendo Saber Cl\u00ednico<\/strong>: Segunda Junta Cl\u00ednica<\/h2>\n\n\n\n<div style=\"height:30px\" aria-hidden=\"true\" class=\"wp-block-spacer\"><\/div>\n\n\n\n<p>La CUPPIE complace en invitarlos a su Segunda Junta Cl\u00ednica del ciclo 2026-2, un espacio fundamental para la reflexi\u00f3n, el intercambio acad\u00e9mico y la profundizaci\u00f3n en la complejidad del trabajo cl\u00ednico.<\/p>\n\n\n\n<div style=\"height:30px\" aria-hidden=\"true\" class=\"wp-block-spacer\"><\/div>\n\n\n\n<p>En esta sesi\u00f3n, se presentar\u00e1 y analizar\u00e1 en profundidad un caso cl\u00ednico, fomentando el intercambio de conocimientos y experiencias que fortalecen nuestra pr\u00e1ctica profesional.<\/p>\n\n\n\n<div style=\"height:30px\" aria-hidden=\"true\" class=\"wp-block-spacer\"><\/div>\n\n\n\n<p>Te compartimos los detalles para que no te la pierdas:<\/p>\n\n\n\n<div style=\"height:30px\" aria-hidden=\"true\" class=\"wp-block-spacer\"><\/div>\n\n\n\n<p>\ud83d\udcc5\u00a0<strong>Fecha:<\/strong>\u00a0mi\u00e9rcoles 25 de febrero de 2026<br>\u23f0\u00a0<strong>Horario:<\/strong>\u00a020:00 a 22:00 horas.<br>\ud83d\udccd\u00a0<strong>Modalidad:<\/strong>\u00a0En l\u00ednea, a trav\u00e9s de Microsoft Teams.<br><em>La sesi\u00f3n ya se encuentra agendada en el equipo\/grupo oficial de &#8220;Juntas Cl\u00ednicas&#8221; por la Mtra. Marcela Ovalle.<\/em><\/p>\n\n\n\n<div style=\"height:30px\" aria-hidden=\"true\" class=\"wp-block-spacer\"><\/div>\n\n\n\n<p>\ud83c\udfa4&nbsp;<strong>Participantes:<\/strong><\/p>\n\n\n\n<ul class=\"wp-block-list\">\n<li><strong>Presentaci\u00f3n del caso:<\/strong>\u00a0Ana Teresa Leal Orta (Estudiante de la Maestr\u00eda)<\/li>\n\n\n\n<li><strong>Coordinadora de la reuni\u00f3n:<\/strong>\u00a0Mtra. Marcela Ovalle Mendoza<\/li>\n\n\n\n<li><strong>Comentario y an\u00e1lisis:<\/strong>\u00a0Dr. Gerardo Mora Arreola<\/li>\n<\/ul>\n\n\n\n<div style=\"height:30px\" aria-hidden=\"true\" class=\"wp-block-spacer\"><\/div>\n\n\n\n<p>Esta actividad est\u00e1 dirigida a todos los estudiantes y docentes de nuestros programas de posgrado.<\/p>\n\n\n\n<div style=\"height:30px\" aria-hidden=\"true\" class=\"wp-block-spacer\"><\/div>\n\n\n\n<p><strong>\u00a1Continuamos con el di\u00e1logo cl\u00ednico!<\/strong>&nbsp;Tu participaci\u00f3n enriquece la discusi\u00f3n. Acomp\u00e1\u00f1anos en este segundo encuentro del semestre.<\/p>\n\n\n\n<div style=\"height:30px\" aria-hidden=\"true\" class=\"wp-block-spacer\"><\/div>\n\n\n\n<div style=\"height:30px\" aria-hidden=\"true\" class=\"wp-block-spacer\"><\/div>\n\n\n\n<p><\/p>\n","protected":false},"excerpt":{"rendered":"<p>Continuamos Construyendo Saber Cl\u00ednico: Segunda Junta Cl\u00ednica La CUPPIE complace en invitarlos a su Segunda Junta Cl\u00ednica del ciclo 2026-2, un espacio fundamental para la reflexi\u00f3n, el intercambio acad\u00e9mico y la profundizaci\u00f3n en la complejidad del trabajo cl\u00ednico. En esta sesi\u00f3n, se presentar\u00e1 y analizar\u00e1 en profundidad un caso cl\u00ednico, fomentando el intercambio de conocimientos [&hellip;]<\/p>\n","protected":false},"author":6,"featured_media":3243,"comment_status":"closed","ping_status":"closed","sticky":false,"template":"","format":"standard","meta":{"_acf_changed":false,"footnotes":""},"categories":[11],"tags":[],"class_list":["post-3241","post","type-post","status-publish","format-standard","has-post-thumbnail","hentry","category-psicoanalisis"],"acf":[],"yoast_head":"<!-- This site is optimized with the Yoast SEO plugin v27.5 - https:\/\/yoast.com\/product\/yoast-seo-wordpress\/ -->\n<title>Segunda Junta Cl\u00ednica 2026-2 - Posgrados UIC<\/title>\n<meta name=\"robots\" content=\"index, follow, max-snippet:-1, max-image-preview:large, max-video-preview:-1\" \/>\n<link rel=\"canonical\" href=\"https:\/\/www.uic.mx\/posgrados\/segunda-junta-clinica-2026-2\/\" \/>\n<meta property=\"og:locale\" content=\"es_MX\" \/>\n<meta property=\"og:type\" content=\"article\" \/>\n<meta property=\"og:title\" content=\"Segunda Junta Cl\u00ednica 2026-2 - Posgrados UIC\" \/>\n<meta property=\"og:description\" content=\"Continuamos Construyendo Saber Cl\u00ednico: Segunda Junta Cl\u00ednica La CUPPIE complace en invitarlos a su Segunda Junta Cl\u00ednica del ciclo 2026-2, un espacio fundamental para la reflexi\u00f3n, el intercambio acad\u00e9mico y la profundizaci\u00f3n en la complejidad del trabajo cl\u00ednico. En esta sesi\u00f3n, se presentar\u00e1 y analizar\u00e1 en profundidad un caso cl\u00ednico, fomentando el intercambio de conocimientos [&hellip;]\" \/>\n<meta property=\"og:url\" content=\"https:\/\/www.uic.mx\/posgrados\/segunda-junta-clinica-2026-2\/\" \/>\n<meta property=\"og:site_name\" content=\"Posgrados UIC\" \/>\n<meta property=\"article:published_time\" content=\"2026-02-19T21:31:32+00:00\" \/>\n<meta property=\"article:modified_time\" content=\"2026-02-19T21:36:23+00:00\" \/>\n<meta property=\"og:image\" content=\"https:\/\/www.uic.mx\/posgrados\/wp-content\/uploads\/image_d8a11ff.png\" \/>\n\t<meta property=\"og:image:width\" content=\"1024\" \/>\n\t<meta property=\"og:image:height\" content=\"1024\" \/>\n\t<meta property=\"og:image:type\" content=\"image\/png\" \/>\n<meta name=\"author\" content=\"Abraham Cruz\" \/>\n<meta name=\"twitter:card\" content=\"summary_large_image\" \/>\n<meta name=\"twitter:label1\" content=\"Escrito por\" \/>\n\t<meta name=\"twitter:data1\" content=\"Abraham Cruz\" \/>\n\t<meta name=\"twitter:label2\" content=\"Tiempo de lectura\" \/>\n\t<meta name=\"twitter:data2\" content=\"1 minuto\" \/>\n<script type=\"application\/ld+json\" class=\"yoast-schema-graph\">{\"@context\":\"https:\\\/\\\/schema.org\",\"@graph\":[{\"@type\":\"Article\",\"@id\":\"https:\\\/\\\/www.uic.mx\\\/posgrados\\\/segunda-junta-clinica-2026-2\\\/#article\",\"isPartOf\":{\"@id\":\"https:\\\/\\\/www.uic.mx\\\/posgrados\\\/segunda-junta-clinica-2026-2\\\/\"},\"author\":{\"name\":\"Abraham Cruz\",\"@id\":\"https:\\\/\\\/www.uic.mx\\\/posgrados\\\/#\\\/schema\\\/person\\\/30b6bcfd786206c90b45e1f404a1e322\"},\"headline\":\"Segunda Junta Cl\u00ednica 2026-2\",\"datePublished\":\"2026-02-19T21:31:32+00:00\",\"dateModified\":\"2026-02-19T21:36:23+00:00\",\"mainEntityOfPage\":{\"@id\":\"https:\\\/\\\/www.uic.mx\\\/posgrados\\\/segunda-junta-clinica-2026-2\\\/\"},\"wordCount\":197,\"publisher\":{\"@id\":\"https:\\\/\\\/www.uic.mx\\\/posgrados\\\/#organization\"},\"image\":{\"@id\":\"https:\\\/\\\/www.uic.mx\\\/posgrados\\\/segunda-junta-clinica-2026-2\\\/#primaryimage\"},\"thumbnailUrl\":\"https:\\\/\\\/www.uic.mx\\\/posgrados\\\/wp-content\\\/uploads\\\/image_d8a11ff.png\",\"articleSection\":[\"Psicoan\u00e1lisis\"],\"inLanguage\":\"es\"},{\"@type\":\"WebPage\",\"@id\":\"https:\\\/\\\/www.uic.mx\\\/posgrados\\\/segunda-junta-clinica-2026-2\\\/\",\"url\":\"https:\\\/\\\/www.uic.mx\\\/posgrados\\\/segunda-junta-clinica-2026-2\\\/\",\"name\":\"Segunda Junta Cl\u00ednica 2026-2 - Posgrados UIC\",\"isPartOf\":{\"@id\":\"https:\\\/\\\/www.uic.mx\\\/posgrados\\\/#website\"},\"primaryImageOfPage\":{\"@id\":\"https:\\\/\\\/www.uic.mx\\\/posgrados\\\/segunda-junta-clinica-2026-2\\\/#primaryimage\"},\"image\":{\"@id\":\"https:\\\/\\\/www.uic.mx\\\/posgrados\\\/segunda-junta-clinica-2026-2\\\/#primaryimage\"},\"thumbnailUrl\":\"https:\\\/\\\/www.uic.mx\\\/posgrados\\\/wp-content\\\/uploads\\\/image_d8a11ff.png\",\"datePublished\":\"2026-02-19T21:31:32+00:00\",\"dateModified\":\"2026-02-19T21:36:23+00:00\",\"breadcrumb\":{\"@id\":\"https:\\\/\\\/www.uic.mx\\\/posgrados\\\/segunda-junta-clinica-2026-2\\\/#breadcrumb\"},\"inLanguage\":\"es\",\"potentialAction\":[{\"@type\":\"ReadAction\",\"target\":[\"https:\\\/\\\/www.uic.mx\\\/posgrados\\\/segunda-junta-clinica-2026-2\\\/\"]}]},{\"@type\":\"ImageObject\",\"inLanguage\":\"es\",\"@id\":\"https:\\\/\\\/www.uic.mx\\\/posgrados\\\/segunda-junta-clinica-2026-2\\\/#primaryimage\",\"url\":\"https:\\\/\\\/www.uic.mx\\\/posgrados\\\/wp-content\\\/uploads\\\/image_d8a11ff.png\",\"contentUrl\":\"https:\\\/\\\/www.uic.mx\\\/posgrados\\\/wp-content\\\/uploads\\\/image_d8a11ff.png\",\"width\":1024,\"height\":1024},{\"@type\":\"BreadcrumbList\",\"@id\":\"https:\\\/\\\/www.uic.mx\\\/posgrados\\\/segunda-junta-clinica-2026-2\\\/#breadcrumb\",\"itemListElement\":[{\"@type\":\"ListItem\",\"position\":1,\"name\":\"Inicio\",\"item\":\"https:\\\/\\\/www.uic.mx\\\/posgrados\\\/\"},{\"@type\":\"ListItem\",\"position\":2,\"name\":\"Segunda Junta Cl\u00ednica 2026-2\"}]},{\"@type\":\"WebSite\",\"@id\":\"https:\\\/\\\/www.uic.mx\\\/posgrados\\\/#website\",\"url\":\"https:\\\/\\\/www.uic.mx\\\/posgrados\\\/\",\"name\":\"Posgrados UIC\",\"description\":\"\",\"publisher\":{\"@id\":\"https:\\\/\\\/www.uic.mx\\\/posgrados\\\/#organization\"},\"potentialAction\":[{\"@type\":\"SearchAction\",\"target\":{\"@type\":\"EntryPoint\",\"urlTemplate\":\"https:\\\/\\\/www.uic.mx\\\/posgrados\\\/?s={search_term_string}\"},\"query-input\":{\"@type\":\"PropertyValueSpecification\",\"valueRequired\":true,\"valueName\":\"search_term_string\"}}],\"inLanguage\":\"es\"},{\"@type\":\"Organization\",\"@id\":\"https:\\\/\\\/www.uic.mx\\\/posgrados\\\/#organization\",\"name\":\"Posgrados UIC\",\"url\":\"https:\\\/\\\/www.uic.mx\\\/posgrados\\\/\",\"logo\":{\"@type\":\"ImageObject\",\"inLanguage\":\"es\",\"@id\":\"https:\\\/\\\/www.uic.mx\\\/posgrados\\\/#\\\/schema\\\/logo\\\/image\\\/\",\"url\":\"https:\\\/\\\/www.uic.mx\\\/posgrados\\\/wp-content\\\/uploads\\\/Logo-50-Universidad-Intercontinental-horizontal-blanco-scaled.png\",\"contentUrl\":\"https:\\\/\\\/www.uic.mx\\\/posgrados\\\/wp-content\\\/uploads\\\/Logo-50-Universidad-Intercontinental-horizontal-blanco-scaled.png\",\"width\":2560,\"height\":643,\"caption\":\"Posgrados UIC\"},\"image\":{\"@id\":\"https:\\\/\\\/www.uic.mx\\\/posgrados\\\/#\\\/schema\\\/logo\\\/image\\\/\"}},{\"@type\":\"Person\",\"@id\":\"https:\\\/\\\/www.uic.mx\\\/posgrados\\\/#\\\/schema\\\/person\\\/30b6bcfd786206c90b45e1f404a1e322\",\"name\":\"Abraham Cruz\",\"image\":{\"@type\":\"ImageObject\",\"inLanguage\":\"es\",\"@id\":\"https:\\\/\\\/secure.gravatar.com\\\/avatar\\\/09b20d8945f044a2e7d64b6f252644eb712d8bf82fbd71201e2e8d072f3a0a72?s=96&d=mm&r=g\",\"url\":\"https:\\\/\\\/secure.gravatar.com\\\/avatar\\\/09b20d8945f044a2e7d64b6f252644eb712d8bf82fbd71201e2e8d072f3a0a72?s=96&d=mm&r=g\",\"contentUrl\":\"https:\\\/\\\/secure.gravatar.com\\\/avatar\\\/09b20d8945f044a2e7d64b6f252644eb712d8bf82fbd71201e2e8d072f3a0a72?s=96&d=mm&r=g\",\"caption\":\"Abraham Cruz\"},\"url\":\"https:\\\/\\\/www.uic.mx\\\/posgrados\\\/author\\\/abrahamcruz\\\/\"}]}<\/script>\n<!-- \/ Yoast SEO plugin. -->","yoast_head_json":{"title":"Segunda Junta Cl\u00ednica 2026-2 - Posgrados UIC","robots":{"index":"index","follow":"follow","max-snippet":"max-snippet:-1","max-image-preview":"max-image-preview:large","max-video-preview":"max-video-preview:-1"},"canonical":"https:\/\/www.uic.mx\/posgrados\/segunda-junta-clinica-2026-2\/","og_locale":"es_MX","og_type":"article","og_title":"Segunda Junta Cl\u00ednica 2026-2 - Posgrados UIC","og_description":"Continuamos Construyendo Saber Cl\u00ednico: Segunda Junta Cl\u00ednica La CUPPIE complace en invitarlos a su Segunda Junta Cl\u00ednica del ciclo 2026-2, un espacio fundamental para la reflexi\u00f3n, el intercambio acad\u00e9mico y la profundizaci\u00f3n en la complejidad del trabajo cl\u00ednico. En esta sesi\u00f3n, se presentar\u00e1 y analizar\u00e1 en profundidad un caso cl\u00ednico, fomentando el intercambio de conocimientos [&hellip;]","og_url":"https:\/\/www.uic.mx\/posgrados\/segunda-junta-clinica-2026-2\/","og_site_name":"Posgrados UIC","article_published_time":"2026-02-19T21:31:32+00:00","article_modified_time":"2026-02-19T21:36:23+00:00","og_image":[{"width":1024,"height":1024,"url":"https:\/\/www.uic.mx\/posgrados\/wp-content\/uploads\/image_d8a11ff.png","type":"image\/png"}],"author":"Abraham Cruz","twitter_card":"summary_large_image","twitter_misc":{"Escrito por":"Abraham Cruz","Tiempo de lectura":"1 minuto"},"schema":{"@context":"https:\/\/schema.org","@graph":[{"@type":"Article","@id":"https:\/\/www.uic.mx\/posgrados\/segunda-junta-clinica-2026-2\/#article","isPartOf":{"@id":"https:\/\/www.uic.mx\/posgrados\/segunda-junta-clinica-2026-2\/"},"author":{"name":"Abraham Cruz","@id":"https:\/\/www.uic.mx\/posgrados\/#\/schema\/person\/30b6bcfd786206c90b45e1f404a1e322"},"headline":"Segunda Junta Cl\u00ednica 2026-2","datePublished":"2026-02-19T21:31:32+00:00","dateModified":"2026-02-19T21:36:23+00:00","mainEntityOfPage":{"@id":"https:\/\/www.uic.mx\/posgrados\/segunda-junta-clinica-2026-2\/"},"wordCount":197,"publisher":{"@id":"https:\/\/www.uic.mx\/posgrados\/#organization"},"image":{"@id":"https:\/\/www.uic.mx\/posgrados\/segunda-junta-clinica-2026-2\/#primaryimage"},"thumbnailUrl":"https:\/\/www.uic.mx\/posgrados\/wp-content\/uploads\/image_d8a11ff.png","articleSection":["Psicoan\u00e1lisis"],"inLanguage":"es"},{"@type":"WebPage","@id":"https:\/\/www.uic.mx\/posgrados\/segunda-junta-clinica-2026-2\/","url":"https:\/\/www.uic.mx\/posgrados\/segunda-junta-clinica-2026-2\/","name":"Segunda Junta Cl\u00ednica 2026-2 - Posgrados UIC","isPartOf":{"@id":"https:\/\/www.uic.mx\/posgrados\/#website"},"primaryImageOfPage":{"@id":"https:\/\/www.uic.mx\/posgrados\/segunda-junta-clinica-2026-2\/#primaryimage"},"image":{"@id":"https:\/\/www.uic.mx\/posgrados\/segunda-junta-clinica-2026-2\/#primaryimage"},"thumbnailUrl":"https:\/\/www.uic.mx\/posgrados\/wp-content\/uploads\/image_d8a11ff.png","datePublished":"2026-02-19T21:31:32+00:00","dateModified":"2026-02-19T21:36:23+00:00","breadcrumb":{"@id":"https:\/\/www.uic.mx\/posgrados\/segunda-junta-clinica-2026-2\/#breadcrumb"},"inLanguage":"es","potentialAction":[{"@type":"ReadAction","target":["https:\/\/www.uic.mx\/posgrados\/segunda-junta-clinica-2026-2\/"]}]},{"@type":"ImageObject","inLanguage":"es","@id":"https:\/\/www.uic.mx\/posgrados\/segunda-junta-clinica-2026-2\/#primaryimage","url":"https:\/\/www.uic.mx\/posgrados\/wp-content\/uploads\/image_d8a11ff.png","contentUrl":"https:\/\/www.uic.mx\/posgrados\/wp-content\/uploads\/image_d8a11ff.png","width":1024,"height":1024},{"@type":"BreadcrumbList","@id":"https:\/\/www.uic.mx\/posgrados\/segunda-junta-clinica-2026-2\/#breadcrumb","itemListElement":[{"@type":"ListItem","position":1,"name":"Inicio","item":"https:\/\/www.uic.mx\/posgrados\/"},{"@type":"ListItem","position":2,"name":"Segunda Junta Cl\u00ednica 2026-2"}]},{"@type":"WebSite","@id":"https:\/\/www.uic.mx\/posgrados\/#website","url":"https:\/\/www.uic.mx\/posgrados\/","name":"Posgrados UIC","description":"","publisher":{"@id":"https:\/\/www.uic.mx\/posgrados\/#organization"},"potentialAction":[{"@type":"SearchAction","target":{"@type":"EntryPoint","urlTemplate":"https:\/\/www.uic.mx\/posgrados\/?s={search_term_string}"},"query-input":{"@type":"PropertyValueSpecification","valueRequired":true,"valueName":"search_term_string"}}],"inLanguage":"es"},{"@type":"Organization","@id":"https:\/\/www.uic.mx\/posgrados\/#organization","name":"Posgrados UIC","url":"https:\/\/www.uic.mx\/posgrados\/","logo":{"@type":"ImageObject","inLanguage":"es","@id":"https:\/\/www.uic.mx\/posgrados\/#\/schema\/logo\/image\/","url":"https:\/\/www.uic.mx\/posgrados\/wp-content\/uploads\/Logo-50-Universidad-Intercontinental-horizontal-blanco-scaled.png","contentUrl":"https:\/\/www.uic.mx\/posgrados\/wp-content\/uploads\/Logo-50-Universidad-Intercontinental-horizontal-blanco-scaled.png","width":2560,"height":643,"caption":"Posgrados UIC"},"image":{"@id":"https:\/\/www.uic.mx\/posgrados\/#\/schema\/logo\/image\/"}},{"@type":"Person","@id":"https:\/\/www.uic.mx\/posgrados\/#\/schema\/person\/30b6bcfd786206c90b45e1f404a1e322","name":"Abraham Cruz","image":{"@type":"ImageObject","inLanguage":"es","@id":"https:\/\/secure.gravatar.com\/avatar\/09b20d8945f044a2e7d64b6f252644eb712d8bf82fbd71201e2e8d072f3a0a72?s=96&d=mm&r=g","url":"https:\/\/secure.gravatar.com\/avatar\/09b20d8945f044a2e7d64b6f252644eb712d8bf82fbd71201e2e8d072f3a0a72?s=96&d=mm&r=g","contentUrl":"https:\/\/secure.gravatar.com\/avatar\/09b20d8945f044a2e7d64b6f252644eb712d8bf82fbd71201e2e8d072f3a0a72?s=96&d=mm&r=g","caption":"Abraham Cruz"},"url":"https:\/\/www.uic.mx\/posgrados\/author\/abrahamcruz\/"}]}},"_links":{"self":[{"href":"https:\/\/www.uic.mx\/posgrados\/wp-json\/wp\/v2\/posts\/3241","targetHints":{"allow":["GET"]}}],"collection":[{"href":"https:\/\/www.uic.mx\/posgrados\/wp-json\/wp\/v2\/posts"}],"about":[{"href":"https:\/\/www.uic.mx\/posgrados\/wp-json\/wp\/v2\/types\/post"}],"author":[{"embeddable":true,"href":"https:\/\/www.uic.mx\/posgrados\/wp-json\/wp\/v2\/users\/6"}],"replies":[{"embeddable":true,"href":"https:\/\/www.uic.mx\/posgrados\/wp-json\/wp\/v2\/comments?post=3241"}],"version-history":[{"count":3,"href":"https:\/\/www.uic.mx\/posgrados\/wp-json\/wp\/v2\/posts\/3241\/revisions"}],"predecessor-version":[{"id":3248,"href":"https:\/\/www.uic.mx\/posgrados\/wp-json\/wp\/v2\/posts\/3241\/revisions\/3248"}],"wp:featuredmedia":[{"embeddable":true,"href":"https:\/\/www.uic.mx\/posgrados\/wp-json\/wp\/v2\/media\/3243"}],"wp:attachment":[{"href":"https:\/\/www.uic.mx\/posgrados\/wp-json\/wp\/v2\/media?parent=3241"}],"wp:term":[{"taxonomy":"category","embeddable":true,"href":"https:\/\/www.uic.mx\/posgrados\/wp-json\/wp\/v2\/categories?post=3241"},{"taxonomy":"post_tag","embeddable":true,"href":"https:\/\/www.uic.mx\/posgrados\/wp-json\/wp\/v2\/tags?post=3241"}],"curies":[{"name":"wp","href":"https:\/\/api.w.org\/{rel}","templated":true}]}}