{"id":3253,"date":"2026-02-23T12:16:47","date_gmt":"2026-02-23T18:16:47","guid":{"rendered":"https:\/\/www.uic.mx\/posgrados\/?p=3253"},"modified":"2026-02-23T12:16:48","modified_gmt":"2026-02-23T18:16:48","slug":"%f0%9f%8c%8d-entre-lenguas-y-mitos-asi-se-vivio-el-segundo-foro-extramuros-sobre-familias-multiculturales","status":"publish","type":"post","link":"https:\/\/www.uic.mx\/posgrados\/%f0%9f%8c%8d-entre-lenguas-y-mitos-asi-se-vivio-el-segundo-foro-extramuros-sobre-familias-multiculturales\/","title":{"rendered":"\ud83c\udf0d Entre lenguas y mitos: as\u00ed se vivi\u00f3 el Segundo Foro Extramuros sobre familias multiculturales"},"content":{"rendered":"\n<h1 class=\"wp-block-heading\">Un di\u00e1logo entre psicoan\u00e1lisis, antropolog\u00eda y familia para pensar las din\u00e1micas inconscientes en contextos multiculturales<\/h1>\n\n\n\n<div style=\"height:30px\" aria-hidden=\"true\" class=\"wp-block-spacer\"><\/div>\n\n\n\n<p><strong>UNIVERSIDAD INTERCONTINENTAL<br>POSGRADOS EN PSICOAN\u00c1LISIS <\/strong><\/p>\n\n\n\n<div style=\"height:30px\" aria-hidden=\"true\" class=\"wp-block-spacer\"><\/div>\n\n\n\n<p>El pasado&nbsp;<strong>20 de febrero<\/strong>, en Casa Chata (CIESAS), se llev\u00f3 a cabo el&nbsp;<strong>Segundo Foro Extramuros Interinstitucional &#8220;Entre lenguas y mitos: din\u00e1micas inconscientes en familias multiculturales&#8221;<\/strong>, organizado por la&nbsp;<strong>Direcci\u00f3n de Posgrados en Psicoan\u00e1lisis<\/strong>&nbsp;de la Universidad Intercontinental.<\/p>\n\n\n\n<div style=\"height:30px\" aria-hidden=\"true\" class=\"wp-block-spacer\"><\/div>\n\n\n\n<p>El encuentro reuni\u00f3 a especialistas, investigadores y cl\u00ednicos interesados en pensar las complejidades ps\u00edquicas, culturales y vinculares que atraviesan a las familias que habitan entre distintos mundos simb\u00f3licos. Desde un di\u00e1logo entre perspectivas psicoanal\u00edticas, antropol\u00f3gicas y sist\u00e9micas, se reflexion\u00f3 sobre el lugar que ocupan la lengua, los mitos familiares y las herencias culturales en la configuraci\u00f3n de los procesos inconscientes.<\/p>\n\n\n\n<div style=\"height:37px\" aria-hidden=\"true\" class=\"wp-block-spacer\"><\/div>\n\n\n\n<h3 class=\"wp-block-heading\">\ud83d\uddd3\ufe0f Un contexto significativo<\/h3>\n\n\n\n<div style=\"height:30px\" aria-hidden=\"true\" class=\"wp-block-spacer\"><\/div>\n\n\n\n<p>El foro se realiz\u00f3 en el marco del&nbsp;<strong>D\u00eda Internacional de la Lengua Materna<\/strong>&nbsp;(21 de febrero) y en v\u00edsperas del&nbsp;<strong>D\u00eda de la Familia en M\u00e9xico<\/strong>&nbsp;(primer domingo de marzo), lo que otorg\u00f3 un contexto especialmente significativo a la reflexi\u00f3n colectiva, al situar la lengua y los v\u00ednculos familiares como ejes centrales de los procesos de transmisi\u00f3n afectiva, cultural y ps\u00edquica.<\/p>\n\n\n\n<div style=\"height:30px\" aria-hidden=\"true\" class=\"wp-block-spacer\"><\/div>\n\n\n\n<h3 class=\"wp-block-heading\">\ud83c\udf99\ufe0f Participaci\u00f3n interinstitucional<\/h3>\n\n\n\n<div style=\"height:30px\" aria-hidden=\"true\" class=\"wp-block-spacer\"><\/div>\n\n\n\n<p>El evento cont\u00f3 con la participaci\u00f3n de especialistas e investigadores del:<\/p>\n\n\n\n<div style=\"height:30px\" aria-hidden=\"true\" class=\"wp-block-spacer\"><\/div>\n\n\n\n<ul class=\"wp-block-list\">\n<li><strong>CIESAS<\/strong><\/li>\n\n\n\n<li><strong>Instituto de la Familia (IFAC)<\/strong><\/li>\n\n\n\n<li><strong>Universidad Intercontinental (UIC)<\/strong><\/li>\n<\/ul>\n\n\n\n<div style=\"height:30px\" aria-hidden=\"true\" class=\"wp-block-spacer\"><\/div>\n\n\n\n<p>Consolidando un intercambio interinstitucional vivo y generoso que permiti\u00f3 abordar preguntas fundamentales en torno a la transmisi\u00f3n afectiva, las narrativas familiares, los pactos impl\u00edcitos y los modos de subjetivaci\u00f3n que emergen en contextos multiculturales.<\/p>\n\n\n\n<div style=\"height:30px\" aria-hidden=\"true\" class=\"wp-block-spacer\"><\/div>\n\n\n\n<h3 class=\"wp-block-heading\">\ud83c\udfa5 Revive el foro<\/h3>\n\n\n\n<div style=\"height:30px\" aria-hidden=\"true\" class=\"wp-block-spacer\"><\/div>\n\n\n\n<p>Si no pudiste acompa\u00f1arnos o quieres volver a disfrutar de las mesas de di\u00e1logo y las reflexiones compartidas,&nbsp;<strong>la transmisi\u00f3n completa est\u00e1 disponible en l\u00ednea<\/strong>.<\/p>\n\n\n\n<div style=\"height:30px\" aria-hidden=\"true\" class=\"wp-block-spacer\"><\/div>\n\n\n\n<p>\ud83d\udd17&nbsp;<strong>Disponible en:<\/strong>&nbsp;<a href=\"https:\/\/web.facebook.com\/share\/v\/187abRtkbh\/\" target=\"_blank\" rel=\"noreferrer noopener\">https:\/\/web.facebook.com\/share\/v\/187abRtkbh\/<\/a><\/p>\n\n\n\n<div style=\"height:30px\" aria-hidden=\"true\" class=\"wp-block-spacer\"><\/div>\n\n\n\n<p>La transmisi\u00f3n en l\u00ednea ampli\u00f3 el alcance del foro, sumando voces y miradas desde distintos lugares. Te invitamos a sumergirte en esta jornada intensa y significativa, que dej\u00f3 abiertas l\u00edneas de reflexi\u00f3n para seguir pensando la complejidad de las familias contempor\u00e1neas y los m\u00faltiples lenguajes que las atraviesan.<\/p>\n\n\n\n<div style=\"height:30px\" aria-hidden=\"true\" class=\"wp-block-spacer\"><\/div>\n\n\n\n<p>Organiza:<br><strong>Posgrado en Psicoan\u00e1lisis <\/strong><\/p>\n\n\n\n<figure class=\"wp-block-image size-large\"><img fetchpriority=\"high\" decoding=\"async\" width=\"1024\" height=\"768\" src=\"https:\/\/www.uic.mx\/posgrados\/wp-content\/uploads\/WhatsApp-Image-2026-02-20-at-3.34.32-PM-1024x768.jpeg\" alt=\"\" class=\"wp-image-3256\" srcset=\"https:\/\/www.uic.mx\/posgrados\/wp-content\/uploads\/WhatsApp-Image-2026-02-20-at-3.34.32-PM-1024x768.jpeg 1024w, https:\/\/www.uic.mx\/posgrados\/wp-content\/uploads\/WhatsApp-Image-2026-02-20-at-3.34.32-PM-300x225.jpeg 300w, https:\/\/www.uic.mx\/posgrados\/wp-content\/uploads\/WhatsApp-Image-2026-02-20-at-3.34.32-PM-768x576.jpeg 768w, https:\/\/www.uic.mx\/posgrados\/wp-content\/uploads\/WhatsApp-Image-2026-02-20-at-3.34.32-PM.jpeg 1280w\" sizes=\"(max-width: 1024px) 100vw, 1024px\" \/><\/figure>\n\n\n\n<p><\/p>\n","protected":false},"excerpt":{"rendered":"<p>Un di\u00e1logo entre psicoan\u00e1lisis, antropolog\u00eda y familia para pensar las din\u00e1micas inconscientes en contextos multiculturales UNIVERSIDAD INTERCONTINENTALPOSGRADOS EN PSICOAN\u00c1LISIS El pasado&nbsp;20 de febrero, en Casa Chata (CIESAS), se llev\u00f3 a cabo el&nbsp;Segundo Foro Extramuros Interinstitucional &#8220;Entre lenguas y mitos: din\u00e1micas inconscientes en familias multiculturales&#8221;, organizado por la&nbsp;Direcci\u00f3n de Posgrados en Psicoan\u00e1lisis&nbsp;de la Universidad Intercontinental. El [&hellip;]<\/p>\n","protected":false},"author":6,"featured_media":3254,"comment_status":"closed","ping_status":"closed","sticky":false,"template":"","format":"standard","meta":{"_acf_changed":false,"footnotes":""},"categories":[11],"tags":[],"class_list":["post-3253","post","type-post","status-publish","format-standard","has-post-thumbnail","hentry","category-psicoanalisis"],"acf":[],"yoast_head":"<!-- This site is optimized with the Yoast SEO plugin v27.5 - https:\/\/yoast.com\/product\/yoast-seo-wordpress\/ -->\n<title>\ud83c\udf0d Entre lenguas y mitos: as\u00ed se vivi\u00f3 el Segundo Foro Extramuros sobre familias multiculturales - Posgrados UIC<\/title>\n<meta name=\"robots\" content=\"index, follow, max-snippet:-1, max-image-preview:large, max-video-preview:-1\" \/>\n<link rel=\"canonical\" href=\"https:\/\/www.uic.mx\/posgrados\/\ud83c\udf0d-entre-lenguas-y-mitos-asi-se-vivio-el-segundo-foro-extramuros-sobre-familias-multiculturales\/\" \/>\n<meta property=\"og:locale\" content=\"es_MX\" \/>\n<meta property=\"og:type\" content=\"article\" \/>\n<meta property=\"og:title\" content=\"\ud83c\udf0d Entre lenguas y mitos: as\u00ed se vivi\u00f3 el Segundo Foro Extramuros sobre familias multiculturales - Posgrados UIC\" \/>\n<meta property=\"og:description\" content=\"Un di\u00e1logo entre psicoan\u00e1lisis, antropolog\u00eda y familia para pensar las din\u00e1micas inconscientes en contextos multiculturales UNIVERSIDAD INTERCONTINENTALPOSGRADOS EN PSICOAN\u00c1LISIS El pasado&nbsp;20 de febrero, en Casa Chata (CIESAS), se llev\u00f3 a cabo el&nbsp;Segundo Foro Extramuros Interinstitucional &#8220;Entre lenguas y mitos: din\u00e1micas inconscientes en familias multiculturales&#8221;, organizado por la&nbsp;Direcci\u00f3n de Posgrados en Psicoan\u00e1lisis&nbsp;de la Universidad Intercontinental. El [&hellip;]\" \/>\n<meta property=\"og:url\" content=\"https:\/\/www.uic.mx\/posgrados\/\ud83c\udf0d-entre-lenguas-y-mitos-asi-se-vivio-el-segundo-foro-extramuros-sobre-familias-multiculturales\/\" \/>\n<meta property=\"og:site_name\" content=\"Posgrados UIC\" \/>\n<meta property=\"article:published_time\" content=\"2026-02-23T18:16:47+00:00\" \/>\n<meta property=\"article:modified_time\" content=\"2026-02-23T18:16:48+00:00\" \/>\n<meta property=\"og:image\" content=\"https:\/\/www.uic.mx\/posgrados\/wp-content\/uploads\/Facebook__EntreLenguas_Y_Mitos_CIESAS.jpg.jpeg\" \/>\n\t<meta property=\"og:image:width\" content=\"1200\" \/>\n\t<meta property=\"og:image:height\" content=\"628\" \/>\n\t<meta property=\"og:image:type\" content=\"image\/jpeg\" \/>\n<meta name=\"author\" content=\"Abraham Cruz\" \/>\n<meta name=\"twitter:card\" content=\"summary_large_image\" \/>\n<meta name=\"twitter:label1\" content=\"Escrito por\" \/>\n\t<meta name=\"twitter:data1\" content=\"Abraham Cruz\" \/>\n\t<meta name=\"twitter:label2\" content=\"Tiempo de lectura\" \/>\n\t<meta name=\"twitter:data2\" content=\"2 minutos\" \/>\n<script type=\"application\/ld+json\" class=\"yoast-schema-graph\">{\"@context\":\"https:\\\/\\\/schema.org\",\"@graph\":[{\"@type\":\"Article\",\"@id\":\"https:\\\/\\\/www.uic.mx\\\/posgrados\\\/%f0%9f%8c%8d-entre-lenguas-y-mitos-asi-se-vivio-el-segundo-foro-extramuros-sobre-familias-multiculturales\\\/#article\",\"isPartOf\":{\"@id\":\"https:\\\/\\\/www.uic.mx\\\/posgrados\\\/%f0%9f%8c%8d-entre-lenguas-y-mitos-asi-se-vivio-el-segundo-foro-extramuros-sobre-familias-multiculturales\\\/\"},\"author\":{\"name\":\"Abraham Cruz\",\"@id\":\"https:\\\/\\\/www.uic.mx\\\/posgrados\\\/#\\\/schema\\\/person\\\/30b6bcfd786206c90b45e1f404a1e322\"},\"headline\":\"\ud83c\udf0d Entre lenguas y mitos: as\u00ed se vivi\u00f3 el Segundo Foro Extramuros sobre familias multiculturales\",\"datePublished\":\"2026-02-23T18:16:47+00:00\",\"dateModified\":\"2026-02-23T18:16:48+00:00\",\"mainEntityOfPage\":{\"@id\":\"https:\\\/\\\/www.uic.mx\\\/posgrados\\\/%f0%9f%8c%8d-entre-lenguas-y-mitos-asi-se-vivio-el-segundo-foro-extramuros-sobre-familias-multiculturales\\\/\"},\"wordCount\":391,\"publisher\":{\"@id\":\"https:\\\/\\\/www.uic.mx\\\/posgrados\\\/#organization\"},\"image\":{\"@id\":\"https:\\\/\\\/www.uic.mx\\\/posgrados\\\/%f0%9f%8c%8d-entre-lenguas-y-mitos-asi-se-vivio-el-segundo-foro-extramuros-sobre-familias-multiculturales\\\/#primaryimage\"},\"thumbnailUrl\":\"https:\\\/\\\/www.uic.mx\\\/posgrados\\\/wp-content\\\/uploads\\\/Facebook__EntreLenguas_Y_Mitos_CIESAS.jpg.jpeg\",\"articleSection\":[\"Psicoan\u00e1lisis\"],\"inLanguage\":\"es\"},{\"@type\":\"WebPage\",\"@id\":\"https:\\\/\\\/www.uic.mx\\\/posgrados\\\/%f0%9f%8c%8d-entre-lenguas-y-mitos-asi-se-vivio-el-segundo-foro-extramuros-sobre-familias-multiculturales\\\/\",\"url\":\"https:\\\/\\\/www.uic.mx\\\/posgrados\\\/%f0%9f%8c%8d-entre-lenguas-y-mitos-asi-se-vivio-el-segundo-foro-extramuros-sobre-familias-multiculturales\\\/\",\"name\":\"\ud83c\udf0d Entre lenguas y mitos: as\u00ed se vivi\u00f3 el Segundo Foro Extramuros sobre familias multiculturales - Posgrados UIC\",\"isPartOf\":{\"@id\":\"https:\\\/\\\/www.uic.mx\\\/posgrados\\\/#website\"},\"primaryImageOfPage\":{\"@id\":\"https:\\\/\\\/www.uic.mx\\\/posgrados\\\/%f0%9f%8c%8d-entre-lenguas-y-mitos-asi-se-vivio-el-segundo-foro-extramuros-sobre-familias-multiculturales\\\/#primaryimage\"},\"image\":{\"@id\":\"https:\\\/\\\/www.uic.mx\\\/posgrados\\\/%f0%9f%8c%8d-entre-lenguas-y-mitos-asi-se-vivio-el-segundo-foro-extramuros-sobre-familias-multiculturales\\\/#primaryimage\"},\"thumbnailUrl\":\"https:\\\/\\\/www.uic.mx\\\/posgrados\\\/wp-content\\\/uploads\\\/Facebook__EntreLenguas_Y_Mitos_CIESAS.jpg.jpeg\",\"datePublished\":\"2026-02-23T18:16:47+00:00\",\"dateModified\":\"2026-02-23T18:16:48+00:00\",\"breadcrumb\":{\"@id\":\"https:\\\/\\\/www.uic.mx\\\/posgrados\\\/%f0%9f%8c%8d-entre-lenguas-y-mitos-asi-se-vivio-el-segundo-foro-extramuros-sobre-familias-multiculturales\\\/#breadcrumb\"},\"inLanguage\":\"es\",\"potentialAction\":[{\"@type\":\"ReadAction\",\"target\":[\"https:\\\/\\\/www.uic.mx\\\/posgrados\\\/%f0%9f%8c%8d-entre-lenguas-y-mitos-asi-se-vivio-el-segundo-foro-extramuros-sobre-familias-multiculturales\\\/\"]}]},{\"@type\":\"ImageObject\",\"inLanguage\":\"es\",\"@id\":\"https:\\\/\\\/www.uic.mx\\\/posgrados\\\/%f0%9f%8c%8d-entre-lenguas-y-mitos-asi-se-vivio-el-segundo-foro-extramuros-sobre-familias-multiculturales\\\/#primaryimage\",\"url\":\"https:\\\/\\\/www.uic.mx\\\/posgrados\\\/wp-content\\\/uploads\\\/Facebook__EntreLenguas_Y_Mitos_CIESAS.jpg.jpeg\",\"contentUrl\":\"https:\\\/\\\/www.uic.mx\\\/posgrados\\\/wp-content\\\/uploads\\\/Facebook__EntreLenguas_Y_Mitos_CIESAS.jpg.jpeg\",\"width\":1200,\"height\":628},{\"@type\":\"BreadcrumbList\",\"@id\":\"https:\\\/\\\/www.uic.mx\\\/posgrados\\\/%f0%9f%8c%8d-entre-lenguas-y-mitos-asi-se-vivio-el-segundo-foro-extramuros-sobre-familias-multiculturales\\\/#breadcrumb\",\"itemListElement\":[{\"@type\":\"ListItem\",\"position\":1,\"name\":\"Inicio\",\"item\":\"https:\\\/\\\/www.uic.mx\\\/posgrados\\\/\"},{\"@type\":\"ListItem\",\"position\":2,\"name\":\"\ud83c\udf0d Entre lenguas y mitos: as\u00ed se vivi\u00f3 el Segundo Foro Extramuros sobre familias multiculturales\"}]},{\"@type\":\"WebSite\",\"@id\":\"https:\\\/\\\/www.uic.mx\\\/posgrados\\\/#website\",\"url\":\"https:\\\/\\\/www.uic.mx\\\/posgrados\\\/\",\"name\":\"Posgrados UIC\",\"description\":\"\",\"publisher\":{\"@id\":\"https:\\\/\\\/www.uic.mx\\\/posgrados\\\/#organization\"},\"potentialAction\":[{\"@type\":\"SearchAction\",\"target\":{\"@type\":\"EntryPoint\",\"urlTemplate\":\"https:\\\/\\\/www.uic.mx\\\/posgrados\\\/?s={search_term_string}\"},\"query-input\":{\"@type\":\"PropertyValueSpecification\",\"valueRequired\":true,\"valueName\":\"search_term_string\"}}],\"inLanguage\":\"es\"},{\"@type\":\"Organization\",\"@id\":\"https:\\\/\\\/www.uic.mx\\\/posgrados\\\/#organization\",\"name\":\"Posgrados UIC\",\"url\":\"https:\\\/\\\/www.uic.mx\\\/posgrados\\\/\",\"logo\":{\"@type\":\"ImageObject\",\"inLanguage\":\"es\",\"@id\":\"https:\\\/\\\/www.uic.mx\\\/posgrados\\\/#\\\/schema\\\/logo\\\/image\\\/\",\"url\":\"https:\\\/\\\/www.uic.mx\\\/posgrados\\\/wp-content\\\/uploads\\\/Logo-50-Universidad-Intercontinental-horizontal-blanco-scaled.png\",\"contentUrl\":\"https:\\\/\\\/www.uic.mx\\\/posgrados\\\/wp-content\\\/uploads\\\/Logo-50-Universidad-Intercontinental-horizontal-blanco-scaled.png\",\"width\":2560,\"height\":643,\"caption\":\"Posgrados UIC\"},\"image\":{\"@id\":\"https:\\\/\\\/www.uic.mx\\\/posgrados\\\/#\\\/schema\\\/logo\\\/image\\\/\"}},{\"@type\":\"Person\",\"@id\":\"https:\\\/\\\/www.uic.mx\\\/posgrados\\\/#\\\/schema\\\/person\\\/30b6bcfd786206c90b45e1f404a1e322\",\"name\":\"Abraham Cruz\",\"image\":{\"@type\":\"ImageObject\",\"inLanguage\":\"es\",\"@id\":\"https:\\\/\\\/secure.gravatar.com\\\/avatar\\\/09b20d8945f044a2e7d64b6f252644eb712d8bf82fbd71201e2e8d072f3a0a72?s=96&d=mm&r=g\",\"url\":\"https:\\\/\\\/secure.gravatar.com\\\/avatar\\\/09b20d8945f044a2e7d64b6f252644eb712d8bf82fbd71201e2e8d072f3a0a72?s=96&d=mm&r=g\",\"contentUrl\":\"https:\\\/\\\/secure.gravatar.com\\\/avatar\\\/09b20d8945f044a2e7d64b6f252644eb712d8bf82fbd71201e2e8d072f3a0a72?s=96&d=mm&r=g\",\"caption\":\"Abraham Cruz\"},\"url\":\"https:\\\/\\\/www.uic.mx\\\/posgrados\\\/author\\\/abrahamcruz\\\/\"}]}<\/script>\n<!-- \/ Yoast SEO plugin. -->","yoast_head_json":{"title":"\ud83c\udf0d Entre lenguas y mitos: as\u00ed se vivi\u00f3 el Segundo Foro Extramuros sobre familias multiculturales - Posgrados UIC","robots":{"index":"index","follow":"follow","max-snippet":"max-snippet:-1","max-image-preview":"max-image-preview:large","max-video-preview":"max-video-preview:-1"},"canonical":"https:\/\/www.uic.mx\/posgrados\/\ud83c\udf0d-entre-lenguas-y-mitos-asi-se-vivio-el-segundo-foro-extramuros-sobre-familias-multiculturales\/","og_locale":"es_MX","og_type":"article","og_title":"\ud83c\udf0d Entre lenguas y mitos: as\u00ed se vivi\u00f3 el Segundo Foro Extramuros sobre familias multiculturales - Posgrados UIC","og_description":"Un di\u00e1logo entre psicoan\u00e1lisis, antropolog\u00eda y familia para pensar las din\u00e1micas inconscientes en contextos multiculturales UNIVERSIDAD INTERCONTINENTALPOSGRADOS EN PSICOAN\u00c1LISIS El pasado&nbsp;20 de febrero, en Casa Chata (CIESAS), se llev\u00f3 a cabo el&nbsp;Segundo Foro Extramuros Interinstitucional &#8220;Entre lenguas y mitos: din\u00e1micas inconscientes en familias multiculturales&#8221;, organizado por la&nbsp;Direcci\u00f3n de Posgrados en Psicoan\u00e1lisis&nbsp;de la Universidad Intercontinental. El [&hellip;]","og_url":"https:\/\/www.uic.mx\/posgrados\/\ud83c\udf0d-entre-lenguas-y-mitos-asi-se-vivio-el-segundo-foro-extramuros-sobre-familias-multiculturales\/","og_site_name":"Posgrados UIC","article_published_time":"2026-02-23T18:16:47+00:00","article_modified_time":"2026-02-23T18:16:48+00:00","og_image":[{"width":1200,"height":628,"url":"https:\/\/www.uic.mx\/posgrados\/wp-content\/uploads\/Facebook__EntreLenguas_Y_Mitos_CIESAS.jpg.jpeg","type":"image\/jpeg"}],"author":"Abraham Cruz","twitter_card":"summary_large_image","twitter_misc":{"Escrito por":"Abraham Cruz","Tiempo de lectura":"2 minutos"},"schema":{"@context":"https:\/\/schema.org","@graph":[{"@type":"Article","@id":"https:\/\/www.uic.mx\/posgrados\/%f0%9f%8c%8d-entre-lenguas-y-mitos-asi-se-vivio-el-segundo-foro-extramuros-sobre-familias-multiculturales\/#article","isPartOf":{"@id":"https:\/\/www.uic.mx\/posgrados\/%f0%9f%8c%8d-entre-lenguas-y-mitos-asi-se-vivio-el-segundo-foro-extramuros-sobre-familias-multiculturales\/"},"author":{"name":"Abraham Cruz","@id":"https:\/\/www.uic.mx\/posgrados\/#\/schema\/person\/30b6bcfd786206c90b45e1f404a1e322"},"headline":"\ud83c\udf0d Entre lenguas y mitos: as\u00ed se vivi\u00f3 el Segundo Foro Extramuros sobre familias multiculturales","datePublished":"2026-02-23T18:16:47+00:00","dateModified":"2026-02-23T18:16:48+00:00","mainEntityOfPage":{"@id":"https:\/\/www.uic.mx\/posgrados\/%f0%9f%8c%8d-entre-lenguas-y-mitos-asi-se-vivio-el-segundo-foro-extramuros-sobre-familias-multiculturales\/"},"wordCount":391,"publisher":{"@id":"https:\/\/www.uic.mx\/posgrados\/#organization"},"image":{"@id":"https:\/\/www.uic.mx\/posgrados\/%f0%9f%8c%8d-entre-lenguas-y-mitos-asi-se-vivio-el-segundo-foro-extramuros-sobre-familias-multiculturales\/#primaryimage"},"thumbnailUrl":"https:\/\/www.uic.mx\/posgrados\/wp-content\/uploads\/Facebook__EntreLenguas_Y_Mitos_CIESAS.jpg.jpeg","articleSection":["Psicoan\u00e1lisis"],"inLanguage":"es"},{"@type":"WebPage","@id":"https:\/\/www.uic.mx\/posgrados\/%f0%9f%8c%8d-entre-lenguas-y-mitos-asi-se-vivio-el-segundo-foro-extramuros-sobre-familias-multiculturales\/","url":"https:\/\/www.uic.mx\/posgrados\/%f0%9f%8c%8d-entre-lenguas-y-mitos-asi-se-vivio-el-segundo-foro-extramuros-sobre-familias-multiculturales\/","name":"\ud83c\udf0d Entre lenguas y mitos: as\u00ed se vivi\u00f3 el Segundo Foro Extramuros sobre familias multiculturales - Posgrados UIC","isPartOf":{"@id":"https:\/\/www.uic.mx\/posgrados\/#website"},"primaryImageOfPage":{"@id":"https:\/\/www.uic.mx\/posgrados\/%f0%9f%8c%8d-entre-lenguas-y-mitos-asi-se-vivio-el-segundo-foro-extramuros-sobre-familias-multiculturales\/#primaryimage"},"image":{"@id":"https:\/\/www.uic.mx\/posgrados\/%f0%9f%8c%8d-entre-lenguas-y-mitos-asi-se-vivio-el-segundo-foro-extramuros-sobre-familias-multiculturales\/#primaryimage"},"thumbnailUrl":"https:\/\/www.uic.mx\/posgrados\/wp-content\/uploads\/Facebook__EntreLenguas_Y_Mitos_CIESAS.jpg.jpeg","datePublished":"2026-02-23T18:16:47+00:00","dateModified":"2026-02-23T18:16:48+00:00","breadcrumb":{"@id":"https:\/\/www.uic.mx\/posgrados\/%f0%9f%8c%8d-entre-lenguas-y-mitos-asi-se-vivio-el-segundo-foro-extramuros-sobre-familias-multiculturales\/#breadcrumb"},"inLanguage":"es","potentialAction":[{"@type":"ReadAction","target":["https:\/\/www.uic.mx\/posgrados\/%f0%9f%8c%8d-entre-lenguas-y-mitos-asi-se-vivio-el-segundo-foro-extramuros-sobre-familias-multiculturales\/"]}]},{"@type":"ImageObject","inLanguage":"es","@id":"https:\/\/www.uic.mx\/posgrados\/%f0%9f%8c%8d-entre-lenguas-y-mitos-asi-se-vivio-el-segundo-foro-extramuros-sobre-familias-multiculturales\/#primaryimage","url":"https:\/\/www.uic.mx\/posgrados\/wp-content\/uploads\/Facebook__EntreLenguas_Y_Mitos_CIESAS.jpg.jpeg","contentUrl":"https:\/\/www.uic.mx\/posgrados\/wp-content\/uploads\/Facebook__EntreLenguas_Y_Mitos_CIESAS.jpg.jpeg","width":1200,"height":628},{"@type":"BreadcrumbList","@id":"https:\/\/www.uic.mx\/posgrados\/%f0%9f%8c%8d-entre-lenguas-y-mitos-asi-se-vivio-el-segundo-foro-extramuros-sobre-familias-multiculturales\/#breadcrumb","itemListElement":[{"@type":"ListItem","position":1,"name":"Inicio","item":"https:\/\/www.uic.mx\/posgrados\/"},{"@type":"ListItem","position":2,"name":"\ud83c\udf0d Entre lenguas y mitos: as\u00ed se vivi\u00f3 el Segundo Foro Extramuros sobre familias multiculturales"}]},{"@type":"WebSite","@id":"https:\/\/www.uic.mx\/posgrados\/#website","url":"https:\/\/www.uic.mx\/posgrados\/","name":"Posgrados UIC","description":"","publisher":{"@id":"https:\/\/www.uic.mx\/posgrados\/#organization"},"potentialAction":[{"@type":"SearchAction","target":{"@type":"EntryPoint","urlTemplate":"https:\/\/www.uic.mx\/posgrados\/?s={search_term_string}"},"query-input":{"@type":"PropertyValueSpecification","valueRequired":true,"valueName":"search_term_string"}}],"inLanguage":"es"},{"@type":"Organization","@id":"https:\/\/www.uic.mx\/posgrados\/#organization","name":"Posgrados UIC","url":"https:\/\/www.uic.mx\/posgrados\/","logo":{"@type":"ImageObject","inLanguage":"es","@id":"https:\/\/www.uic.mx\/posgrados\/#\/schema\/logo\/image\/","url":"https:\/\/www.uic.mx\/posgrados\/wp-content\/uploads\/Logo-50-Universidad-Intercontinental-horizontal-blanco-scaled.png","contentUrl":"https:\/\/www.uic.mx\/posgrados\/wp-content\/uploads\/Logo-50-Universidad-Intercontinental-horizontal-blanco-scaled.png","width":2560,"height":643,"caption":"Posgrados UIC"},"image":{"@id":"https:\/\/www.uic.mx\/posgrados\/#\/schema\/logo\/image\/"}},{"@type":"Person","@id":"https:\/\/www.uic.mx\/posgrados\/#\/schema\/person\/30b6bcfd786206c90b45e1f404a1e322","name":"Abraham Cruz","image":{"@type":"ImageObject","inLanguage":"es","@id":"https:\/\/secure.gravatar.com\/avatar\/09b20d8945f044a2e7d64b6f252644eb712d8bf82fbd71201e2e8d072f3a0a72?s=96&d=mm&r=g","url":"https:\/\/secure.gravatar.com\/avatar\/09b20d8945f044a2e7d64b6f252644eb712d8bf82fbd71201e2e8d072f3a0a72?s=96&d=mm&r=g","contentUrl":"https:\/\/secure.gravatar.com\/avatar\/09b20d8945f044a2e7d64b6f252644eb712d8bf82fbd71201e2e8d072f3a0a72?s=96&d=mm&r=g","caption":"Abraham Cruz"},"url":"https:\/\/www.uic.mx\/posgrados\/author\/abrahamcruz\/"}]}},"_links":{"self":[{"href":"https:\/\/www.uic.mx\/posgrados\/wp-json\/wp\/v2\/posts\/3253","targetHints":{"allow":["GET"]}}],"collection":[{"href":"https:\/\/www.uic.mx\/posgrados\/wp-json\/wp\/v2\/posts"}],"about":[{"href":"https:\/\/www.uic.mx\/posgrados\/wp-json\/wp\/v2\/types\/post"}],"author":[{"embeddable":true,"href":"https:\/\/www.uic.mx\/posgrados\/wp-json\/wp\/v2\/users\/6"}],"replies":[{"embeddable":true,"href":"https:\/\/www.uic.mx\/posgrados\/wp-json\/wp\/v2\/comments?post=3253"}],"version-history":[{"count":1,"href":"https:\/\/www.uic.mx\/posgrados\/wp-json\/wp\/v2\/posts\/3253\/revisions"}],"predecessor-version":[{"id":3257,"href":"https:\/\/www.uic.mx\/posgrados\/wp-json\/wp\/v2\/posts\/3253\/revisions\/3257"}],"wp:featuredmedia":[{"embeddable":true,"href":"https:\/\/www.uic.mx\/posgrados\/wp-json\/wp\/v2\/media\/3254"}],"wp:attachment":[{"href":"https:\/\/www.uic.mx\/posgrados\/wp-json\/wp\/v2\/media?parent=3253"}],"wp:term":[{"taxonomy":"category","embeddable":true,"href":"https:\/\/www.uic.mx\/posgrados\/wp-json\/wp\/v2\/categories?post=3253"},{"taxonomy":"post_tag","embeddable":true,"href":"https:\/\/www.uic.mx\/posgrados\/wp-json\/wp\/v2\/tags?post=3253"}],"curies":[{"name":"wp","href":"https:\/\/api.w.org\/{rel}","templated":true}]}}