{"id":3572,"date":"2026-03-17T11:12:21","date_gmt":"2026-03-17T17:12:21","guid":{"rendered":"https:\/\/www.uic.mx\/posgrados\/?p=3572"},"modified":"2026-03-17T11:12:22","modified_gmt":"2026-03-17T17:12:22","slug":"circulo-de-reflexion","status":"publish","type":"post","link":"https:\/\/www.uic.mx\/posgrados\/circulo-de-reflexion\/","title":{"rendered":"Circulo de Reflexi\u00f3n"},"content":{"rendered":"\n<h2 class=\"wp-block-heading\"><strong>Las mujeres que nos forman<\/strong><\/h2>\n\n\n\n<div style=\"height:30px\" aria-hidden=\"true\" class=\"wp-block-spacer\"><\/div>\n\n\n\n<p>La Universidad Intercontinental, a trav\u00e9s de su \u00e1rea de Posgrados, invita a la comunidad universitaria a participar en el\u00a0<strong>C\u00edrculo de Reflexi\u00f3n: Las mujeres que nos forman<\/strong>, un espacio dise\u00f1ado para el di\u00e1logo, el reconocimiento y la construcci\u00f3n colectiva de saberes.<\/p>\n\n\n\n<div style=\"height:30px\" aria-hidden=\"true\" class=\"wp-block-spacer\"><\/div>\n\n\n\n<p>Este encuentro tiene como prop\u00f3sito generar un intercambio dial\u00f3gico y transgeneracional que permita identificar y resignificar la influencia de las figuras femeninas en la trayectoria acad\u00e9mica y personal de los participantes. A trav\u00e9s de la palabra y la reflexi\u00f3n compartida, se buscar\u00e1 reconocer su papel como pilares en la transmisi\u00f3n de la percepci\u00f3n del mundo, los valores y el deseo de vivir juntos y en paz.<\/p>\n\n\n\n<div style=\"height:30px\" aria-hidden=\"true\" class=\"wp-block-spacer\"><\/div>\n\n\n\n<p>\ud83d\udcc5 <strong>Fecha y hora<\/strong><\/p>\n\n\n\n<div style=\"height:20px\" aria-hidden=\"true\" class=\"wp-block-spacer\"><\/div>\n\n\n\n<p>Mi\u00e9rcoles 19 de marzo de 2026<br>11:00 a 13:00 horas<\/p>\n\n\n\n<div style=\"height:30px\" aria-hidden=\"true\" class=\"wp-block-spacer\"><\/div>\n\n\n\n<p>\ud83d\udccd <strong>Sede<\/strong><\/p>\n\n\n\n<div style=\"height:20px\" aria-hidden=\"true\" class=\"wp-block-spacer\"><\/div>\n\n\n\n<p>Auditorio Santa Teresa de \u00c1vila<br>Universidad Intercontinental<\/p>\n\n\n\n<div style=\"height:30px\" aria-hidden=\"true\" class=\"wp-block-spacer\"><\/div>\n\n\n\n<p>\ud83c\udfa4 <strong>Ponentes participantes<\/strong><\/p>\n\n\n\n<div style=\"height:20px\" aria-hidden=\"true\" class=\"wp-block-spacer\"><\/div>\n\n\n\n<ul class=\"wp-block-list\">\n<li>Ang\u00e9lica I. Borja Magno<\/li>\n\n\n\n<li>M\u00f3nica R. Morales P\u00e9rez<\/li>\n\n\n\n<li>Mar\u00eda Teresa Esquivel Camacho<\/li>\n\n\n\n<li>Margarita Guzm\u00e1n Castellanos<\/li>\n\n\n\n<li>Marcela Ovalle Mendoza<\/li>\n\n\n\n<li>Gabriela Rodr\u00edguez Serna<\/li>\n\n\n\n<li>Paula Nikole Soto Favela<\/li>\n\n\n\n<li>Daila Miranda Padilla Garc\u00eda<\/li>\n<\/ul>\n\n\n\n<div style=\"height:30px\" aria-hidden=\"true\" class=\"wp-block-spacer\"><\/div>\n\n\n\n<p>\ud83d\udcbb <strong>Transmisi\u00f3n en vivo<\/strong><\/p>\n\n\n\n<div style=\"height:20px\" aria-hidden=\"true\" class=\"wp-block-spacer\"><\/div>\n\n\n\n<p>Si no puedes asistir de manera presencial, te invitamos a seguir la transmisi\u00f3n en vivo a trav\u00e9s de nuestra p\u00e1gina oficial de Facebook:\u00a0<strong>@UICMX<\/strong><\/p>\n\n\n\n<div style=\"height:30px\" aria-hidden=\"true\" class=\"wp-block-spacer\"><\/div>\n\n\n\n<figure class=\"wp-block-image size-large\"><img fetchpriority=\"high\" decoding=\"async\" width=\"330\" height=\"1024\" src=\"https:\/\/www.uic.mx\/posgrados\/wp-content\/uploads\/mujeres-330x1024.png\" alt=\"\" class=\"wp-image-3573\" srcset=\"https:\/\/www.uic.mx\/posgrados\/wp-content\/uploads\/mujeres-330x1024.png 330w, https:\/\/www.uic.mx\/posgrados\/wp-content\/uploads\/mujeres-97x300.png 97w, https:\/\/www.uic.mx\/posgrados\/wp-content\/uploads\/mujeres.png 515w\" sizes=\"(max-width: 330px) 100vw, 330px\" \/><\/figure>\n","protected":false},"excerpt":{"rendered":"<p>Las mujeres que nos forman La Universidad Intercontinental, a trav\u00e9s de su \u00e1rea de Posgrados, invita a la comunidad universitaria a participar en el\u00a0C\u00edrculo de Reflexi\u00f3n: Las mujeres que nos forman, un espacio dise\u00f1ado para el di\u00e1logo, el reconocimiento y la construcci\u00f3n colectiva de saberes. Este encuentro tiene como prop\u00f3sito generar un intercambio dial\u00f3gico y [&hellip;]<\/p>\n","protected":false},"author":6,"featured_media":3574,"comment_status":"closed","ping_status":"closed","sticky":false,"template":"","format":"standard","meta":{"_acf_changed":false,"footnotes":""},"categories":[12],"tags":[],"class_list":["post-3572","post","type-post","status-publish","format-standard","has-post-thumbnail","hentry","category-direccion-divisional-de-posgrados"],"acf":[],"yoast_head":"<!-- This site is optimized with the Yoast SEO plugin v27.5 - https:\/\/yoast.com\/product\/yoast-seo-wordpress\/ -->\n<title>Circulo de Reflexi\u00f3n - Posgrados UIC<\/title>\n<meta name=\"robots\" content=\"index, follow, max-snippet:-1, max-image-preview:large, max-video-preview:-1\" \/>\n<link rel=\"canonical\" href=\"https:\/\/www.uic.mx\/posgrados\/circulo-de-reflexion\/\" \/>\n<meta property=\"og:locale\" content=\"es_MX\" \/>\n<meta property=\"og:type\" content=\"article\" \/>\n<meta property=\"og:title\" content=\"Circulo de Reflexi\u00f3n - Posgrados UIC\" \/>\n<meta property=\"og:description\" content=\"Las mujeres que nos forman La Universidad Intercontinental, a trav\u00e9s de su \u00e1rea de Posgrados, invita a la comunidad universitaria a participar en el\u00a0C\u00edrculo de Reflexi\u00f3n: Las mujeres que nos forman, un espacio dise\u00f1ado para el di\u00e1logo, el reconocimiento y la construcci\u00f3n colectiva de saberes. Este encuentro tiene como prop\u00f3sito generar un intercambio dial\u00f3gico y [&hellip;]\" \/>\n<meta property=\"og:url\" content=\"https:\/\/www.uic.mx\/posgrados\/circulo-de-reflexion\/\" \/>\n<meta property=\"og:site_name\" content=\"Posgrados UIC\" \/>\n<meta property=\"article:published_time\" content=\"2026-03-17T17:12:21+00:00\" \/>\n<meta property=\"article:modified_time\" content=\"2026-03-17T17:12:22+00:00\" \/>\n<meta property=\"og:image\" content=\"https:\/\/www.uic.mx\/posgrados\/wp-content\/uploads\/cortado.png\" \/>\n\t<meta property=\"og:image:width\" content=\"551\" \/>\n\t<meta property=\"og:image:height\" content=\"284\" \/>\n\t<meta property=\"og:image:type\" content=\"image\/png\" \/>\n<meta name=\"author\" content=\"Abraham Cruz\" \/>\n<meta name=\"twitter:card\" content=\"summary_large_image\" \/>\n<meta name=\"twitter:label1\" content=\"Escrito por\" \/>\n\t<meta name=\"twitter:data1\" content=\"Abraham Cruz\" \/>\n\t<meta name=\"twitter:label2\" content=\"Tiempo de lectura\" \/>\n\t<meta name=\"twitter:data2\" content=\"2 minutos\" \/>\n<script type=\"application\/ld+json\" class=\"yoast-schema-graph\">{\"@context\":\"https:\\\/\\\/schema.org\",\"@graph\":[{\"@type\":\"Article\",\"@id\":\"https:\\\/\\\/www.uic.mx\\\/posgrados\\\/circulo-de-reflexion\\\/#article\",\"isPartOf\":{\"@id\":\"https:\\\/\\\/www.uic.mx\\\/posgrados\\\/circulo-de-reflexion\\\/\"},\"author\":{\"name\":\"Abraham Cruz\",\"@id\":\"https:\\\/\\\/www.uic.mx\\\/posgrados\\\/#\\\/schema\\\/person\\\/30b6bcfd786206c90b45e1f404a1e322\"},\"headline\":\"Circulo de Reflexi\u00f3n\",\"datePublished\":\"2026-03-17T17:12:21+00:00\",\"dateModified\":\"2026-03-17T17:12:22+00:00\",\"mainEntityOfPage\":{\"@id\":\"https:\\\/\\\/www.uic.mx\\\/posgrados\\\/circulo-de-reflexion\\\/\"},\"wordCount\":215,\"publisher\":{\"@id\":\"https:\\\/\\\/www.uic.mx\\\/posgrados\\\/#organization\"},\"image\":{\"@id\":\"https:\\\/\\\/www.uic.mx\\\/posgrados\\\/circulo-de-reflexion\\\/#primaryimage\"},\"thumbnailUrl\":\"https:\\\/\\\/www.uic.mx\\\/posgrados\\\/wp-content\\\/uploads\\\/cortado.png\",\"articleSection\":[\"Direcci\u00f3n Divisional de Posgrados\"],\"inLanguage\":\"es\"},{\"@type\":\"WebPage\",\"@id\":\"https:\\\/\\\/www.uic.mx\\\/posgrados\\\/circulo-de-reflexion\\\/\",\"url\":\"https:\\\/\\\/www.uic.mx\\\/posgrados\\\/circulo-de-reflexion\\\/\",\"name\":\"Circulo de Reflexi\u00f3n - Posgrados UIC\",\"isPartOf\":{\"@id\":\"https:\\\/\\\/www.uic.mx\\\/posgrados\\\/#website\"},\"primaryImageOfPage\":{\"@id\":\"https:\\\/\\\/www.uic.mx\\\/posgrados\\\/circulo-de-reflexion\\\/#primaryimage\"},\"image\":{\"@id\":\"https:\\\/\\\/www.uic.mx\\\/posgrados\\\/circulo-de-reflexion\\\/#primaryimage\"},\"thumbnailUrl\":\"https:\\\/\\\/www.uic.mx\\\/posgrados\\\/wp-content\\\/uploads\\\/cortado.png\",\"datePublished\":\"2026-03-17T17:12:21+00:00\",\"dateModified\":\"2026-03-17T17:12:22+00:00\",\"breadcrumb\":{\"@id\":\"https:\\\/\\\/www.uic.mx\\\/posgrados\\\/circulo-de-reflexion\\\/#breadcrumb\"},\"inLanguage\":\"es\",\"potentialAction\":[{\"@type\":\"ReadAction\",\"target\":[\"https:\\\/\\\/www.uic.mx\\\/posgrados\\\/circulo-de-reflexion\\\/\"]}]},{\"@type\":\"ImageObject\",\"inLanguage\":\"es\",\"@id\":\"https:\\\/\\\/www.uic.mx\\\/posgrados\\\/circulo-de-reflexion\\\/#primaryimage\",\"url\":\"https:\\\/\\\/www.uic.mx\\\/posgrados\\\/wp-content\\\/uploads\\\/cortado.png\",\"contentUrl\":\"https:\\\/\\\/www.uic.mx\\\/posgrados\\\/wp-content\\\/uploads\\\/cortado.png\",\"width\":551,\"height\":284},{\"@type\":\"BreadcrumbList\",\"@id\":\"https:\\\/\\\/www.uic.mx\\\/posgrados\\\/circulo-de-reflexion\\\/#breadcrumb\",\"itemListElement\":[{\"@type\":\"ListItem\",\"position\":1,\"name\":\"Inicio\",\"item\":\"https:\\\/\\\/www.uic.mx\\\/posgrados\\\/\"},{\"@type\":\"ListItem\",\"position\":2,\"name\":\"Circulo de Reflexi\u00f3n\"}]},{\"@type\":\"WebSite\",\"@id\":\"https:\\\/\\\/www.uic.mx\\\/posgrados\\\/#website\",\"url\":\"https:\\\/\\\/www.uic.mx\\\/posgrados\\\/\",\"name\":\"Posgrados UIC\",\"description\":\"\",\"publisher\":{\"@id\":\"https:\\\/\\\/www.uic.mx\\\/posgrados\\\/#organization\"},\"potentialAction\":[{\"@type\":\"SearchAction\",\"target\":{\"@type\":\"EntryPoint\",\"urlTemplate\":\"https:\\\/\\\/www.uic.mx\\\/posgrados\\\/?s={search_term_string}\"},\"query-input\":{\"@type\":\"PropertyValueSpecification\",\"valueRequired\":true,\"valueName\":\"search_term_string\"}}],\"inLanguage\":\"es\"},{\"@type\":\"Organization\",\"@id\":\"https:\\\/\\\/www.uic.mx\\\/posgrados\\\/#organization\",\"name\":\"Posgrados UIC\",\"url\":\"https:\\\/\\\/www.uic.mx\\\/posgrados\\\/\",\"logo\":{\"@type\":\"ImageObject\",\"inLanguage\":\"es\",\"@id\":\"https:\\\/\\\/www.uic.mx\\\/posgrados\\\/#\\\/schema\\\/logo\\\/image\\\/\",\"url\":\"https:\\\/\\\/www.uic.mx\\\/posgrados\\\/wp-content\\\/uploads\\\/Logo-50-Universidad-Intercontinental-horizontal-blanco-scaled.png\",\"contentUrl\":\"https:\\\/\\\/www.uic.mx\\\/posgrados\\\/wp-content\\\/uploads\\\/Logo-50-Universidad-Intercontinental-horizontal-blanco-scaled.png\",\"width\":2560,\"height\":643,\"caption\":\"Posgrados UIC\"},\"image\":{\"@id\":\"https:\\\/\\\/www.uic.mx\\\/posgrados\\\/#\\\/schema\\\/logo\\\/image\\\/\"}},{\"@type\":\"Person\",\"@id\":\"https:\\\/\\\/www.uic.mx\\\/posgrados\\\/#\\\/schema\\\/person\\\/30b6bcfd786206c90b45e1f404a1e322\",\"name\":\"Abraham Cruz\",\"image\":{\"@type\":\"ImageObject\",\"inLanguage\":\"es\",\"@id\":\"https:\\\/\\\/secure.gravatar.com\\\/avatar\\\/09b20d8945f044a2e7d64b6f252644eb712d8bf82fbd71201e2e8d072f3a0a72?s=96&d=mm&r=g\",\"url\":\"https:\\\/\\\/secure.gravatar.com\\\/avatar\\\/09b20d8945f044a2e7d64b6f252644eb712d8bf82fbd71201e2e8d072f3a0a72?s=96&d=mm&r=g\",\"contentUrl\":\"https:\\\/\\\/secure.gravatar.com\\\/avatar\\\/09b20d8945f044a2e7d64b6f252644eb712d8bf82fbd71201e2e8d072f3a0a72?s=96&d=mm&r=g\",\"caption\":\"Abraham Cruz\"},\"url\":\"https:\\\/\\\/www.uic.mx\\\/posgrados\\\/author\\\/abrahamcruz\\\/\"}]}<\/script>\n<!-- \/ Yoast SEO plugin. -->","yoast_head_json":{"title":"Circulo de Reflexi\u00f3n - Posgrados UIC","robots":{"index":"index","follow":"follow","max-snippet":"max-snippet:-1","max-image-preview":"max-image-preview:large","max-video-preview":"max-video-preview:-1"},"canonical":"https:\/\/www.uic.mx\/posgrados\/circulo-de-reflexion\/","og_locale":"es_MX","og_type":"article","og_title":"Circulo de Reflexi\u00f3n - Posgrados UIC","og_description":"Las mujeres que nos forman La Universidad Intercontinental, a trav\u00e9s de su \u00e1rea de Posgrados, invita a la comunidad universitaria a participar en el\u00a0C\u00edrculo de Reflexi\u00f3n: Las mujeres que nos forman, un espacio dise\u00f1ado para el di\u00e1logo, el reconocimiento y la construcci\u00f3n colectiva de saberes. Este encuentro tiene como prop\u00f3sito generar un intercambio dial\u00f3gico y [&hellip;]","og_url":"https:\/\/www.uic.mx\/posgrados\/circulo-de-reflexion\/","og_site_name":"Posgrados UIC","article_published_time":"2026-03-17T17:12:21+00:00","article_modified_time":"2026-03-17T17:12:22+00:00","og_image":[{"width":551,"height":284,"url":"https:\/\/www.uic.mx\/posgrados\/wp-content\/uploads\/cortado.png","type":"image\/png"}],"author":"Abraham Cruz","twitter_card":"summary_large_image","twitter_misc":{"Escrito por":"Abraham Cruz","Tiempo de lectura":"2 minutos"},"schema":{"@context":"https:\/\/schema.org","@graph":[{"@type":"Article","@id":"https:\/\/www.uic.mx\/posgrados\/circulo-de-reflexion\/#article","isPartOf":{"@id":"https:\/\/www.uic.mx\/posgrados\/circulo-de-reflexion\/"},"author":{"name":"Abraham Cruz","@id":"https:\/\/www.uic.mx\/posgrados\/#\/schema\/person\/30b6bcfd786206c90b45e1f404a1e322"},"headline":"Circulo de Reflexi\u00f3n","datePublished":"2026-03-17T17:12:21+00:00","dateModified":"2026-03-17T17:12:22+00:00","mainEntityOfPage":{"@id":"https:\/\/www.uic.mx\/posgrados\/circulo-de-reflexion\/"},"wordCount":215,"publisher":{"@id":"https:\/\/www.uic.mx\/posgrados\/#organization"},"image":{"@id":"https:\/\/www.uic.mx\/posgrados\/circulo-de-reflexion\/#primaryimage"},"thumbnailUrl":"https:\/\/www.uic.mx\/posgrados\/wp-content\/uploads\/cortado.png","articleSection":["Direcci\u00f3n Divisional de Posgrados"],"inLanguage":"es"},{"@type":"WebPage","@id":"https:\/\/www.uic.mx\/posgrados\/circulo-de-reflexion\/","url":"https:\/\/www.uic.mx\/posgrados\/circulo-de-reflexion\/","name":"Circulo de Reflexi\u00f3n - Posgrados UIC","isPartOf":{"@id":"https:\/\/www.uic.mx\/posgrados\/#website"},"primaryImageOfPage":{"@id":"https:\/\/www.uic.mx\/posgrados\/circulo-de-reflexion\/#primaryimage"},"image":{"@id":"https:\/\/www.uic.mx\/posgrados\/circulo-de-reflexion\/#primaryimage"},"thumbnailUrl":"https:\/\/www.uic.mx\/posgrados\/wp-content\/uploads\/cortado.png","datePublished":"2026-03-17T17:12:21+00:00","dateModified":"2026-03-17T17:12:22+00:00","breadcrumb":{"@id":"https:\/\/www.uic.mx\/posgrados\/circulo-de-reflexion\/#breadcrumb"},"inLanguage":"es","potentialAction":[{"@type":"ReadAction","target":["https:\/\/www.uic.mx\/posgrados\/circulo-de-reflexion\/"]}]},{"@type":"ImageObject","inLanguage":"es","@id":"https:\/\/www.uic.mx\/posgrados\/circulo-de-reflexion\/#primaryimage","url":"https:\/\/www.uic.mx\/posgrados\/wp-content\/uploads\/cortado.png","contentUrl":"https:\/\/www.uic.mx\/posgrados\/wp-content\/uploads\/cortado.png","width":551,"height":284},{"@type":"BreadcrumbList","@id":"https:\/\/www.uic.mx\/posgrados\/circulo-de-reflexion\/#breadcrumb","itemListElement":[{"@type":"ListItem","position":1,"name":"Inicio","item":"https:\/\/www.uic.mx\/posgrados\/"},{"@type":"ListItem","position":2,"name":"Circulo de Reflexi\u00f3n"}]},{"@type":"WebSite","@id":"https:\/\/www.uic.mx\/posgrados\/#website","url":"https:\/\/www.uic.mx\/posgrados\/","name":"Posgrados UIC","description":"","publisher":{"@id":"https:\/\/www.uic.mx\/posgrados\/#organization"},"potentialAction":[{"@type":"SearchAction","target":{"@type":"EntryPoint","urlTemplate":"https:\/\/www.uic.mx\/posgrados\/?s={search_term_string}"},"query-input":{"@type":"PropertyValueSpecification","valueRequired":true,"valueName":"search_term_string"}}],"inLanguage":"es"},{"@type":"Organization","@id":"https:\/\/www.uic.mx\/posgrados\/#organization","name":"Posgrados UIC","url":"https:\/\/www.uic.mx\/posgrados\/","logo":{"@type":"ImageObject","inLanguage":"es","@id":"https:\/\/www.uic.mx\/posgrados\/#\/schema\/logo\/image\/","url":"https:\/\/www.uic.mx\/posgrados\/wp-content\/uploads\/Logo-50-Universidad-Intercontinental-horizontal-blanco-scaled.png","contentUrl":"https:\/\/www.uic.mx\/posgrados\/wp-content\/uploads\/Logo-50-Universidad-Intercontinental-horizontal-blanco-scaled.png","width":2560,"height":643,"caption":"Posgrados UIC"},"image":{"@id":"https:\/\/www.uic.mx\/posgrados\/#\/schema\/logo\/image\/"}},{"@type":"Person","@id":"https:\/\/www.uic.mx\/posgrados\/#\/schema\/person\/30b6bcfd786206c90b45e1f404a1e322","name":"Abraham Cruz","image":{"@type":"ImageObject","inLanguage":"es","@id":"https:\/\/secure.gravatar.com\/avatar\/09b20d8945f044a2e7d64b6f252644eb712d8bf82fbd71201e2e8d072f3a0a72?s=96&d=mm&r=g","url":"https:\/\/secure.gravatar.com\/avatar\/09b20d8945f044a2e7d64b6f252644eb712d8bf82fbd71201e2e8d072f3a0a72?s=96&d=mm&r=g","contentUrl":"https:\/\/secure.gravatar.com\/avatar\/09b20d8945f044a2e7d64b6f252644eb712d8bf82fbd71201e2e8d072f3a0a72?s=96&d=mm&r=g","caption":"Abraham Cruz"},"url":"https:\/\/www.uic.mx\/posgrados\/author\/abrahamcruz\/"}]}},"_links":{"self":[{"href":"https:\/\/www.uic.mx\/posgrados\/wp-json\/wp\/v2\/posts\/3572","targetHints":{"allow":["GET"]}}],"collection":[{"href":"https:\/\/www.uic.mx\/posgrados\/wp-json\/wp\/v2\/posts"}],"about":[{"href":"https:\/\/www.uic.mx\/posgrados\/wp-json\/wp\/v2\/types\/post"}],"author":[{"embeddable":true,"href":"https:\/\/www.uic.mx\/posgrados\/wp-json\/wp\/v2\/users\/6"}],"replies":[{"embeddable":true,"href":"https:\/\/www.uic.mx\/posgrados\/wp-json\/wp\/v2\/comments?post=3572"}],"version-history":[{"count":1,"href":"https:\/\/www.uic.mx\/posgrados\/wp-json\/wp\/v2\/posts\/3572\/revisions"}],"predecessor-version":[{"id":3575,"href":"https:\/\/www.uic.mx\/posgrados\/wp-json\/wp\/v2\/posts\/3572\/revisions\/3575"}],"wp:featuredmedia":[{"embeddable":true,"href":"https:\/\/www.uic.mx\/posgrados\/wp-json\/wp\/v2\/media\/3574"}],"wp:attachment":[{"href":"https:\/\/www.uic.mx\/posgrados\/wp-json\/wp\/v2\/media?parent=3572"}],"wp:term":[{"taxonomy":"category","embeddable":true,"href":"https:\/\/www.uic.mx\/posgrados\/wp-json\/wp\/v2\/categories?post=3572"},{"taxonomy":"post_tag","embeddable":true,"href":"https:\/\/www.uic.mx\/posgrados\/wp-json\/wp\/v2\/tags?post=3572"}],"curies":[{"name":"wp","href":"https:\/\/api.w.org\/{rel}","templated":true}]}}