{"id":3608,"date":"2026-04-08T12:29:01","date_gmt":"2026-04-08T18:29:01","guid":{"rendered":"https:\/\/www.uic.mx\/posgrados\/?p=3608"},"modified":"2026-04-08T12:29:26","modified_gmt":"2026-04-08T18:29:26","slug":"%f0%9f%93%9a-primer-ciclo-de-conferencias-magistrales-que-es-la-vocacion-docente-sentidos-y-significados-de-la-docencia","status":"publish","type":"post","link":"https:\/\/www.uic.mx\/posgrados\/%f0%9f%93%9a-primer-ciclo-de-conferencias-magistrales-que-es-la-vocacion-docente-sentidos-y-significados-de-la-docencia\/","title":{"rendered":"\ud83d\udcda Primer Ciclo de Conferencias Magistrales:\u00a0\u00bfQu\u00e9 es la vocaci\u00f3n docente? Sentidos y significados de la docencia"},"content":{"rendered":"\n<h2 class=\"wp-block-heading\"><em>Ser docente<\/em><\/h2>\n\n\n\n<div style=\"height:30px\" aria-hidden=\"true\" class=\"wp-block-spacer\"><\/div>\n\n\n\n<p>La comunidad acad\u00e9mica de <a href=\"https:\/\/www.uic.mx\/posgrados\/category\/ciencias-para-el-desarrollo-humano\/\">Ciencias para el Desarrollo Humano<\/a> tiene el placer de invitarte al\u00a0<strong>Primer Ciclo de Conferencias Magistrales<\/strong>, un espacio para reflexionar sobre el sentido profundo de la labor educativa.<\/p>\n\n\n\n<div style=\"height:30px\" aria-hidden=\"true\" class=\"wp-block-spacer\"><\/div>\n\n\n\n<p>En esta ocasi\u00f3n, abordaremos una pregunta central para quienes dedicamos nuestra vida a la ense\u00f1anza:\u00a0<strong>\u00bfQu\u00e9 es la vocaci\u00f3n docente?<\/strong><\/p>\n\n\n\n<div style=\"height:30px\" aria-hidden=\"true\" class=\"wp-block-spacer\"><\/div>\n\n\n\n<p><strong>\ud83c\udf99\ufe0f Conferencista <\/strong><\/p>\n\n\n\n<div style=\"height:20px\" aria-hidden=\"true\" class=\"wp-block-spacer\"><\/div>\n\n\n\n<p><strong>Sebasti\u00e1n Pl\u00e1 P\u00e9rez<\/strong><br><em>Instituto de Investigaciones sobre la Universidad y la Educaci\u00f3n (IISUE)<\/em><\/p>\n\n\n\n<div style=\"height:30px\" aria-hidden=\"true\" class=\"wp-block-spacer\"><\/div>\n\n\n\n<p><strong>\ud83c\udfa4 Moderador<\/strong><\/p>\n\n\n\n<div style=\"height:20px\" aria-hidden=\"true\" class=\"wp-block-spacer\"><\/div>\n\n\n\n<p><strong>Jorge Luiz Paz V\u00e1zquez<\/strong><br><em>Universidad Intercontinental (UIC)<\/em><\/p>\n\n\n\n<div style=\"height:30px\" aria-hidden=\"true\" class=\"wp-block-spacer\"><\/div>\n\n\n\n<p>\ud83d\udcc5 <strong>Fecha y hora<\/strong><\/p>\n\n\n\n<div style=\"height:20px\" aria-hidden=\"true\" class=\"wp-block-spacer\"><\/div>\n\n\n\n<p><strong>09 de abril de 2026<\/strong><br>\u23f0\u00a0<strong>11:00 a 13:00 h<\/strong>\u00a0(Centro M\u00e9xico)<\/p>\n\n\n\n<div style=\"height:30px\" aria-hidden=\"true\" class=\"wp-block-spacer\"><\/div>\n\n\n\n<p>\ud83d\udccd <strong>Lugar<\/strong><\/p>\n\n\n\n<p><strong>Sala de Reuniones, 4\u00b0 Piso<\/strong><br>Instituto de Investigaciones sobre la Universidad y la Educaci\u00f3n<br>Ciudad Universitaria<\/p>\n\n\n\n<div style=\"height:30px\" aria-hidden=\"true\" class=\"wp-block-spacer\"><\/div>\n\n\n\n<hr class=\"wp-block-separator has-alpha-channel-opacity\"\/>\n\n\n\n<p>\ud83d\ude4c<strong> \u00a1Te esperamos!<\/strong><\/p>\n\n\n\n<div style=\"height:30px\" aria-hidden=\"true\" class=\"wp-block-spacer\"><\/div>\n\n\n\n<p>Esta conferencia es una oportunidad \u00fanica para dialogar sobre los significados de la docencia, su compromiso \u00e9tico y su dimensi\u00f3n vocacional. La entrada es libre y abierta a toda la comunidad interesada en la educaci\u00f3n y el quehacer docente.<\/p>\n\n\n\n<div style=\"height:30px\" aria-hidden=\"true\" class=\"wp-block-spacer\"><\/div>\n\n\n\n<p><strong>No faltes. Te invitamos a compartir esta experiencia formativa.<\/strong><\/p>\n\n\n\n<div style=\"height:30px\" aria-hidden=\"true\" class=\"wp-block-spacer\"><\/div>\n\n\n\n<figure class=\"wp-block-image size-large\"><img fetchpriority=\"high\" decoding=\"async\" width=\"819\" height=\"1024\" src=\"https:\/\/www.uic.mx\/posgrados\/wp-content\/uploads\/Educacion-multi-819x1024.png\" alt=\"\" class=\"wp-image-3610\" srcset=\"https:\/\/www.uic.mx\/posgrados\/wp-content\/uploads\/Educacion-multi-819x1024.png 819w, https:\/\/www.uic.mx\/posgrados\/wp-content\/uploads\/Educacion-multi-240x300.png 240w, https:\/\/www.uic.mx\/posgrados\/wp-content\/uploads\/Educacion-multi-768x960.png 768w, https:\/\/www.uic.mx\/posgrados\/wp-content\/uploads\/Educacion-multi.png 1080w\" sizes=\"(max-width: 819px) 100vw, 819px\" \/><\/figure>\n","protected":false},"excerpt":{"rendered":"<p>Ser docente La comunidad acad\u00e9mica de Ciencias para el Desarrollo Humano tiene el placer de invitarte al\u00a0Primer Ciclo de Conferencias Magistrales, un espacio para reflexionar sobre el sentido profundo de la labor educativa. En esta ocasi\u00f3n, abordaremos una pregunta central para quienes dedicamos nuestra vida a la ense\u00f1anza:\u00a0\u00bfQu\u00e9 es la vocaci\u00f3n docente? \ud83c\udf99\ufe0f Conferencista Sebasti\u00e1n [&hellip;]<\/p>\n","protected":false},"author":6,"featured_media":3609,"comment_status":"closed","ping_status":"closed","sticky":false,"template":"","format":"standard","meta":{"_acf_changed":false,"footnotes":""},"categories":[1],"tags":[],"class_list":["post-3608","post","type-post","status-publish","format-standard","has-post-thumbnail","hentry","category-ciencias-para-el-desarrollo-humano"],"acf":[],"yoast_head":"<!-- This site is optimized with the Yoast SEO plugin v27.5 - https:\/\/yoast.com\/product\/yoast-seo-wordpress\/ -->\n<title>\ud83d\udcda Primer Ciclo de Conferencias Magistrales:\u00a0\u00bfQu\u00e9 es la vocaci\u00f3n docente? Sentidos y significados de la docencia - Posgrados UIC<\/title>\n<meta name=\"robots\" content=\"index, follow, max-snippet:-1, max-image-preview:large, max-video-preview:-1\" \/>\n<link rel=\"canonical\" href=\"https:\/\/www.uic.mx\/posgrados\/\ud83d\udcda-primer-ciclo-de-conferencias-magistrales-que-es-la-vocacion-docente-sentidos-y-significados-de-la-docencia\/\" \/>\n<meta property=\"og:locale\" content=\"es_MX\" \/>\n<meta property=\"og:type\" content=\"article\" \/>\n<meta property=\"og:title\" content=\"\ud83d\udcda Primer Ciclo de Conferencias Magistrales:\u00a0\u00bfQu\u00e9 es la vocaci\u00f3n docente? Sentidos y significados de la docencia - Posgrados UIC\" \/>\n<meta property=\"og:description\" content=\"Ser docente La comunidad acad\u00e9mica de Ciencias para el Desarrollo Humano tiene el placer de invitarte al\u00a0Primer Ciclo de Conferencias Magistrales, un espacio para reflexionar sobre el sentido profundo de la labor educativa. En esta ocasi\u00f3n, abordaremos una pregunta central para quienes dedicamos nuestra vida a la ense\u00f1anza:\u00a0\u00bfQu\u00e9 es la vocaci\u00f3n docente? \ud83c\udf99\ufe0f Conferencista Sebasti\u00e1n [&hellip;]\" \/>\n<meta property=\"og:url\" content=\"https:\/\/www.uic.mx\/posgrados\/\ud83d\udcda-primer-ciclo-de-conferencias-magistrales-que-es-la-vocacion-docente-sentidos-y-significados-de-la-docencia\/\" \/>\n<meta property=\"og:site_name\" content=\"Posgrados UIC\" \/>\n<meta property=\"article:published_time\" content=\"2026-04-08T18:29:01+00:00\" \/>\n<meta property=\"article:modified_time\" content=\"2026-04-08T18:29:26+00:00\" \/>\n<meta property=\"og:image\" content=\"https:\/\/www.uic.mx\/posgrados\/wp-content\/uploads\/escudo-pos.png\" \/>\n\t<meta property=\"og:image:width\" content=\"407\" \/>\n\t<meta property=\"og:image:height\" content=\"339\" \/>\n\t<meta property=\"og:image:type\" content=\"image\/png\" \/>\n<meta name=\"author\" content=\"Abraham Cruz\" \/>\n<meta name=\"twitter:card\" content=\"summary_large_image\" \/>\n<meta name=\"twitter:label1\" content=\"Escrito por\" \/>\n\t<meta name=\"twitter:data1\" content=\"Abraham Cruz\" \/>\n\t<meta name=\"twitter:label2\" content=\"Tiempo de lectura\" \/>\n\t<meta name=\"twitter:data2\" content=\"2 minutos\" \/>\n<script type=\"application\/ld+json\" class=\"yoast-schema-graph\">{\"@context\":\"https:\\\/\\\/schema.org\",\"@graph\":[{\"@type\":\"Article\",\"@id\":\"https:\\\/\\\/www.uic.mx\\\/posgrados\\\/%f0%9f%93%9a-primer-ciclo-de-conferencias-magistrales-que-es-la-vocacion-docente-sentidos-y-significados-de-la-docencia\\\/#article\",\"isPartOf\":{\"@id\":\"https:\\\/\\\/www.uic.mx\\\/posgrados\\\/%f0%9f%93%9a-primer-ciclo-de-conferencias-magistrales-que-es-la-vocacion-docente-sentidos-y-significados-de-la-docencia\\\/\"},\"author\":{\"name\":\"Abraham Cruz\",\"@id\":\"https:\\\/\\\/www.uic.mx\\\/posgrados\\\/#\\\/schema\\\/person\\\/30b6bcfd786206c90b45e1f404a1e322\"},\"headline\":\"\ud83d\udcda Primer Ciclo de Conferencias Magistrales:\u00a0\u00bfQu\u00e9 es la vocaci\u00f3n docente? Sentidos y significados de la docencia\",\"datePublished\":\"2026-04-08T18:29:01+00:00\",\"dateModified\":\"2026-04-08T18:29:26+00:00\",\"mainEntityOfPage\":{\"@id\":\"https:\\\/\\\/www.uic.mx\\\/posgrados\\\/%f0%9f%93%9a-primer-ciclo-de-conferencias-magistrales-que-es-la-vocacion-docente-sentidos-y-significados-de-la-docencia\\\/\"},\"wordCount\":180,\"publisher\":{\"@id\":\"https:\\\/\\\/www.uic.mx\\\/posgrados\\\/#organization\"},\"image\":{\"@id\":\"https:\\\/\\\/www.uic.mx\\\/posgrados\\\/%f0%9f%93%9a-primer-ciclo-de-conferencias-magistrales-que-es-la-vocacion-docente-sentidos-y-significados-de-la-docencia\\\/#primaryimage\"},\"thumbnailUrl\":\"https:\\\/\\\/www.uic.mx\\\/posgrados\\\/wp-content\\\/uploads\\\/escudo-pos.png\",\"articleSection\":[\"Ciencias para el Desarrollo Humano\"],\"inLanguage\":\"es\"},{\"@type\":\"WebPage\",\"@id\":\"https:\\\/\\\/www.uic.mx\\\/posgrados\\\/%f0%9f%93%9a-primer-ciclo-de-conferencias-magistrales-que-es-la-vocacion-docente-sentidos-y-significados-de-la-docencia\\\/\",\"url\":\"https:\\\/\\\/www.uic.mx\\\/posgrados\\\/%f0%9f%93%9a-primer-ciclo-de-conferencias-magistrales-que-es-la-vocacion-docente-sentidos-y-significados-de-la-docencia\\\/\",\"name\":\"\ud83d\udcda Primer Ciclo de Conferencias Magistrales:\u00a0\u00bfQu\u00e9 es la vocaci\u00f3n docente? Sentidos y significados de la docencia - Posgrados UIC\",\"isPartOf\":{\"@id\":\"https:\\\/\\\/www.uic.mx\\\/posgrados\\\/#website\"},\"primaryImageOfPage\":{\"@id\":\"https:\\\/\\\/www.uic.mx\\\/posgrados\\\/%f0%9f%93%9a-primer-ciclo-de-conferencias-magistrales-que-es-la-vocacion-docente-sentidos-y-significados-de-la-docencia\\\/#primaryimage\"},\"image\":{\"@id\":\"https:\\\/\\\/www.uic.mx\\\/posgrados\\\/%f0%9f%93%9a-primer-ciclo-de-conferencias-magistrales-que-es-la-vocacion-docente-sentidos-y-significados-de-la-docencia\\\/#primaryimage\"},\"thumbnailUrl\":\"https:\\\/\\\/www.uic.mx\\\/posgrados\\\/wp-content\\\/uploads\\\/escudo-pos.png\",\"datePublished\":\"2026-04-08T18:29:01+00:00\",\"dateModified\":\"2026-04-08T18:29:26+00:00\",\"breadcrumb\":{\"@id\":\"https:\\\/\\\/www.uic.mx\\\/posgrados\\\/%f0%9f%93%9a-primer-ciclo-de-conferencias-magistrales-que-es-la-vocacion-docente-sentidos-y-significados-de-la-docencia\\\/#breadcrumb\"},\"inLanguage\":\"es\",\"potentialAction\":[{\"@type\":\"ReadAction\",\"target\":[\"https:\\\/\\\/www.uic.mx\\\/posgrados\\\/%f0%9f%93%9a-primer-ciclo-de-conferencias-magistrales-que-es-la-vocacion-docente-sentidos-y-significados-de-la-docencia\\\/\"]}]},{\"@type\":\"ImageObject\",\"inLanguage\":\"es\",\"@id\":\"https:\\\/\\\/www.uic.mx\\\/posgrados\\\/%f0%9f%93%9a-primer-ciclo-de-conferencias-magistrales-que-es-la-vocacion-docente-sentidos-y-significados-de-la-docencia\\\/#primaryimage\",\"url\":\"https:\\\/\\\/www.uic.mx\\\/posgrados\\\/wp-content\\\/uploads\\\/escudo-pos.png\",\"contentUrl\":\"https:\\\/\\\/www.uic.mx\\\/posgrados\\\/wp-content\\\/uploads\\\/escudo-pos.png\",\"width\":407,\"height\":339},{\"@type\":\"BreadcrumbList\",\"@id\":\"https:\\\/\\\/www.uic.mx\\\/posgrados\\\/%f0%9f%93%9a-primer-ciclo-de-conferencias-magistrales-que-es-la-vocacion-docente-sentidos-y-significados-de-la-docencia\\\/#breadcrumb\",\"itemListElement\":[{\"@type\":\"ListItem\",\"position\":1,\"name\":\"Inicio\",\"item\":\"https:\\\/\\\/www.uic.mx\\\/posgrados\\\/\"},{\"@type\":\"ListItem\",\"position\":2,\"name\":\"\ud83d\udcda Primer Ciclo de Conferencias Magistrales:\u00a0\u00bfQu\u00e9 es la vocaci\u00f3n docente? Sentidos y significados de la docencia\"}]},{\"@type\":\"WebSite\",\"@id\":\"https:\\\/\\\/www.uic.mx\\\/posgrados\\\/#website\",\"url\":\"https:\\\/\\\/www.uic.mx\\\/posgrados\\\/\",\"name\":\"Posgrados UIC\",\"description\":\"\",\"publisher\":{\"@id\":\"https:\\\/\\\/www.uic.mx\\\/posgrados\\\/#organization\"},\"potentialAction\":[{\"@type\":\"SearchAction\",\"target\":{\"@type\":\"EntryPoint\",\"urlTemplate\":\"https:\\\/\\\/www.uic.mx\\\/posgrados\\\/?s={search_term_string}\"},\"query-input\":{\"@type\":\"PropertyValueSpecification\",\"valueRequired\":true,\"valueName\":\"search_term_string\"}}],\"inLanguage\":\"es\"},{\"@type\":\"Organization\",\"@id\":\"https:\\\/\\\/www.uic.mx\\\/posgrados\\\/#organization\",\"name\":\"Posgrados UIC\",\"url\":\"https:\\\/\\\/www.uic.mx\\\/posgrados\\\/\",\"logo\":{\"@type\":\"ImageObject\",\"inLanguage\":\"es\",\"@id\":\"https:\\\/\\\/www.uic.mx\\\/posgrados\\\/#\\\/schema\\\/logo\\\/image\\\/\",\"url\":\"https:\\\/\\\/www.uic.mx\\\/posgrados\\\/wp-content\\\/uploads\\\/Logo-50-Universidad-Intercontinental-horizontal-blanco-scaled.png\",\"contentUrl\":\"https:\\\/\\\/www.uic.mx\\\/posgrados\\\/wp-content\\\/uploads\\\/Logo-50-Universidad-Intercontinental-horizontal-blanco-scaled.png\",\"width\":2560,\"height\":643,\"caption\":\"Posgrados UIC\"},\"image\":{\"@id\":\"https:\\\/\\\/www.uic.mx\\\/posgrados\\\/#\\\/schema\\\/logo\\\/image\\\/\"}},{\"@type\":\"Person\",\"@id\":\"https:\\\/\\\/www.uic.mx\\\/posgrados\\\/#\\\/schema\\\/person\\\/30b6bcfd786206c90b45e1f404a1e322\",\"name\":\"Abraham Cruz\",\"image\":{\"@type\":\"ImageObject\",\"inLanguage\":\"es\",\"@id\":\"https:\\\/\\\/secure.gravatar.com\\\/avatar\\\/09b20d8945f044a2e7d64b6f252644eb712d8bf82fbd71201e2e8d072f3a0a72?s=96&d=mm&r=g\",\"url\":\"https:\\\/\\\/secure.gravatar.com\\\/avatar\\\/09b20d8945f044a2e7d64b6f252644eb712d8bf82fbd71201e2e8d072f3a0a72?s=96&d=mm&r=g\",\"contentUrl\":\"https:\\\/\\\/secure.gravatar.com\\\/avatar\\\/09b20d8945f044a2e7d64b6f252644eb712d8bf82fbd71201e2e8d072f3a0a72?s=96&d=mm&r=g\",\"caption\":\"Abraham Cruz\"},\"url\":\"https:\\\/\\\/www.uic.mx\\\/posgrados\\\/author\\\/abrahamcruz\\\/\"}]}<\/script>\n<!-- \/ Yoast SEO plugin. -->","yoast_head_json":{"title":"\ud83d\udcda Primer Ciclo de Conferencias Magistrales:\u00a0\u00bfQu\u00e9 es la vocaci\u00f3n docente? Sentidos y significados de la docencia - Posgrados UIC","robots":{"index":"index","follow":"follow","max-snippet":"max-snippet:-1","max-image-preview":"max-image-preview:large","max-video-preview":"max-video-preview:-1"},"canonical":"https:\/\/www.uic.mx\/posgrados\/\ud83d\udcda-primer-ciclo-de-conferencias-magistrales-que-es-la-vocacion-docente-sentidos-y-significados-de-la-docencia\/","og_locale":"es_MX","og_type":"article","og_title":"\ud83d\udcda Primer Ciclo de Conferencias Magistrales:\u00a0\u00bfQu\u00e9 es la vocaci\u00f3n docente? Sentidos y significados de la docencia - Posgrados UIC","og_description":"Ser docente La comunidad acad\u00e9mica de Ciencias para el Desarrollo Humano tiene el placer de invitarte al\u00a0Primer Ciclo de Conferencias Magistrales, un espacio para reflexionar sobre el sentido profundo de la labor educativa. En esta ocasi\u00f3n, abordaremos una pregunta central para quienes dedicamos nuestra vida a la ense\u00f1anza:\u00a0\u00bfQu\u00e9 es la vocaci\u00f3n docente? \ud83c\udf99\ufe0f Conferencista Sebasti\u00e1n [&hellip;]","og_url":"https:\/\/www.uic.mx\/posgrados\/\ud83d\udcda-primer-ciclo-de-conferencias-magistrales-que-es-la-vocacion-docente-sentidos-y-significados-de-la-docencia\/","og_site_name":"Posgrados UIC","article_published_time":"2026-04-08T18:29:01+00:00","article_modified_time":"2026-04-08T18:29:26+00:00","og_image":[{"width":407,"height":339,"url":"https:\/\/www.uic.mx\/posgrados\/wp-content\/uploads\/escudo-pos.png","type":"image\/png"}],"author":"Abraham Cruz","twitter_card":"summary_large_image","twitter_misc":{"Escrito por":"Abraham Cruz","Tiempo de lectura":"2 minutos"},"schema":{"@context":"https:\/\/schema.org","@graph":[{"@type":"Article","@id":"https:\/\/www.uic.mx\/posgrados\/%f0%9f%93%9a-primer-ciclo-de-conferencias-magistrales-que-es-la-vocacion-docente-sentidos-y-significados-de-la-docencia\/#article","isPartOf":{"@id":"https:\/\/www.uic.mx\/posgrados\/%f0%9f%93%9a-primer-ciclo-de-conferencias-magistrales-que-es-la-vocacion-docente-sentidos-y-significados-de-la-docencia\/"},"author":{"name":"Abraham Cruz","@id":"https:\/\/www.uic.mx\/posgrados\/#\/schema\/person\/30b6bcfd786206c90b45e1f404a1e322"},"headline":"\ud83d\udcda Primer Ciclo de Conferencias Magistrales:\u00a0\u00bfQu\u00e9 es la vocaci\u00f3n docente? Sentidos y significados de la docencia","datePublished":"2026-04-08T18:29:01+00:00","dateModified":"2026-04-08T18:29:26+00:00","mainEntityOfPage":{"@id":"https:\/\/www.uic.mx\/posgrados\/%f0%9f%93%9a-primer-ciclo-de-conferencias-magistrales-que-es-la-vocacion-docente-sentidos-y-significados-de-la-docencia\/"},"wordCount":180,"publisher":{"@id":"https:\/\/www.uic.mx\/posgrados\/#organization"},"image":{"@id":"https:\/\/www.uic.mx\/posgrados\/%f0%9f%93%9a-primer-ciclo-de-conferencias-magistrales-que-es-la-vocacion-docente-sentidos-y-significados-de-la-docencia\/#primaryimage"},"thumbnailUrl":"https:\/\/www.uic.mx\/posgrados\/wp-content\/uploads\/escudo-pos.png","articleSection":["Ciencias para el Desarrollo Humano"],"inLanguage":"es"},{"@type":"WebPage","@id":"https:\/\/www.uic.mx\/posgrados\/%f0%9f%93%9a-primer-ciclo-de-conferencias-magistrales-que-es-la-vocacion-docente-sentidos-y-significados-de-la-docencia\/","url":"https:\/\/www.uic.mx\/posgrados\/%f0%9f%93%9a-primer-ciclo-de-conferencias-magistrales-que-es-la-vocacion-docente-sentidos-y-significados-de-la-docencia\/","name":"\ud83d\udcda Primer Ciclo de Conferencias Magistrales:\u00a0\u00bfQu\u00e9 es la vocaci\u00f3n docente? Sentidos y significados de la docencia - Posgrados UIC","isPartOf":{"@id":"https:\/\/www.uic.mx\/posgrados\/#website"},"primaryImageOfPage":{"@id":"https:\/\/www.uic.mx\/posgrados\/%f0%9f%93%9a-primer-ciclo-de-conferencias-magistrales-que-es-la-vocacion-docente-sentidos-y-significados-de-la-docencia\/#primaryimage"},"image":{"@id":"https:\/\/www.uic.mx\/posgrados\/%f0%9f%93%9a-primer-ciclo-de-conferencias-magistrales-que-es-la-vocacion-docente-sentidos-y-significados-de-la-docencia\/#primaryimage"},"thumbnailUrl":"https:\/\/www.uic.mx\/posgrados\/wp-content\/uploads\/escudo-pos.png","datePublished":"2026-04-08T18:29:01+00:00","dateModified":"2026-04-08T18:29:26+00:00","breadcrumb":{"@id":"https:\/\/www.uic.mx\/posgrados\/%f0%9f%93%9a-primer-ciclo-de-conferencias-magistrales-que-es-la-vocacion-docente-sentidos-y-significados-de-la-docencia\/#breadcrumb"},"inLanguage":"es","potentialAction":[{"@type":"ReadAction","target":["https:\/\/www.uic.mx\/posgrados\/%f0%9f%93%9a-primer-ciclo-de-conferencias-magistrales-que-es-la-vocacion-docente-sentidos-y-significados-de-la-docencia\/"]}]},{"@type":"ImageObject","inLanguage":"es","@id":"https:\/\/www.uic.mx\/posgrados\/%f0%9f%93%9a-primer-ciclo-de-conferencias-magistrales-que-es-la-vocacion-docente-sentidos-y-significados-de-la-docencia\/#primaryimage","url":"https:\/\/www.uic.mx\/posgrados\/wp-content\/uploads\/escudo-pos.png","contentUrl":"https:\/\/www.uic.mx\/posgrados\/wp-content\/uploads\/escudo-pos.png","width":407,"height":339},{"@type":"BreadcrumbList","@id":"https:\/\/www.uic.mx\/posgrados\/%f0%9f%93%9a-primer-ciclo-de-conferencias-magistrales-que-es-la-vocacion-docente-sentidos-y-significados-de-la-docencia\/#breadcrumb","itemListElement":[{"@type":"ListItem","position":1,"name":"Inicio","item":"https:\/\/www.uic.mx\/posgrados\/"},{"@type":"ListItem","position":2,"name":"\ud83d\udcda Primer Ciclo de Conferencias Magistrales:\u00a0\u00bfQu\u00e9 es la vocaci\u00f3n docente? Sentidos y significados de la docencia"}]},{"@type":"WebSite","@id":"https:\/\/www.uic.mx\/posgrados\/#website","url":"https:\/\/www.uic.mx\/posgrados\/","name":"Posgrados UIC","description":"","publisher":{"@id":"https:\/\/www.uic.mx\/posgrados\/#organization"},"potentialAction":[{"@type":"SearchAction","target":{"@type":"EntryPoint","urlTemplate":"https:\/\/www.uic.mx\/posgrados\/?s={search_term_string}"},"query-input":{"@type":"PropertyValueSpecification","valueRequired":true,"valueName":"search_term_string"}}],"inLanguage":"es"},{"@type":"Organization","@id":"https:\/\/www.uic.mx\/posgrados\/#organization","name":"Posgrados UIC","url":"https:\/\/www.uic.mx\/posgrados\/","logo":{"@type":"ImageObject","inLanguage":"es","@id":"https:\/\/www.uic.mx\/posgrados\/#\/schema\/logo\/image\/","url":"https:\/\/www.uic.mx\/posgrados\/wp-content\/uploads\/Logo-50-Universidad-Intercontinental-horizontal-blanco-scaled.png","contentUrl":"https:\/\/www.uic.mx\/posgrados\/wp-content\/uploads\/Logo-50-Universidad-Intercontinental-horizontal-blanco-scaled.png","width":2560,"height":643,"caption":"Posgrados UIC"},"image":{"@id":"https:\/\/www.uic.mx\/posgrados\/#\/schema\/logo\/image\/"}},{"@type":"Person","@id":"https:\/\/www.uic.mx\/posgrados\/#\/schema\/person\/30b6bcfd786206c90b45e1f404a1e322","name":"Abraham Cruz","image":{"@type":"ImageObject","inLanguage":"es","@id":"https:\/\/secure.gravatar.com\/avatar\/09b20d8945f044a2e7d64b6f252644eb712d8bf82fbd71201e2e8d072f3a0a72?s=96&d=mm&r=g","url":"https:\/\/secure.gravatar.com\/avatar\/09b20d8945f044a2e7d64b6f252644eb712d8bf82fbd71201e2e8d072f3a0a72?s=96&d=mm&r=g","contentUrl":"https:\/\/secure.gravatar.com\/avatar\/09b20d8945f044a2e7d64b6f252644eb712d8bf82fbd71201e2e8d072f3a0a72?s=96&d=mm&r=g","caption":"Abraham Cruz"},"url":"https:\/\/www.uic.mx\/posgrados\/author\/abrahamcruz\/"}]}},"_links":{"self":[{"href":"https:\/\/www.uic.mx\/posgrados\/wp-json\/wp\/v2\/posts\/3608","targetHints":{"allow":["GET"]}}],"collection":[{"href":"https:\/\/www.uic.mx\/posgrados\/wp-json\/wp\/v2\/posts"}],"about":[{"href":"https:\/\/www.uic.mx\/posgrados\/wp-json\/wp\/v2\/types\/post"}],"author":[{"embeddable":true,"href":"https:\/\/www.uic.mx\/posgrados\/wp-json\/wp\/v2\/users\/6"}],"replies":[{"embeddable":true,"href":"https:\/\/www.uic.mx\/posgrados\/wp-json\/wp\/v2\/comments?post=3608"}],"version-history":[{"count":1,"href":"https:\/\/www.uic.mx\/posgrados\/wp-json\/wp\/v2\/posts\/3608\/revisions"}],"predecessor-version":[{"id":3611,"href":"https:\/\/www.uic.mx\/posgrados\/wp-json\/wp\/v2\/posts\/3608\/revisions\/3611"}],"wp:featuredmedia":[{"embeddable":true,"href":"https:\/\/www.uic.mx\/posgrados\/wp-json\/wp\/v2\/media\/3609"}],"wp:attachment":[{"href":"https:\/\/www.uic.mx\/posgrados\/wp-json\/wp\/v2\/media?parent=3608"}],"wp:term":[{"taxonomy":"category","embeddable":true,"href":"https:\/\/www.uic.mx\/posgrados\/wp-json\/wp\/v2\/categories?post=3608"},{"taxonomy":"post_tag","embeddable":true,"href":"https:\/\/www.uic.mx\/posgrados\/wp-json\/wp\/v2\/tags?post=3608"}],"curies":[{"name":"wp","href":"https:\/\/api.w.org\/{rel}","templated":true}]}}