{"id":3620,"date":"2026-04-14T13:01:35","date_gmt":"2026-04-14T19:01:35","guid":{"rendered":"https:\/\/www.uic.mx\/posgrados\/?p=3620"},"modified":"2026-04-20T12:55:01","modified_gmt":"2026-04-20T18:55:01","slug":"%f0%9f%8e%ad%f0%9f%8d%bf-tertulias-de-cine-escuela-inclusiva-en-culturas-diversas","status":"publish","type":"post","link":"https:\/\/www.uic.mx\/posgrados\/%f0%9f%8e%ad%f0%9f%8d%bf-tertulias-de-cine-escuela-inclusiva-en-culturas-diversas\/","title":{"rendered":"\ud83c\udfad\ud83c\udf7f TERTULIAS DE CINE: ESCUELA INCLUSIVA EN CULTURAS DIVERSAS"},"content":{"rendered":"\n<h2 class=\"wp-block-heading\">Un espacio para ver, sentir y pensar la educaci\u00f3n desde el s\u00e9ptimo arte<\/h2>\n\n\n\n<div style=\"height:30px\" aria-hidden=\"true\" class=\"wp-block-spacer\"><\/div>\n\n\n\n<p>La Direcci\u00f3n de Ciencias para el Desarrollo Humano (Direcci\u00f3n Divisional de Posgrados, UIC) en conjunto con Direcci\u00f3n de Difusi\u00f3n Cultural invita a toda la comunidad estudiantil a participar en este ciclo de cine-foro.<\/p>\n\n\n\n<div style=\"height:30px\" aria-hidden=\"true\" class=\"wp-block-spacer\"><\/div>\n\n\n\n<p>Cuatro pel\u00edculas, cuatro miradas a la escuela inclusiva. Con cada reuni\u00f3n abriremos un di\u00e1logo para reflexionar juntos sobre la diversidad cultural, las barreras educativas y el derecho a aprender de todas las personas.<\/p>\n\n\n\n<div style=\"height:30px\" aria-hidden=\"true\" class=\"wp-block-spacer\"><\/div>\n\n\n\n<p>\ud83d\udcc5 <strong>FECHAS Y PEL\u00cdCULAS (siempre a las 11:00 h)<\/strong><\/p>\n\n\n\n<div style=\"height:20px\" aria-hidden=\"true\" class=\"wp-block-spacer\"><\/div>\n\n\n\n<p>\ud83c\udf7f 28 de mayo \u2013 Ser y tener<br>\ud83c\udf7f 25 de junio \u2013 Estrellas sobre la tierra<br>\ud83c\udf7f 23 de julio \u2013 Fuera de m\u00ed<br>\ud83c\udf7f 27 de agosto \u2013 Con ganas de triunfar<\/p>\n\n\n\n<div style=\"height:20px\" aria-hidden=\"true\" class=\"wp-block-spacer\"><\/div>\n\n\n\n<p>\ud83d\udccd<strong> LUGAR Y TRANSMISI\u00d3N<\/strong><\/p>\n\n\n\n<div style=\"height:20px\" aria-hidden=\"true\" class=\"wp-block-spacer\"><\/div>\n\n\n\n<p>El evento se realizar\u00e1 de manera presencial en la Universidad UIC. Tambi\u00e9n ser\u00e1 transmitido en vivo por los canales oficiales de la UIC para que puedas seguir la tertulia desde donde te encuentres.<\/p>\n\n\n\n<div style=\"height:30px\" aria-hidden=\"true\" class=\"wp-block-spacer\"><\/div>\n\n\n\n<p><strong>\ud83c\udf9f\ufe0f \u00bfC\u00d3MO PARTICIPO?<\/strong><\/p>\n\n\n\n<div style=\"height:20px\" aria-hidden=\"true\" class=\"wp-block-spacer\"><\/div>\n\n\n\n<p>Puedes asistir presencialmente en la UIC o conectarte v\u00eda streaming. No necesitas inscripci\u00f3n previa. Solo llega con ganas de ver cine con otros ojos.<\/p>\n\n\n\n<div style=\"height:20px\" aria-hidden=\"true\" class=\"wp-block-spacer\"><\/div>\n\n\n\n<p>Te recomendamos ver las pel\u00edculas antes en las diversas plataformas de streaming (Netflix, Prime Video, MUBI, etc.), ya que en cada sesi\u00f3n compartiremos un espacio de di\u00e1logo abierto sobre la cinta. Tus emociones, recuerdos y preguntas son el material m\u00e1s valioso. \u00a1Te esperamos!<\/p>\n\n\n\n<div style=\"height:0px\" aria-hidden=\"true\" class=\"wp-block-spacer\"><\/div>\n\n\n\n<p>\ud83d\udd0d <strong>\u00bfPOR QU\u00c9 ESTE CICLO?<\/strong><\/p>\n\n\n\n<div style=\"height:20px\" aria-hidden=\"true\" class=\"wp-block-spacer\"><\/div>\n\n\n\n<p>Porque el cine nos ayuda a entender realidades diversas: la relaci\u00f3n maestro-alumno, las dificultades de aprendizaje, la discapacidad, la marginaci\u00f3n social. Desde Ciencias para el Desarrollo Humano creemos que mirar juntos una pel\u00edcula es tambi\u00e9n una forma de construir una escuela m\u00e1s inclusiva.<\/p>\n\n\n\n<div style=\"height:30px\" aria-hidden=\"true\" class=\"wp-block-spacer\"><\/div>\n\n\n\n<p>\ud83d\udcdd <strong>NOTA FINAL<\/strong><\/p>\n\n\n\n<div style=\"height:20px\" aria-hidden=\"true\" class=\"wp-block-spacer\"><\/div>\n\n\n\n<p>Te esperamos cada mes, a las 11:00 h, ya sea en la UIC o a trav\u00e9s de sus canales oficiales en vivo.<\/p>\n\n\n\n<p><\/p>\n\n\n\n<p><\/p>\n","protected":false},"excerpt":{"rendered":"<p>Un espacio para ver, sentir y pensar la educaci\u00f3n desde el s\u00e9ptimo arte La Direcci\u00f3n de Ciencias para el Desarrollo Humano (Direcci\u00f3n Divisional de Posgrados, UIC) en conjunto con Direcci\u00f3n de Difusi\u00f3n Cultural invita a toda la comunidad estudiantil a participar en este ciclo de cine-foro. Cuatro pel\u00edculas, cuatro miradas a la escuela inclusiva. Con [&hellip;]<\/p>\n","protected":false},"author":6,"featured_media":3613,"comment_status":"closed","ping_status":"closed","sticky":false,"template":"","format":"standard","meta":{"_acf_changed":false,"footnotes":""},"categories":[1],"tags":[],"class_list":["post-3620","post","type-post","status-publish","format-standard","has-post-thumbnail","hentry","category-ciencias-para-el-desarrollo-humano"],"acf":[],"yoast_head":"<!-- This site is optimized with the Yoast SEO plugin v27.5 - https:\/\/yoast.com\/product\/yoast-seo-wordpress\/ -->\n<title>\ud83c\udfad\ud83c\udf7f TERTULIAS DE CINE: ESCUELA INCLUSIVA EN CULTURAS DIVERSAS - Posgrados UIC<\/title>\n<meta name=\"robots\" content=\"index, follow, max-snippet:-1, max-image-preview:large, max-video-preview:-1\" \/>\n<link rel=\"canonical\" href=\"https:\/\/www.uic.mx\/posgrados\/\ud83c\udfad\ud83c\udf7f-tertulias-de-cine-escuela-inclusiva-en-culturas-diversas\/\" \/>\n<meta property=\"og:locale\" content=\"es_MX\" \/>\n<meta property=\"og:type\" content=\"article\" \/>\n<meta property=\"og:title\" content=\"\ud83c\udfad\ud83c\udf7f TERTULIAS DE CINE: ESCUELA INCLUSIVA EN CULTURAS DIVERSAS - Posgrados UIC\" \/>\n<meta property=\"og:description\" content=\"Un espacio para ver, sentir y pensar la educaci\u00f3n desde el s\u00e9ptimo arte La Direcci\u00f3n de Ciencias para el Desarrollo Humano (Direcci\u00f3n Divisional de Posgrados, UIC) en conjunto con Direcci\u00f3n de Difusi\u00f3n Cultural invita a toda la comunidad estudiantil a participar en este ciclo de cine-foro. Cuatro pel\u00edculas, cuatro miradas a la escuela inclusiva. Con [&hellip;]\" \/>\n<meta property=\"og:url\" content=\"https:\/\/www.uic.mx\/posgrados\/\ud83c\udfad\ud83c\udf7f-tertulias-de-cine-escuela-inclusiva-en-culturas-diversas\/\" \/>\n<meta property=\"og:site_name\" content=\"Posgrados UIC\" \/>\n<meta property=\"article:published_time\" content=\"2026-04-14T19:01:35+00:00\" \/>\n<meta property=\"article:modified_time\" content=\"2026-04-20T18:55:01+00:00\" \/>\n<meta property=\"og:image\" content=\"https:\/\/www.uic.mx\/posgrados\/wp-content\/uploads\/image_1347a28a.png\" \/>\n\t<meta property=\"og:image:width\" content=\"1170\" \/>\n\t<meta property=\"og:image:height\" content=\"896\" \/>\n\t<meta property=\"og:image:type\" content=\"image\/png\" \/>\n<meta name=\"author\" content=\"Abraham Cruz\" \/>\n<meta name=\"twitter:card\" content=\"summary_large_image\" \/>\n<meta name=\"twitter:label1\" content=\"Escrito por\" \/>\n\t<meta name=\"twitter:data1\" content=\"Abraham Cruz\" \/>\n\t<meta name=\"twitter:label2\" content=\"Tiempo de lectura\" \/>\n\t<meta name=\"twitter:data2\" content=\"2 minutos\" \/>\n<script type=\"application\/ld+json\" class=\"yoast-schema-graph\">{\"@context\":\"https:\\\/\\\/schema.org\",\"@graph\":[{\"@type\":\"Article\",\"@id\":\"https:\\\/\\\/www.uic.mx\\\/posgrados\\\/%f0%9f%8e%ad%f0%9f%8d%bf-tertulias-de-cine-escuela-inclusiva-en-culturas-diversas\\\/#article\",\"isPartOf\":{\"@id\":\"https:\\\/\\\/www.uic.mx\\\/posgrados\\\/%f0%9f%8e%ad%f0%9f%8d%bf-tertulias-de-cine-escuela-inclusiva-en-culturas-diversas\\\/\"},\"author\":{\"name\":\"Abraham Cruz\",\"@id\":\"https:\\\/\\\/www.uic.mx\\\/posgrados\\\/#\\\/schema\\\/person\\\/30b6bcfd786206c90b45e1f404a1e322\"},\"headline\":\"\ud83c\udfad\ud83c\udf7f TERTULIAS DE CINE: ESCUELA INCLUSIVA EN CULTURAS DIVERSAS\",\"datePublished\":\"2026-04-14T19:01:35+00:00\",\"dateModified\":\"2026-04-20T18:55:01+00:00\",\"mainEntityOfPage\":{\"@id\":\"https:\\\/\\\/www.uic.mx\\\/posgrados\\\/%f0%9f%8e%ad%f0%9f%8d%bf-tertulias-de-cine-escuela-inclusiva-en-culturas-diversas\\\/\"},\"wordCount\":316,\"publisher\":{\"@id\":\"https:\\\/\\\/www.uic.mx\\\/posgrados\\\/#organization\"},\"image\":{\"@id\":\"https:\\\/\\\/www.uic.mx\\\/posgrados\\\/%f0%9f%8e%ad%f0%9f%8d%bf-tertulias-de-cine-escuela-inclusiva-en-culturas-diversas\\\/#primaryimage\"},\"thumbnailUrl\":\"https:\\\/\\\/www.uic.mx\\\/posgrados\\\/wp-content\\\/uploads\\\/image_1347a28a.png\",\"articleSection\":[\"Ciencias para el Desarrollo Humano\"],\"inLanguage\":\"es\"},{\"@type\":\"WebPage\",\"@id\":\"https:\\\/\\\/www.uic.mx\\\/posgrados\\\/%f0%9f%8e%ad%f0%9f%8d%bf-tertulias-de-cine-escuela-inclusiva-en-culturas-diversas\\\/\",\"url\":\"https:\\\/\\\/www.uic.mx\\\/posgrados\\\/%f0%9f%8e%ad%f0%9f%8d%bf-tertulias-de-cine-escuela-inclusiva-en-culturas-diversas\\\/\",\"name\":\"\ud83c\udfad\ud83c\udf7f TERTULIAS DE CINE: ESCUELA INCLUSIVA EN CULTURAS DIVERSAS - Posgrados UIC\",\"isPartOf\":{\"@id\":\"https:\\\/\\\/www.uic.mx\\\/posgrados\\\/#website\"},\"primaryImageOfPage\":{\"@id\":\"https:\\\/\\\/www.uic.mx\\\/posgrados\\\/%f0%9f%8e%ad%f0%9f%8d%bf-tertulias-de-cine-escuela-inclusiva-en-culturas-diversas\\\/#primaryimage\"},\"image\":{\"@id\":\"https:\\\/\\\/www.uic.mx\\\/posgrados\\\/%f0%9f%8e%ad%f0%9f%8d%bf-tertulias-de-cine-escuela-inclusiva-en-culturas-diversas\\\/#primaryimage\"},\"thumbnailUrl\":\"https:\\\/\\\/www.uic.mx\\\/posgrados\\\/wp-content\\\/uploads\\\/image_1347a28a.png\",\"datePublished\":\"2026-04-14T19:01:35+00:00\",\"dateModified\":\"2026-04-20T18:55:01+00:00\",\"breadcrumb\":{\"@id\":\"https:\\\/\\\/www.uic.mx\\\/posgrados\\\/%f0%9f%8e%ad%f0%9f%8d%bf-tertulias-de-cine-escuela-inclusiva-en-culturas-diversas\\\/#breadcrumb\"},\"inLanguage\":\"es\",\"potentialAction\":[{\"@type\":\"ReadAction\",\"target\":[\"https:\\\/\\\/www.uic.mx\\\/posgrados\\\/%f0%9f%8e%ad%f0%9f%8d%bf-tertulias-de-cine-escuela-inclusiva-en-culturas-diversas\\\/\"]}]},{\"@type\":\"ImageObject\",\"inLanguage\":\"es\",\"@id\":\"https:\\\/\\\/www.uic.mx\\\/posgrados\\\/%f0%9f%8e%ad%f0%9f%8d%bf-tertulias-de-cine-escuela-inclusiva-en-culturas-diversas\\\/#primaryimage\",\"url\":\"https:\\\/\\\/www.uic.mx\\\/posgrados\\\/wp-content\\\/uploads\\\/image_1347a28a.png\",\"contentUrl\":\"https:\\\/\\\/www.uic.mx\\\/posgrados\\\/wp-content\\\/uploads\\\/image_1347a28a.png\",\"width\":1170,\"height\":896},{\"@type\":\"BreadcrumbList\",\"@id\":\"https:\\\/\\\/www.uic.mx\\\/posgrados\\\/%f0%9f%8e%ad%f0%9f%8d%bf-tertulias-de-cine-escuela-inclusiva-en-culturas-diversas\\\/#breadcrumb\",\"itemListElement\":[{\"@type\":\"ListItem\",\"position\":1,\"name\":\"Inicio\",\"item\":\"https:\\\/\\\/www.uic.mx\\\/posgrados\\\/\"},{\"@type\":\"ListItem\",\"position\":2,\"name\":\"\ud83c\udfad\ud83c\udf7f TERTULIAS DE CINE: ESCUELA INCLUSIVA EN CULTURAS DIVERSAS\"}]},{\"@type\":\"WebSite\",\"@id\":\"https:\\\/\\\/www.uic.mx\\\/posgrados\\\/#website\",\"url\":\"https:\\\/\\\/www.uic.mx\\\/posgrados\\\/\",\"name\":\"Posgrados UIC\",\"description\":\"\",\"publisher\":{\"@id\":\"https:\\\/\\\/www.uic.mx\\\/posgrados\\\/#organization\"},\"potentialAction\":[{\"@type\":\"SearchAction\",\"target\":{\"@type\":\"EntryPoint\",\"urlTemplate\":\"https:\\\/\\\/www.uic.mx\\\/posgrados\\\/?s={search_term_string}\"},\"query-input\":{\"@type\":\"PropertyValueSpecification\",\"valueRequired\":true,\"valueName\":\"search_term_string\"}}],\"inLanguage\":\"es\"},{\"@type\":\"Organization\",\"@id\":\"https:\\\/\\\/www.uic.mx\\\/posgrados\\\/#organization\",\"name\":\"Posgrados UIC\",\"url\":\"https:\\\/\\\/www.uic.mx\\\/posgrados\\\/\",\"logo\":{\"@type\":\"ImageObject\",\"inLanguage\":\"es\",\"@id\":\"https:\\\/\\\/www.uic.mx\\\/posgrados\\\/#\\\/schema\\\/logo\\\/image\\\/\",\"url\":\"https:\\\/\\\/www.uic.mx\\\/posgrados\\\/wp-content\\\/uploads\\\/Logo-50-Universidad-Intercontinental-horizontal-blanco-scaled.png\",\"contentUrl\":\"https:\\\/\\\/www.uic.mx\\\/posgrados\\\/wp-content\\\/uploads\\\/Logo-50-Universidad-Intercontinental-horizontal-blanco-scaled.png\",\"width\":2560,\"height\":643,\"caption\":\"Posgrados UIC\"},\"image\":{\"@id\":\"https:\\\/\\\/www.uic.mx\\\/posgrados\\\/#\\\/schema\\\/logo\\\/image\\\/\"}},{\"@type\":\"Person\",\"@id\":\"https:\\\/\\\/www.uic.mx\\\/posgrados\\\/#\\\/schema\\\/person\\\/30b6bcfd786206c90b45e1f404a1e322\",\"name\":\"Abraham Cruz\",\"image\":{\"@type\":\"ImageObject\",\"inLanguage\":\"es\",\"@id\":\"https:\\\/\\\/secure.gravatar.com\\\/avatar\\\/09b20d8945f044a2e7d64b6f252644eb712d8bf82fbd71201e2e8d072f3a0a72?s=96&d=mm&r=g\",\"url\":\"https:\\\/\\\/secure.gravatar.com\\\/avatar\\\/09b20d8945f044a2e7d64b6f252644eb712d8bf82fbd71201e2e8d072f3a0a72?s=96&d=mm&r=g\",\"contentUrl\":\"https:\\\/\\\/secure.gravatar.com\\\/avatar\\\/09b20d8945f044a2e7d64b6f252644eb712d8bf82fbd71201e2e8d072f3a0a72?s=96&d=mm&r=g\",\"caption\":\"Abraham Cruz\"},\"url\":\"https:\\\/\\\/www.uic.mx\\\/posgrados\\\/author\\\/abrahamcruz\\\/\"}]}<\/script>\n<!-- \/ Yoast SEO plugin. -->","yoast_head_json":{"title":"\ud83c\udfad\ud83c\udf7f TERTULIAS DE CINE: ESCUELA INCLUSIVA EN CULTURAS DIVERSAS - Posgrados UIC","robots":{"index":"index","follow":"follow","max-snippet":"max-snippet:-1","max-image-preview":"max-image-preview:large","max-video-preview":"max-video-preview:-1"},"canonical":"https:\/\/www.uic.mx\/posgrados\/\ud83c\udfad\ud83c\udf7f-tertulias-de-cine-escuela-inclusiva-en-culturas-diversas\/","og_locale":"es_MX","og_type":"article","og_title":"\ud83c\udfad\ud83c\udf7f TERTULIAS DE CINE: ESCUELA INCLUSIVA EN CULTURAS DIVERSAS - Posgrados UIC","og_description":"Un espacio para ver, sentir y pensar la educaci\u00f3n desde el s\u00e9ptimo arte La Direcci\u00f3n de Ciencias para el Desarrollo Humano (Direcci\u00f3n Divisional de Posgrados, UIC) en conjunto con Direcci\u00f3n de Difusi\u00f3n Cultural invita a toda la comunidad estudiantil a participar en este ciclo de cine-foro. Cuatro pel\u00edculas, cuatro miradas a la escuela inclusiva. Con [&hellip;]","og_url":"https:\/\/www.uic.mx\/posgrados\/\ud83c\udfad\ud83c\udf7f-tertulias-de-cine-escuela-inclusiva-en-culturas-diversas\/","og_site_name":"Posgrados UIC","article_published_time":"2026-04-14T19:01:35+00:00","article_modified_time":"2026-04-20T18:55:01+00:00","og_image":[{"width":1170,"height":896,"url":"https:\/\/www.uic.mx\/posgrados\/wp-content\/uploads\/image_1347a28a.png","type":"image\/png"}],"author":"Abraham Cruz","twitter_card":"summary_large_image","twitter_misc":{"Escrito por":"Abraham Cruz","Tiempo de lectura":"2 minutos"},"schema":{"@context":"https:\/\/schema.org","@graph":[{"@type":"Article","@id":"https:\/\/www.uic.mx\/posgrados\/%f0%9f%8e%ad%f0%9f%8d%bf-tertulias-de-cine-escuela-inclusiva-en-culturas-diversas\/#article","isPartOf":{"@id":"https:\/\/www.uic.mx\/posgrados\/%f0%9f%8e%ad%f0%9f%8d%bf-tertulias-de-cine-escuela-inclusiva-en-culturas-diversas\/"},"author":{"name":"Abraham Cruz","@id":"https:\/\/www.uic.mx\/posgrados\/#\/schema\/person\/30b6bcfd786206c90b45e1f404a1e322"},"headline":"\ud83c\udfad\ud83c\udf7f TERTULIAS DE CINE: ESCUELA INCLUSIVA EN CULTURAS DIVERSAS","datePublished":"2026-04-14T19:01:35+00:00","dateModified":"2026-04-20T18:55:01+00:00","mainEntityOfPage":{"@id":"https:\/\/www.uic.mx\/posgrados\/%f0%9f%8e%ad%f0%9f%8d%bf-tertulias-de-cine-escuela-inclusiva-en-culturas-diversas\/"},"wordCount":316,"publisher":{"@id":"https:\/\/www.uic.mx\/posgrados\/#organization"},"image":{"@id":"https:\/\/www.uic.mx\/posgrados\/%f0%9f%8e%ad%f0%9f%8d%bf-tertulias-de-cine-escuela-inclusiva-en-culturas-diversas\/#primaryimage"},"thumbnailUrl":"https:\/\/www.uic.mx\/posgrados\/wp-content\/uploads\/image_1347a28a.png","articleSection":["Ciencias para el Desarrollo Humano"],"inLanguage":"es"},{"@type":"WebPage","@id":"https:\/\/www.uic.mx\/posgrados\/%f0%9f%8e%ad%f0%9f%8d%bf-tertulias-de-cine-escuela-inclusiva-en-culturas-diversas\/","url":"https:\/\/www.uic.mx\/posgrados\/%f0%9f%8e%ad%f0%9f%8d%bf-tertulias-de-cine-escuela-inclusiva-en-culturas-diversas\/","name":"\ud83c\udfad\ud83c\udf7f TERTULIAS DE CINE: ESCUELA INCLUSIVA EN CULTURAS DIVERSAS - Posgrados UIC","isPartOf":{"@id":"https:\/\/www.uic.mx\/posgrados\/#website"},"primaryImageOfPage":{"@id":"https:\/\/www.uic.mx\/posgrados\/%f0%9f%8e%ad%f0%9f%8d%bf-tertulias-de-cine-escuela-inclusiva-en-culturas-diversas\/#primaryimage"},"image":{"@id":"https:\/\/www.uic.mx\/posgrados\/%f0%9f%8e%ad%f0%9f%8d%bf-tertulias-de-cine-escuela-inclusiva-en-culturas-diversas\/#primaryimage"},"thumbnailUrl":"https:\/\/www.uic.mx\/posgrados\/wp-content\/uploads\/image_1347a28a.png","datePublished":"2026-04-14T19:01:35+00:00","dateModified":"2026-04-20T18:55:01+00:00","breadcrumb":{"@id":"https:\/\/www.uic.mx\/posgrados\/%f0%9f%8e%ad%f0%9f%8d%bf-tertulias-de-cine-escuela-inclusiva-en-culturas-diversas\/#breadcrumb"},"inLanguage":"es","potentialAction":[{"@type":"ReadAction","target":["https:\/\/www.uic.mx\/posgrados\/%f0%9f%8e%ad%f0%9f%8d%bf-tertulias-de-cine-escuela-inclusiva-en-culturas-diversas\/"]}]},{"@type":"ImageObject","inLanguage":"es","@id":"https:\/\/www.uic.mx\/posgrados\/%f0%9f%8e%ad%f0%9f%8d%bf-tertulias-de-cine-escuela-inclusiva-en-culturas-diversas\/#primaryimage","url":"https:\/\/www.uic.mx\/posgrados\/wp-content\/uploads\/image_1347a28a.png","contentUrl":"https:\/\/www.uic.mx\/posgrados\/wp-content\/uploads\/image_1347a28a.png","width":1170,"height":896},{"@type":"BreadcrumbList","@id":"https:\/\/www.uic.mx\/posgrados\/%f0%9f%8e%ad%f0%9f%8d%bf-tertulias-de-cine-escuela-inclusiva-en-culturas-diversas\/#breadcrumb","itemListElement":[{"@type":"ListItem","position":1,"name":"Inicio","item":"https:\/\/www.uic.mx\/posgrados\/"},{"@type":"ListItem","position":2,"name":"\ud83c\udfad\ud83c\udf7f TERTULIAS DE CINE: ESCUELA INCLUSIVA EN CULTURAS DIVERSAS"}]},{"@type":"WebSite","@id":"https:\/\/www.uic.mx\/posgrados\/#website","url":"https:\/\/www.uic.mx\/posgrados\/","name":"Posgrados UIC","description":"","publisher":{"@id":"https:\/\/www.uic.mx\/posgrados\/#organization"},"potentialAction":[{"@type":"SearchAction","target":{"@type":"EntryPoint","urlTemplate":"https:\/\/www.uic.mx\/posgrados\/?s={search_term_string}"},"query-input":{"@type":"PropertyValueSpecification","valueRequired":true,"valueName":"search_term_string"}}],"inLanguage":"es"},{"@type":"Organization","@id":"https:\/\/www.uic.mx\/posgrados\/#organization","name":"Posgrados UIC","url":"https:\/\/www.uic.mx\/posgrados\/","logo":{"@type":"ImageObject","inLanguage":"es","@id":"https:\/\/www.uic.mx\/posgrados\/#\/schema\/logo\/image\/","url":"https:\/\/www.uic.mx\/posgrados\/wp-content\/uploads\/Logo-50-Universidad-Intercontinental-horizontal-blanco-scaled.png","contentUrl":"https:\/\/www.uic.mx\/posgrados\/wp-content\/uploads\/Logo-50-Universidad-Intercontinental-horizontal-blanco-scaled.png","width":2560,"height":643,"caption":"Posgrados UIC"},"image":{"@id":"https:\/\/www.uic.mx\/posgrados\/#\/schema\/logo\/image\/"}},{"@type":"Person","@id":"https:\/\/www.uic.mx\/posgrados\/#\/schema\/person\/30b6bcfd786206c90b45e1f404a1e322","name":"Abraham Cruz","image":{"@type":"ImageObject","inLanguage":"es","@id":"https:\/\/secure.gravatar.com\/avatar\/09b20d8945f044a2e7d64b6f252644eb712d8bf82fbd71201e2e8d072f3a0a72?s=96&d=mm&r=g","url":"https:\/\/secure.gravatar.com\/avatar\/09b20d8945f044a2e7d64b6f252644eb712d8bf82fbd71201e2e8d072f3a0a72?s=96&d=mm&r=g","contentUrl":"https:\/\/secure.gravatar.com\/avatar\/09b20d8945f044a2e7d64b6f252644eb712d8bf82fbd71201e2e8d072f3a0a72?s=96&d=mm&r=g","caption":"Abraham Cruz"},"url":"https:\/\/www.uic.mx\/posgrados\/author\/abrahamcruz\/"}]}},"_links":{"self":[{"href":"https:\/\/www.uic.mx\/posgrados\/wp-json\/wp\/v2\/posts\/3620","targetHints":{"allow":["GET"]}}],"collection":[{"href":"https:\/\/www.uic.mx\/posgrados\/wp-json\/wp\/v2\/posts"}],"about":[{"href":"https:\/\/www.uic.mx\/posgrados\/wp-json\/wp\/v2\/types\/post"}],"author":[{"embeddable":true,"href":"https:\/\/www.uic.mx\/posgrados\/wp-json\/wp\/v2\/users\/6"}],"replies":[{"embeddable":true,"href":"https:\/\/www.uic.mx\/posgrados\/wp-json\/wp\/v2\/comments?post=3620"}],"version-history":[{"count":4,"href":"https:\/\/www.uic.mx\/posgrados\/wp-json\/wp\/v2\/posts\/3620\/revisions"}],"predecessor-version":[{"id":3642,"href":"https:\/\/www.uic.mx\/posgrados\/wp-json\/wp\/v2\/posts\/3620\/revisions\/3642"}],"wp:featuredmedia":[{"embeddable":true,"href":"https:\/\/www.uic.mx\/posgrados\/wp-json\/wp\/v2\/media\/3613"}],"wp:attachment":[{"href":"https:\/\/www.uic.mx\/posgrados\/wp-json\/wp\/v2\/media?parent=3620"}],"wp:term":[{"taxonomy":"category","embeddable":true,"href":"https:\/\/www.uic.mx\/posgrados\/wp-json\/wp\/v2\/categories?post=3620"},{"taxonomy":"post_tag","embeddable":true,"href":"https:\/\/www.uic.mx\/posgrados\/wp-json\/wp\/v2\/tags?post=3620"}],"curies":[{"name":"wp","href":"https:\/\/api.w.org\/{rel}","templated":true}]}}