{"id":3628,"date":"2026-04-15T11:37:27","date_gmt":"2026-04-15T17:37:27","guid":{"rendered":"https:\/\/www.uic.mx\/posgrados\/?p=3628"},"modified":"2026-04-15T11:39:15","modified_gmt":"2026-04-15T17:39:15","slug":"trailer-5o-congreso-internacional-de-los-posgrados-en-psicoanalisis","status":"publish","type":"post","link":"https:\/\/www.uic.mx\/posgrados\/trailer-5o-congreso-internacional-de-los-posgrados-en-psicoanalisis\/","title":{"rendered":"Trailer: 5\u00ba Congreso Internacional de los Posgrados en Psicoan\u00e1lisis"},"content":{"rendered":"\n<h2 class=\"wp-block-heading\">El trauma como eje central del encuentro<\/h2>\n\n\n\n<div style=\"height:30px\" aria-hidden=\"true\" class=\"wp-block-spacer\"><\/div>\n\n\n\n<p>La\u00a0<strong>Direcci\u00f3n de Psicoan\u00e1lisis<\/strong>\u00a0y la\u00a0<strong>Direcci\u00f3n Divisional de Posgrados<\/strong>\u00a0se complacen en anunciar el\u00a0<strong>5\u00ba Congreso Internacional de los Posgrados en Psicoan\u00e1lisis<\/strong>, cuyo tema central ser\u00e1\u00a0<strong>el trauma<\/strong>\u00a0en sus m\u00faltiples dimensiones: cl\u00ednica, te\u00f3rica, social y cultural.<\/p>\n\n\n\n<div style=\"height:30px\" aria-hidden=\"true\" class=\"wp-block-spacer\"><\/div>\n\n\n\n<p>Este congreso se perfila como un espacio fundamental para profundizar en las preguntas que el trauma plantea al psicoan\u00e1lisis contempor\u00e1neo: \u00bfc\u00f3mo escuchar, conceptualizar y tratar lo traum\u00e1tico en la cl\u00ednica actual? \u00bfQu\u00e9 lugar ocupa en la transmisi\u00f3n del psicoan\u00e1lisis y en la formaci\u00f3n de posgrado?<\/p>\n\n\n\n<div style=\"height:30px\" aria-hidden=\"true\" class=\"wp-block-spacer\"><\/div>\n\n\n\n<p>Dirigido a analistas, docentes, investigadores, estudiantes de posgrado y profesionales afines, el evento contar\u00e1 con destacados invitados nacionales e internacionales, as\u00ed como espacios de intercambio, paneles, talleres y presentaciones de trabajos libres.<\/p>\n\n\n\n<div style=\"height:30px\" aria-hidden=\"true\" class=\"wp-block-spacer\"><\/div>\n\n\n\n<p>\ud83d\udce2<strong> Invitaci\u00f3n abierta<\/strong><\/p>\n\n\n\n<div style=\"height:30px\" aria-hidden=\"true\" class=\"wp-block-spacer\"><\/div>\n\n\n\n<p>Los invitamos cordialmente a participar de esta nueva edici\u00f3n. Pr\u00f3ximamente estaremos difundiendo fechas, sedes, modalidad (presencial\/virtual), aranceles y formas de inscripci\u00f3n.\u00a0<strong>Los mantenemos atentos a las indicaciones<\/strong>\u00a0que publicaremos en nuestros canales oficiales.<\/p>\n\n\n\n<div style=\"height:30px\" aria-hidden=\"true\" class=\"wp-block-spacer\"><\/div>\n\n\n\n<p>Mientras tanto, les compartimos el\u00a0<strong>trailer oficial del evento<\/strong>\u00a0para ir entrando en clima. No se lo pierdan.<\/p>\n\n\n\n<div style=\"height:30px\" aria-hidden=\"true\" class=\"wp-block-spacer\"><\/div>\n\n\n\n<figure class=\"wp-block-video\"><video height=\"1080\" style=\"aspect-ratio: 1920 \/ 1080;\" width=\"1920\" controls src=\"https:\/\/www.uic.mx\/posgrados\/wp-content\/uploads\/Congreso-Psicoanalisis.mp4\"><\/video><\/figure>\n","protected":false},"excerpt":{"rendered":"<p>El trauma como eje central del encuentro La\u00a0Direcci\u00f3n de Psicoan\u00e1lisis\u00a0y la\u00a0Direcci\u00f3n Divisional de Posgrados\u00a0se complacen en anunciar el\u00a05\u00ba Congreso Internacional de los Posgrados en Psicoan\u00e1lisis, cuyo tema central ser\u00e1\u00a0el trauma\u00a0en sus m\u00faltiples dimensiones: cl\u00ednica, te\u00f3rica, social y cultural. Este congreso se perfila como un espacio fundamental para profundizar en las preguntas que el trauma plantea [&hellip;]<\/p>\n","protected":false},"author":6,"featured_media":3631,"comment_status":"closed","ping_status":"closed","sticky":false,"template":"","format":"standard","meta":{"_acf_changed":false,"footnotes":""},"categories":[11],"tags":[],"class_list":["post-3628","post","type-post","status-publish","format-standard","has-post-thumbnail","hentry","category-psicoanalisis"],"acf":[],"yoast_head":"<!-- This site is optimized with the Yoast SEO plugin v27.5 - https:\/\/yoast.com\/product\/yoast-seo-wordpress\/ -->\n<title>Trailer: 5\u00ba Congreso Internacional de los Posgrados en Psicoan\u00e1lisis - Posgrados UIC<\/title>\n<meta name=\"robots\" content=\"index, follow, max-snippet:-1, max-image-preview:large, max-video-preview:-1\" \/>\n<link rel=\"canonical\" href=\"https:\/\/www.uic.mx\/posgrados\/trailer-5o-congreso-internacional-de-los-posgrados-en-psicoanalisis\/\" \/>\n<meta property=\"og:locale\" content=\"es_MX\" \/>\n<meta property=\"og:type\" content=\"article\" \/>\n<meta property=\"og:title\" content=\"Trailer: 5\u00ba Congreso Internacional de los Posgrados en Psicoan\u00e1lisis - Posgrados UIC\" \/>\n<meta property=\"og:description\" content=\"El trauma como eje central del encuentro La\u00a0Direcci\u00f3n de Psicoan\u00e1lisis\u00a0y la\u00a0Direcci\u00f3n Divisional de Posgrados\u00a0se complacen en anunciar el\u00a05\u00ba Congreso Internacional de los Posgrados en Psicoan\u00e1lisis, cuyo tema central ser\u00e1\u00a0el trauma\u00a0en sus m\u00faltiples dimensiones: cl\u00ednica, te\u00f3rica, social y cultural. Este congreso se perfila como un espacio fundamental para profundizar en las preguntas que el trauma plantea [&hellip;]\" \/>\n<meta property=\"og:url\" content=\"https:\/\/www.uic.mx\/posgrados\/trailer-5o-congreso-internacional-de-los-posgrados-en-psicoanalisis\/\" \/>\n<meta property=\"og:site_name\" content=\"Posgrados UIC\" \/>\n<meta property=\"article:published_time\" content=\"2026-04-15T17:37:27+00:00\" \/>\n<meta property=\"article:modified_time\" content=\"2026-04-15T17:39:15+00:00\" \/>\n<meta property=\"og:image\" content=\"https:\/\/www.uic.mx\/posgrados\/wp-content\/uploads\/captura-ola.png\" \/>\n\t<meta property=\"og:image:width\" content=\"711\" \/>\n\t<meta property=\"og:image:height\" content=\"345\" \/>\n\t<meta property=\"og:image:type\" content=\"image\/png\" \/>\n<meta name=\"author\" content=\"Abraham Cruz\" \/>\n<meta name=\"twitter:card\" content=\"summary_large_image\" \/>\n<meta name=\"twitter:label1\" content=\"Escrito por\" \/>\n\t<meta name=\"twitter:data1\" content=\"Abraham Cruz\" \/>\n\t<meta name=\"twitter:label2\" content=\"Tiempo de lectura\" \/>\n\t<meta name=\"twitter:data2\" content=\"2 minutos\" \/>\n<script type=\"application\/ld+json\" class=\"yoast-schema-graph\">{\"@context\":\"https:\\\/\\\/schema.org\",\"@graph\":[{\"@type\":\"Article\",\"@id\":\"https:\\\/\\\/www.uic.mx\\\/posgrados\\\/trailer-5o-congreso-internacional-de-los-posgrados-en-psicoanalisis\\\/#article\",\"isPartOf\":{\"@id\":\"https:\\\/\\\/www.uic.mx\\\/posgrados\\\/trailer-5o-congreso-internacional-de-los-posgrados-en-psicoanalisis\\\/\"},\"author\":{\"name\":\"Abraham Cruz\",\"@id\":\"https:\\\/\\\/www.uic.mx\\\/posgrados\\\/#\\\/schema\\\/person\\\/30b6bcfd786206c90b45e1f404a1e322\"},\"headline\":\"Trailer: 5\u00ba Congreso Internacional de los Posgrados en Psicoan\u00e1lisis\",\"datePublished\":\"2026-04-15T17:37:27+00:00\",\"dateModified\":\"2026-04-15T17:39:15+00:00\",\"mainEntityOfPage\":{\"@id\":\"https:\\\/\\\/www.uic.mx\\\/posgrados\\\/trailer-5o-congreso-internacional-de-los-posgrados-en-psicoanalisis\\\/\"},\"wordCount\":203,\"publisher\":{\"@id\":\"https:\\\/\\\/www.uic.mx\\\/posgrados\\\/#organization\"},\"image\":{\"@id\":\"https:\\\/\\\/www.uic.mx\\\/posgrados\\\/trailer-5o-congreso-internacional-de-los-posgrados-en-psicoanalisis\\\/#primaryimage\"},\"thumbnailUrl\":\"https:\\\/\\\/www.uic.mx\\\/posgrados\\\/wp-content\\\/uploads\\\/captura-ola.png\",\"articleSection\":[\"Psicoan\u00e1lisis\"],\"inLanguage\":\"es\"},{\"@type\":\"WebPage\",\"@id\":\"https:\\\/\\\/www.uic.mx\\\/posgrados\\\/trailer-5o-congreso-internacional-de-los-posgrados-en-psicoanalisis\\\/\",\"url\":\"https:\\\/\\\/www.uic.mx\\\/posgrados\\\/trailer-5o-congreso-internacional-de-los-posgrados-en-psicoanalisis\\\/\",\"name\":\"Trailer: 5\u00ba Congreso Internacional de los Posgrados en Psicoan\u00e1lisis - Posgrados UIC\",\"isPartOf\":{\"@id\":\"https:\\\/\\\/www.uic.mx\\\/posgrados\\\/#website\"},\"primaryImageOfPage\":{\"@id\":\"https:\\\/\\\/www.uic.mx\\\/posgrados\\\/trailer-5o-congreso-internacional-de-los-posgrados-en-psicoanalisis\\\/#primaryimage\"},\"image\":{\"@id\":\"https:\\\/\\\/www.uic.mx\\\/posgrados\\\/trailer-5o-congreso-internacional-de-los-posgrados-en-psicoanalisis\\\/#primaryimage\"},\"thumbnailUrl\":\"https:\\\/\\\/www.uic.mx\\\/posgrados\\\/wp-content\\\/uploads\\\/captura-ola.png\",\"datePublished\":\"2026-04-15T17:37:27+00:00\",\"dateModified\":\"2026-04-15T17:39:15+00:00\",\"breadcrumb\":{\"@id\":\"https:\\\/\\\/www.uic.mx\\\/posgrados\\\/trailer-5o-congreso-internacional-de-los-posgrados-en-psicoanalisis\\\/#breadcrumb\"},\"inLanguage\":\"es\",\"potentialAction\":[{\"@type\":\"ReadAction\",\"target\":[\"https:\\\/\\\/www.uic.mx\\\/posgrados\\\/trailer-5o-congreso-internacional-de-los-posgrados-en-psicoanalisis\\\/\"]}]},{\"@type\":\"ImageObject\",\"inLanguage\":\"es\",\"@id\":\"https:\\\/\\\/www.uic.mx\\\/posgrados\\\/trailer-5o-congreso-internacional-de-los-posgrados-en-psicoanalisis\\\/#primaryimage\",\"url\":\"https:\\\/\\\/www.uic.mx\\\/posgrados\\\/wp-content\\\/uploads\\\/captura-ola.png\",\"contentUrl\":\"https:\\\/\\\/www.uic.mx\\\/posgrados\\\/wp-content\\\/uploads\\\/captura-ola.png\",\"width\":711,\"height\":345},{\"@type\":\"BreadcrumbList\",\"@id\":\"https:\\\/\\\/www.uic.mx\\\/posgrados\\\/trailer-5o-congreso-internacional-de-los-posgrados-en-psicoanalisis\\\/#breadcrumb\",\"itemListElement\":[{\"@type\":\"ListItem\",\"position\":1,\"name\":\"Inicio\",\"item\":\"https:\\\/\\\/www.uic.mx\\\/posgrados\\\/\"},{\"@type\":\"ListItem\",\"position\":2,\"name\":\"Trailer: 5\u00ba Congreso Internacional de los Posgrados en Psicoan\u00e1lisis\"}]},{\"@type\":\"WebSite\",\"@id\":\"https:\\\/\\\/www.uic.mx\\\/posgrados\\\/#website\",\"url\":\"https:\\\/\\\/www.uic.mx\\\/posgrados\\\/\",\"name\":\"Posgrados UIC\",\"description\":\"\",\"publisher\":{\"@id\":\"https:\\\/\\\/www.uic.mx\\\/posgrados\\\/#organization\"},\"potentialAction\":[{\"@type\":\"SearchAction\",\"target\":{\"@type\":\"EntryPoint\",\"urlTemplate\":\"https:\\\/\\\/www.uic.mx\\\/posgrados\\\/?s={search_term_string}\"},\"query-input\":{\"@type\":\"PropertyValueSpecification\",\"valueRequired\":true,\"valueName\":\"search_term_string\"}}],\"inLanguage\":\"es\"},{\"@type\":\"Organization\",\"@id\":\"https:\\\/\\\/www.uic.mx\\\/posgrados\\\/#organization\",\"name\":\"Posgrados UIC\",\"url\":\"https:\\\/\\\/www.uic.mx\\\/posgrados\\\/\",\"logo\":{\"@type\":\"ImageObject\",\"inLanguage\":\"es\",\"@id\":\"https:\\\/\\\/www.uic.mx\\\/posgrados\\\/#\\\/schema\\\/logo\\\/image\\\/\",\"url\":\"https:\\\/\\\/www.uic.mx\\\/posgrados\\\/wp-content\\\/uploads\\\/Logo-50-Universidad-Intercontinental-horizontal-blanco-scaled.png\",\"contentUrl\":\"https:\\\/\\\/www.uic.mx\\\/posgrados\\\/wp-content\\\/uploads\\\/Logo-50-Universidad-Intercontinental-horizontal-blanco-scaled.png\",\"width\":2560,\"height\":643,\"caption\":\"Posgrados UIC\"},\"image\":{\"@id\":\"https:\\\/\\\/www.uic.mx\\\/posgrados\\\/#\\\/schema\\\/logo\\\/image\\\/\"}},{\"@type\":\"Person\",\"@id\":\"https:\\\/\\\/www.uic.mx\\\/posgrados\\\/#\\\/schema\\\/person\\\/30b6bcfd786206c90b45e1f404a1e322\",\"name\":\"Abraham Cruz\",\"image\":{\"@type\":\"ImageObject\",\"inLanguage\":\"es\",\"@id\":\"https:\\\/\\\/secure.gravatar.com\\\/avatar\\\/09b20d8945f044a2e7d64b6f252644eb712d8bf82fbd71201e2e8d072f3a0a72?s=96&d=mm&r=g\",\"url\":\"https:\\\/\\\/secure.gravatar.com\\\/avatar\\\/09b20d8945f044a2e7d64b6f252644eb712d8bf82fbd71201e2e8d072f3a0a72?s=96&d=mm&r=g\",\"contentUrl\":\"https:\\\/\\\/secure.gravatar.com\\\/avatar\\\/09b20d8945f044a2e7d64b6f252644eb712d8bf82fbd71201e2e8d072f3a0a72?s=96&d=mm&r=g\",\"caption\":\"Abraham Cruz\"},\"url\":\"https:\\\/\\\/www.uic.mx\\\/posgrados\\\/author\\\/abrahamcruz\\\/\"}]}<\/script>\n<!-- \/ Yoast SEO plugin. -->","yoast_head_json":{"title":"Trailer: 5\u00ba Congreso Internacional de los Posgrados en Psicoan\u00e1lisis - Posgrados UIC","robots":{"index":"index","follow":"follow","max-snippet":"max-snippet:-1","max-image-preview":"max-image-preview:large","max-video-preview":"max-video-preview:-1"},"canonical":"https:\/\/www.uic.mx\/posgrados\/trailer-5o-congreso-internacional-de-los-posgrados-en-psicoanalisis\/","og_locale":"es_MX","og_type":"article","og_title":"Trailer: 5\u00ba Congreso Internacional de los Posgrados en Psicoan\u00e1lisis - Posgrados UIC","og_description":"El trauma como eje central del encuentro La\u00a0Direcci\u00f3n de Psicoan\u00e1lisis\u00a0y la\u00a0Direcci\u00f3n Divisional de Posgrados\u00a0se complacen en anunciar el\u00a05\u00ba Congreso Internacional de los Posgrados en Psicoan\u00e1lisis, cuyo tema central ser\u00e1\u00a0el trauma\u00a0en sus m\u00faltiples dimensiones: cl\u00ednica, te\u00f3rica, social y cultural. Este congreso se perfila como un espacio fundamental para profundizar en las preguntas que el trauma plantea [&hellip;]","og_url":"https:\/\/www.uic.mx\/posgrados\/trailer-5o-congreso-internacional-de-los-posgrados-en-psicoanalisis\/","og_site_name":"Posgrados UIC","article_published_time":"2026-04-15T17:37:27+00:00","article_modified_time":"2026-04-15T17:39:15+00:00","og_image":[{"width":711,"height":345,"url":"https:\/\/www.uic.mx\/posgrados\/wp-content\/uploads\/captura-ola.png","type":"image\/png"}],"author":"Abraham Cruz","twitter_card":"summary_large_image","twitter_misc":{"Escrito por":"Abraham Cruz","Tiempo de lectura":"2 minutos"},"schema":{"@context":"https:\/\/schema.org","@graph":[{"@type":"Article","@id":"https:\/\/www.uic.mx\/posgrados\/trailer-5o-congreso-internacional-de-los-posgrados-en-psicoanalisis\/#article","isPartOf":{"@id":"https:\/\/www.uic.mx\/posgrados\/trailer-5o-congreso-internacional-de-los-posgrados-en-psicoanalisis\/"},"author":{"name":"Abraham Cruz","@id":"https:\/\/www.uic.mx\/posgrados\/#\/schema\/person\/30b6bcfd786206c90b45e1f404a1e322"},"headline":"Trailer: 5\u00ba Congreso Internacional de los Posgrados en Psicoan\u00e1lisis","datePublished":"2026-04-15T17:37:27+00:00","dateModified":"2026-04-15T17:39:15+00:00","mainEntityOfPage":{"@id":"https:\/\/www.uic.mx\/posgrados\/trailer-5o-congreso-internacional-de-los-posgrados-en-psicoanalisis\/"},"wordCount":203,"publisher":{"@id":"https:\/\/www.uic.mx\/posgrados\/#organization"},"image":{"@id":"https:\/\/www.uic.mx\/posgrados\/trailer-5o-congreso-internacional-de-los-posgrados-en-psicoanalisis\/#primaryimage"},"thumbnailUrl":"https:\/\/www.uic.mx\/posgrados\/wp-content\/uploads\/captura-ola.png","articleSection":["Psicoan\u00e1lisis"],"inLanguage":"es"},{"@type":"WebPage","@id":"https:\/\/www.uic.mx\/posgrados\/trailer-5o-congreso-internacional-de-los-posgrados-en-psicoanalisis\/","url":"https:\/\/www.uic.mx\/posgrados\/trailer-5o-congreso-internacional-de-los-posgrados-en-psicoanalisis\/","name":"Trailer: 5\u00ba Congreso Internacional de los Posgrados en Psicoan\u00e1lisis - Posgrados UIC","isPartOf":{"@id":"https:\/\/www.uic.mx\/posgrados\/#website"},"primaryImageOfPage":{"@id":"https:\/\/www.uic.mx\/posgrados\/trailer-5o-congreso-internacional-de-los-posgrados-en-psicoanalisis\/#primaryimage"},"image":{"@id":"https:\/\/www.uic.mx\/posgrados\/trailer-5o-congreso-internacional-de-los-posgrados-en-psicoanalisis\/#primaryimage"},"thumbnailUrl":"https:\/\/www.uic.mx\/posgrados\/wp-content\/uploads\/captura-ola.png","datePublished":"2026-04-15T17:37:27+00:00","dateModified":"2026-04-15T17:39:15+00:00","breadcrumb":{"@id":"https:\/\/www.uic.mx\/posgrados\/trailer-5o-congreso-internacional-de-los-posgrados-en-psicoanalisis\/#breadcrumb"},"inLanguage":"es","potentialAction":[{"@type":"ReadAction","target":["https:\/\/www.uic.mx\/posgrados\/trailer-5o-congreso-internacional-de-los-posgrados-en-psicoanalisis\/"]}]},{"@type":"ImageObject","inLanguage":"es","@id":"https:\/\/www.uic.mx\/posgrados\/trailer-5o-congreso-internacional-de-los-posgrados-en-psicoanalisis\/#primaryimage","url":"https:\/\/www.uic.mx\/posgrados\/wp-content\/uploads\/captura-ola.png","contentUrl":"https:\/\/www.uic.mx\/posgrados\/wp-content\/uploads\/captura-ola.png","width":711,"height":345},{"@type":"BreadcrumbList","@id":"https:\/\/www.uic.mx\/posgrados\/trailer-5o-congreso-internacional-de-los-posgrados-en-psicoanalisis\/#breadcrumb","itemListElement":[{"@type":"ListItem","position":1,"name":"Inicio","item":"https:\/\/www.uic.mx\/posgrados\/"},{"@type":"ListItem","position":2,"name":"Trailer: 5\u00ba Congreso Internacional de los Posgrados en Psicoan\u00e1lisis"}]},{"@type":"WebSite","@id":"https:\/\/www.uic.mx\/posgrados\/#website","url":"https:\/\/www.uic.mx\/posgrados\/","name":"Posgrados UIC","description":"","publisher":{"@id":"https:\/\/www.uic.mx\/posgrados\/#organization"},"potentialAction":[{"@type":"SearchAction","target":{"@type":"EntryPoint","urlTemplate":"https:\/\/www.uic.mx\/posgrados\/?s={search_term_string}"},"query-input":{"@type":"PropertyValueSpecification","valueRequired":true,"valueName":"search_term_string"}}],"inLanguage":"es"},{"@type":"Organization","@id":"https:\/\/www.uic.mx\/posgrados\/#organization","name":"Posgrados UIC","url":"https:\/\/www.uic.mx\/posgrados\/","logo":{"@type":"ImageObject","inLanguage":"es","@id":"https:\/\/www.uic.mx\/posgrados\/#\/schema\/logo\/image\/","url":"https:\/\/www.uic.mx\/posgrados\/wp-content\/uploads\/Logo-50-Universidad-Intercontinental-horizontal-blanco-scaled.png","contentUrl":"https:\/\/www.uic.mx\/posgrados\/wp-content\/uploads\/Logo-50-Universidad-Intercontinental-horizontal-blanco-scaled.png","width":2560,"height":643,"caption":"Posgrados UIC"},"image":{"@id":"https:\/\/www.uic.mx\/posgrados\/#\/schema\/logo\/image\/"}},{"@type":"Person","@id":"https:\/\/www.uic.mx\/posgrados\/#\/schema\/person\/30b6bcfd786206c90b45e1f404a1e322","name":"Abraham Cruz","image":{"@type":"ImageObject","inLanguage":"es","@id":"https:\/\/secure.gravatar.com\/avatar\/09b20d8945f044a2e7d64b6f252644eb712d8bf82fbd71201e2e8d072f3a0a72?s=96&d=mm&r=g","url":"https:\/\/secure.gravatar.com\/avatar\/09b20d8945f044a2e7d64b6f252644eb712d8bf82fbd71201e2e8d072f3a0a72?s=96&d=mm&r=g","contentUrl":"https:\/\/secure.gravatar.com\/avatar\/09b20d8945f044a2e7d64b6f252644eb712d8bf82fbd71201e2e8d072f3a0a72?s=96&d=mm&r=g","caption":"Abraham Cruz"},"url":"https:\/\/www.uic.mx\/posgrados\/author\/abrahamcruz\/"}]}},"_links":{"self":[{"href":"https:\/\/www.uic.mx\/posgrados\/wp-json\/wp\/v2\/posts\/3628","targetHints":{"allow":["GET"]}}],"collection":[{"href":"https:\/\/www.uic.mx\/posgrados\/wp-json\/wp\/v2\/posts"}],"about":[{"href":"https:\/\/www.uic.mx\/posgrados\/wp-json\/wp\/v2\/types\/post"}],"author":[{"embeddable":true,"href":"https:\/\/www.uic.mx\/posgrados\/wp-json\/wp\/v2\/users\/6"}],"replies":[{"embeddable":true,"href":"https:\/\/www.uic.mx\/posgrados\/wp-json\/wp\/v2\/comments?post=3628"}],"version-history":[{"count":1,"href":"https:\/\/www.uic.mx\/posgrados\/wp-json\/wp\/v2\/posts\/3628\/revisions"}],"predecessor-version":[{"id":3630,"href":"https:\/\/www.uic.mx\/posgrados\/wp-json\/wp\/v2\/posts\/3628\/revisions\/3630"}],"wp:featuredmedia":[{"embeddable":true,"href":"https:\/\/www.uic.mx\/posgrados\/wp-json\/wp\/v2\/media\/3631"}],"wp:attachment":[{"href":"https:\/\/www.uic.mx\/posgrados\/wp-json\/wp\/v2\/media?parent=3628"}],"wp:term":[{"taxonomy":"category","embeddable":true,"href":"https:\/\/www.uic.mx\/posgrados\/wp-json\/wp\/v2\/categories?post=3628"},{"taxonomy":"post_tag","embeddable":true,"href":"https:\/\/www.uic.mx\/posgrados\/wp-json\/wp\/v2\/tags?post=3628"}],"curies":[{"name":"wp","href":"https:\/\/api.w.org\/{rel}","templated":true}]}}