{"id":3654,"date":"2026-04-27T10:03:51","date_gmt":"2026-04-27T16:03:51","guid":{"rendered":"https:\/\/www.uic.mx\/posgrados\/?p=3654"},"modified":"2026-04-27T10:03:53","modified_gmt":"2026-04-27T16:03:53","slug":"%f0%9f%93%a2-nuevo-doctorado-en-educacion","status":"publish","type":"post","link":"https:\/\/www.uic.mx\/posgrados\/%f0%9f%93%a2-nuevo-doctorado-en-educacion\/","title":{"rendered":"\ud83d\udce2 \u00a1Nuevo Doctorado en Educaci\u00f3n!"},"content":{"rendered":"\n<h2 class=\"wp-block-heading\">Forma parte de una propuesta innovadora para transformar el \u00e1mbito educativo<\/h2>\n\n\n\n<p>La comunidad acad\u00e9mica y profesional tiene una raz\u00f3n m\u00e1s para seguir impulsando el cambio en el sector educativo. Presentamos el\u00a0<strong>Doctorado en Educaci\u00f3n<\/strong>, un programa de vanguardia dise\u00f1ado para formar doctores especialistas capaces de liderar procesos de innovaci\u00f3n, gesti\u00f3n inclusiva e investigaci\u00f3n transformadora.<\/p>\n\n\n\n<div style=\"height:30px\" aria-hidden=\"true\" class=\"wp-block-spacer\"><\/div>\n\n\n\n<p><strong>\u00bfQu\u00e9 hace \u00fanico a este doctorado?<\/strong><\/p>\n\n\n\n<div style=\"height:30px\" aria-hidden=\"true\" class=\"wp-block-spacer\"><\/div>\n\n\n\n<p>El programa se estructura en\u00a0<strong>17 asignaturas<\/strong>\u00a0organizadas en tres \u00e1reas curriculares estrat\u00e9gicas:<\/p>\n\n\n\n<div style=\"height:20px\" aria-hidden=\"true\" class=\"wp-block-spacer\"><\/div>\n\n\n\n<p>\ud83d\udd39&nbsp;<strong>Innovaci\u00f3n y Gesti\u00f3n Educativa<\/strong>&nbsp;\u2013 Para repensar el liderazgo, la planeaci\u00f3n y la administraci\u00f3n de instituciones educativas desde enfoques creativos y eficientes.<\/p>\n\n\n\n<div style=\"height:20px\" aria-hidden=\"true\" class=\"wp-block-spacer\"><\/div>\n\n\n\n<p>\ud83d\udd39&nbsp;<strong>Innovaci\u00f3n Educativa en la Diversidad<\/strong>&nbsp;\u2013 Un espacio para desarrollar propuestas que atiendan la riqueza de las diferencias: culturales, funcionales, de g\u00e9nero, etarias y de contexto.<\/p>\n\n\n\n<div style=\"height:20px\" aria-hidden=\"true\" class=\"wp-block-spacer\"><\/div>\n\n\n\n<p>\ud83d\udd39&nbsp;<strong>Investigaci\u00f3n Educativa para la Innovaci\u00f3n<\/strong>&nbsp;\u2013 Donde la indagaci\u00f3n rigurosa se convierte en motor de cambio real en las aulas, las pol\u00edticas y las comunidades.<\/p>\n\n\n\n<div style=\"height:20px\" aria-hidden=\"true\" class=\"wp-block-spacer\"><\/div>\n\n\n\n<p><strong>Modalidad a distancia\u2026 pero con encuentros vivos<\/strong><\/p>\n\n\n\n<div style=\"height:30px\" aria-hidden=\"true\" class=\"wp-block-spacer\"><\/div>\n\n\n\n<p>Sabemos que los profesionales de la educaci\u00f3n tienen horarios exigentes. Por eso, el doctorado se imparte\u00a0<strong>100% a distancia<\/strong>, pero con un elemento clave:\u00a0<strong>sesiones s\u00edncronas semanales<\/strong>. Estos encuentros en vivo no solo permiten abordar los contenidos, sino que convierten cada semana en una\u00a0<strong>experiencia de construcci\u00f3n colectiva del conocimiento<\/strong>. Nada de aprender en soledad: aqu\u00ed se aprende dialogando, debatiendo y co-creando.<\/p>\n\n\n\n<div style=\"height:30px\" aria-hidden=\"true\" class=\"wp-block-spacer\"><\/div>\n\n\n\n<p>Adem\u00e1s, la organizaci\u00f3n\u00a0<strong>cuatrimestral<\/strong>\u00a0facilita una progresi\u00f3n ordenada, intensiva pero realista, compatible con tu vida profesional y personal.<\/p>\n\n\n\n<div style=\"height:30px\" aria-hidden=\"true\" class=\"wp-block-spacer\"><\/div>\n\n\n\n<p><strong>Un programa de Ciencias para el Desarrollo Humano<\/strong><\/p>\n\n\n\n<div style=\"height:30px\" aria-hidden=\"true\" class=\"wp-block-spacer\"><\/div>\n\n\n\n<p>Este doctorado no solo forma expertos en educaci\u00f3n: formas agentes de cambio comprometidos con el desarrollo humano sostenible. Cada asignatura, cada proyecto de investigaci\u00f3n y cada debate sincr\u00f3nico est\u00e1n orientados a generar impacto positivo en personas, comunidades y sistemas educativos.<\/p>\n\n\n\n<div style=\"height:30px\" aria-hidden=\"true\" class=\"wp-block-spacer\"><\/div>\n\n\n\n<p><strong>\u00bfA qui\u00e9n va dirigido?<\/strong><\/p>\n\n\n\n<div style=\"height:30px\" aria-hidden=\"true\" class=\"wp-block-spacer\"><\/div>\n\n\n\n<p>A docentes, gestores educativos, asesores pedag\u00f3gicos, investigadores, directivos de instituciones y profesionales afines que deseen llevar su experiencia al m\u00e1s alto nivel acad\u00e9mico y aplicado.<\/p>\n\n\n\n<div style=\"height:30px\" aria-hidden=\"true\" class=\"wp-block-spacer\"><\/div>\n\n\n\n<p><strong>\u00a1Invitaci\u00f3n abierta a la comunidad!<\/strong><\/p>\n\n\n\n<div style=\"height:30px\" aria-hidden=\"true\" class=\"wp-block-spacer\"><\/div>\n\n\n\n<p>Si crees que la educaci\u00f3n necesita nuevas respuestas, nuevas preguntas y nuevos liderazgos, este doctorado es tu espacio. Te invitamos a conocer el mapa curricular, las l\u00edneas de investigaci\u00f3n y el proceso de admisi\u00f3n.<\/p>\n\n\n\n<div style=\"height:30px\" aria-hidden=\"true\" class=\"wp-block-spacer\"><\/div>\n\n\n\n<p>\u2709\ufe0f Solicita m\u00e1s informaci\u00f3n al correo:  ana.soto@universidad-uic.edu.mx  <\/p>\n","protected":false},"excerpt":{"rendered":"<p>Forma parte de una propuesta innovadora para transformar el \u00e1mbito educativo La comunidad acad\u00e9mica y profesional tiene una raz\u00f3n m\u00e1s para seguir impulsando el cambio en el sector educativo. Presentamos el\u00a0Doctorado en Educaci\u00f3n, un programa de vanguardia dise\u00f1ado para formar doctores especialistas capaces de liderar procesos de innovaci\u00f3n, gesti\u00f3n inclusiva e investigaci\u00f3n transformadora. \u00bfQu\u00e9 hace [&hellip;]<\/p>\n","protected":false},"author":6,"featured_media":2600,"comment_status":"closed","ping_status":"closed","sticky":false,"template":"","format":"standard","meta":{"_acf_changed":false,"footnotes":""},"categories":[1],"tags":[],"class_list":["post-3654","post","type-post","status-publish","format-standard","has-post-thumbnail","hentry","category-ciencias-para-el-desarrollo-humano"],"acf":[],"yoast_head":"<!-- This site is optimized with the Yoast SEO plugin v27.5 - https:\/\/yoast.com\/product\/yoast-seo-wordpress\/ -->\n<title>\ud83d\udce2 \u00a1Nuevo Doctorado en Educaci\u00f3n! - Posgrados UIC<\/title>\n<meta name=\"robots\" content=\"index, follow, max-snippet:-1, max-image-preview:large, max-video-preview:-1\" \/>\n<link rel=\"canonical\" href=\"https:\/\/www.uic.mx\/posgrados\/\ud83d\udce2-nuevo-doctorado-en-educacion\/\" \/>\n<meta property=\"og:locale\" content=\"es_MX\" \/>\n<meta property=\"og:type\" content=\"article\" \/>\n<meta property=\"og:title\" content=\"\ud83d\udce2 \u00a1Nuevo Doctorado en Educaci\u00f3n! - Posgrados UIC\" \/>\n<meta property=\"og:description\" content=\"Forma parte de una propuesta innovadora para transformar el \u00e1mbito educativo La comunidad acad\u00e9mica y profesional tiene una raz\u00f3n m\u00e1s para seguir impulsando el cambio en el sector educativo. Presentamos el\u00a0Doctorado en Educaci\u00f3n, un programa de vanguardia dise\u00f1ado para formar doctores especialistas capaces de liderar procesos de innovaci\u00f3n, gesti\u00f3n inclusiva e investigaci\u00f3n transformadora. \u00bfQu\u00e9 hace [&hellip;]\" \/>\n<meta property=\"og:url\" content=\"https:\/\/www.uic.mx\/posgrados\/\ud83d\udce2-nuevo-doctorado-en-educacion\/\" \/>\n<meta property=\"og:site_name\" content=\"Posgrados UIC\" \/>\n<meta property=\"article:published_time\" content=\"2026-04-27T16:03:51+00:00\" \/>\n<meta property=\"article:modified_time\" content=\"2026-04-27T16:03:53+00:00\" \/>\n<meta property=\"og:image\" content=\"https:\/\/www.uic.mx\/posgrados\/wp-content\/uploads\/Reglamento-UIC-blog-scaled.jpeg\" \/>\n\t<meta property=\"og:image:width\" content=\"2560\" \/>\n\t<meta property=\"og:image:height\" content=\"1396\" \/>\n\t<meta property=\"og:image:type\" content=\"image\/jpeg\" \/>\n<meta name=\"author\" content=\"Abraham Cruz\" \/>\n<meta name=\"twitter:card\" content=\"summary_large_image\" \/>\n<meta name=\"twitter:label1\" content=\"Escrito por\" \/>\n\t<meta name=\"twitter:data1\" content=\"Abraham Cruz\" \/>\n\t<meta name=\"twitter:label2\" content=\"Tiempo de lectura\" \/>\n\t<meta name=\"twitter:data2\" content=\"2 minutos\" \/>\n<script type=\"application\/ld+json\" class=\"yoast-schema-graph\">{\"@context\":\"https:\\\/\\\/schema.org\",\"@graph\":[{\"@type\":\"Article\",\"@id\":\"https:\\\/\\\/www.uic.mx\\\/posgrados\\\/%f0%9f%93%a2-nuevo-doctorado-en-educacion\\\/#article\",\"isPartOf\":{\"@id\":\"https:\\\/\\\/www.uic.mx\\\/posgrados\\\/%f0%9f%93%a2-nuevo-doctorado-en-educacion\\\/\"},\"author\":{\"name\":\"Abraham Cruz\",\"@id\":\"https:\\\/\\\/www.uic.mx\\\/posgrados\\\/#\\\/schema\\\/person\\\/30b6bcfd786206c90b45e1f404a1e322\"},\"headline\":\"\ud83d\udce2 \u00a1Nuevo Doctorado en Educaci\u00f3n!\",\"datePublished\":\"2026-04-27T16:03:51+00:00\",\"dateModified\":\"2026-04-27T16:03:53+00:00\",\"mainEntityOfPage\":{\"@id\":\"https:\\\/\\\/www.uic.mx\\\/posgrados\\\/%f0%9f%93%a2-nuevo-doctorado-en-educacion\\\/\"},\"wordCount\":405,\"publisher\":{\"@id\":\"https:\\\/\\\/www.uic.mx\\\/posgrados\\\/#organization\"},\"image\":{\"@id\":\"https:\\\/\\\/www.uic.mx\\\/posgrados\\\/%f0%9f%93%a2-nuevo-doctorado-en-educacion\\\/#primaryimage\"},\"thumbnailUrl\":\"https:\\\/\\\/www.uic.mx\\\/posgrados\\\/wp-content\\\/uploads\\\/Reglamento-UIC-blog-scaled.jpeg\",\"articleSection\":[\"Ciencias para el Desarrollo Humano\"],\"inLanguage\":\"es\"},{\"@type\":\"WebPage\",\"@id\":\"https:\\\/\\\/www.uic.mx\\\/posgrados\\\/%f0%9f%93%a2-nuevo-doctorado-en-educacion\\\/\",\"url\":\"https:\\\/\\\/www.uic.mx\\\/posgrados\\\/%f0%9f%93%a2-nuevo-doctorado-en-educacion\\\/\",\"name\":\"\ud83d\udce2 \u00a1Nuevo Doctorado en Educaci\u00f3n! - Posgrados UIC\",\"isPartOf\":{\"@id\":\"https:\\\/\\\/www.uic.mx\\\/posgrados\\\/#website\"},\"primaryImageOfPage\":{\"@id\":\"https:\\\/\\\/www.uic.mx\\\/posgrados\\\/%f0%9f%93%a2-nuevo-doctorado-en-educacion\\\/#primaryimage\"},\"image\":{\"@id\":\"https:\\\/\\\/www.uic.mx\\\/posgrados\\\/%f0%9f%93%a2-nuevo-doctorado-en-educacion\\\/#primaryimage\"},\"thumbnailUrl\":\"https:\\\/\\\/www.uic.mx\\\/posgrados\\\/wp-content\\\/uploads\\\/Reglamento-UIC-blog-scaled.jpeg\",\"datePublished\":\"2026-04-27T16:03:51+00:00\",\"dateModified\":\"2026-04-27T16:03:53+00:00\",\"breadcrumb\":{\"@id\":\"https:\\\/\\\/www.uic.mx\\\/posgrados\\\/%f0%9f%93%a2-nuevo-doctorado-en-educacion\\\/#breadcrumb\"},\"inLanguage\":\"es\",\"potentialAction\":[{\"@type\":\"ReadAction\",\"target\":[\"https:\\\/\\\/www.uic.mx\\\/posgrados\\\/%f0%9f%93%a2-nuevo-doctorado-en-educacion\\\/\"]}]},{\"@type\":\"ImageObject\",\"inLanguage\":\"es\",\"@id\":\"https:\\\/\\\/www.uic.mx\\\/posgrados\\\/%f0%9f%93%a2-nuevo-doctorado-en-educacion\\\/#primaryimage\",\"url\":\"https:\\\/\\\/www.uic.mx\\\/posgrados\\\/wp-content\\\/uploads\\\/Reglamento-UIC-blog-scaled.jpeg\",\"contentUrl\":\"https:\\\/\\\/www.uic.mx\\\/posgrados\\\/wp-content\\\/uploads\\\/Reglamento-UIC-blog-scaled.jpeg\",\"width\":2560,\"height\":1396},{\"@type\":\"BreadcrumbList\",\"@id\":\"https:\\\/\\\/www.uic.mx\\\/posgrados\\\/%f0%9f%93%a2-nuevo-doctorado-en-educacion\\\/#breadcrumb\",\"itemListElement\":[{\"@type\":\"ListItem\",\"position\":1,\"name\":\"Inicio\",\"item\":\"https:\\\/\\\/www.uic.mx\\\/posgrados\\\/\"},{\"@type\":\"ListItem\",\"position\":2,\"name\":\"\ud83d\udce2 \u00a1Nuevo Doctorado en Educaci\u00f3n!\"}]},{\"@type\":\"WebSite\",\"@id\":\"https:\\\/\\\/www.uic.mx\\\/posgrados\\\/#website\",\"url\":\"https:\\\/\\\/www.uic.mx\\\/posgrados\\\/\",\"name\":\"Posgrados UIC\",\"description\":\"\",\"publisher\":{\"@id\":\"https:\\\/\\\/www.uic.mx\\\/posgrados\\\/#organization\"},\"potentialAction\":[{\"@type\":\"SearchAction\",\"target\":{\"@type\":\"EntryPoint\",\"urlTemplate\":\"https:\\\/\\\/www.uic.mx\\\/posgrados\\\/?s={search_term_string}\"},\"query-input\":{\"@type\":\"PropertyValueSpecification\",\"valueRequired\":true,\"valueName\":\"search_term_string\"}}],\"inLanguage\":\"es\"},{\"@type\":\"Organization\",\"@id\":\"https:\\\/\\\/www.uic.mx\\\/posgrados\\\/#organization\",\"name\":\"Posgrados UIC\",\"url\":\"https:\\\/\\\/www.uic.mx\\\/posgrados\\\/\",\"logo\":{\"@type\":\"ImageObject\",\"inLanguage\":\"es\",\"@id\":\"https:\\\/\\\/www.uic.mx\\\/posgrados\\\/#\\\/schema\\\/logo\\\/image\\\/\",\"url\":\"https:\\\/\\\/www.uic.mx\\\/posgrados\\\/wp-content\\\/uploads\\\/Logo-50-Universidad-Intercontinental-horizontal-blanco-scaled.png\",\"contentUrl\":\"https:\\\/\\\/www.uic.mx\\\/posgrados\\\/wp-content\\\/uploads\\\/Logo-50-Universidad-Intercontinental-horizontal-blanco-scaled.png\",\"width\":2560,\"height\":643,\"caption\":\"Posgrados UIC\"},\"image\":{\"@id\":\"https:\\\/\\\/www.uic.mx\\\/posgrados\\\/#\\\/schema\\\/logo\\\/image\\\/\"}},{\"@type\":\"Person\",\"@id\":\"https:\\\/\\\/www.uic.mx\\\/posgrados\\\/#\\\/schema\\\/person\\\/30b6bcfd786206c90b45e1f404a1e322\",\"name\":\"Abraham Cruz\",\"image\":{\"@type\":\"ImageObject\",\"inLanguage\":\"es\",\"@id\":\"https:\\\/\\\/secure.gravatar.com\\\/avatar\\\/09b20d8945f044a2e7d64b6f252644eb712d8bf82fbd71201e2e8d072f3a0a72?s=96&d=mm&r=g\",\"url\":\"https:\\\/\\\/secure.gravatar.com\\\/avatar\\\/09b20d8945f044a2e7d64b6f252644eb712d8bf82fbd71201e2e8d072f3a0a72?s=96&d=mm&r=g\",\"contentUrl\":\"https:\\\/\\\/secure.gravatar.com\\\/avatar\\\/09b20d8945f044a2e7d64b6f252644eb712d8bf82fbd71201e2e8d072f3a0a72?s=96&d=mm&r=g\",\"caption\":\"Abraham Cruz\"},\"url\":\"https:\\\/\\\/www.uic.mx\\\/posgrados\\\/author\\\/abrahamcruz\\\/\"}]}<\/script>\n<!-- \/ Yoast SEO plugin. -->","yoast_head_json":{"title":"\ud83d\udce2 \u00a1Nuevo Doctorado en Educaci\u00f3n! - Posgrados UIC","robots":{"index":"index","follow":"follow","max-snippet":"max-snippet:-1","max-image-preview":"max-image-preview:large","max-video-preview":"max-video-preview:-1"},"canonical":"https:\/\/www.uic.mx\/posgrados\/\ud83d\udce2-nuevo-doctorado-en-educacion\/","og_locale":"es_MX","og_type":"article","og_title":"\ud83d\udce2 \u00a1Nuevo Doctorado en Educaci\u00f3n! - Posgrados UIC","og_description":"Forma parte de una propuesta innovadora para transformar el \u00e1mbito educativo La comunidad acad\u00e9mica y profesional tiene una raz\u00f3n m\u00e1s para seguir impulsando el cambio en el sector educativo. Presentamos el\u00a0Doctorado en Educaci\u00f3n, un programa de vanguardia dise\u00f1ado para formar doctores especialistas capaces de liderar procesos de innovaci\u00f3n, gesti\u00f3n inclusiva e investigaci\u00f3n transformadora. \u00bfQu\u00e9 hace [&hellip;]","og_url":"https:\/\/www.uic.mx\/posgrados\/\ud83d\udce2-nuevo-doctorado-en-educacion\/","og_site_name":"Posgrados UIC","article_published_time":"2026-04-27T16:03:51+00:00","article_modified_time":"2026-04-27T16:03:53+00:00","og_image":[{"width":2560,"height":1396,"url":"https:\/\/www.uic.mx\/posgrados\/wp-content\/uploads\/Reglamento-UIC-blog-scaled.jpeg","type":"image\/jpeg"}],"author":"Abraham Cruz","twitter_card":"summary_large_image","twitter_misc":{"Escrito por":"Abraham Cruz","Tiempo de lectura":"2 minutos"},"schema":{"@context":"https:\/\/schema.org","@graph":[{"@type":"Article","@id":"https:\/\/www.uic.mx\/posgrados\/%f0%9f%93%a2-nuevo-doctorado-en-educacion\/#article","isPartOf":{"@id":"https:\/\/www.uic.mx\/posgrados\/%f0%9f%93%a2-nuevo-doctorado-en-educacion\/"},"author":{"name":"Abraham Cruz","@id":"https:\/\/www.uic.mx\/posgrados\/#\/schema\/person\/30b6bcfd786206c90b45e1f404a1e322"},"headline":"\ud83d\udce2 \u00a1Nuevo Doctorado en Educaci\u00f3n!","datePublished":"2026-04-27T16:03:51+00:00","dateModified":"2026-04-27T16:03:53+00:00","mainEntityOfPage":{"@id":"https:\/\/www.uic.mx\/posgrados\/%f0%9f%93%a2-nuevo-doctorado-en-educacion\/"},"wordCount":405,"publisher":{"@id":"https:\/\/www.uic.mx\/posgrados\/#organization"},"image":{"@id":"https:\/\/www.uic.mx\/posgrados\/%f0%9f%93%a2-nuevo-doctorado-en-educacion\/#primaryimage"},"thumbnailUrl":"https:\/\/www.uic.mx\/posgrados\/wp-content\/uploads\/Reglamento-UIC-blog-scaled.jpeg","articleSection":["Ciencias para el Desarrollo Humano"],"inLanguage":"es"},{"@type":"WebPage","@id":"https:\/\/www.uic.mx\/posgrados\/%f0%9f%93%a2-nuevo-doctorado-en-educacion\/","url":"https:\/\/www.uic.mx\/posgrados\/%f0%9f%93%a2-nuevo-doctorado-en-educacion\/","name":"\ud83d\udce2 \u00a1Nuevo Doctorado en Educaci\u00f3n! - Posgrados UIC","isPartOf":{"@id":"https:\/\/www.uic.mx\/posgrados\/#website"},"primaryImageOfPage":{"@id":"https:\/\/www.uic.mx\/posgrados\/%f0%9f%93%a2-nuevo-doctorado-en-educacion\/#primaryimage"},"image":{"@id":"https:\/\/www.uic.mx\/posgrados\/%f0%9f%93%a2-nuevo-doctorado-en-educacion\/#primaryimage"},"thumbnailUrl":"https:\/\/www.uic.mx\/posgrados\/wp-content\/uploads\/Reglamento-UIC-blog-scaled.jpeg","datePublished":"2026-04-27T16:03:51+00:00","dateModified":"2026-04-27T16:03:53+00:00","breadcrumb":{"@id":"https:\/\/www.uic.mx\/posgrados\/%f0%9f%93%a2-nuevo-doctorado-en-educacion\/#breadcrumb"},"inLanguage":"es","potentialAction":[{"@type":"ReadAction","target":["https:\/\/www.uic.mx\/posgrados\/%f0%9f%93%a2-nuevo-doctorado-en-educacion\/"]}]},{"@type":"ImageObject","inLanguage":"es","@id":"https:\/\/www.uic.mx\/posgrados\/%f0%9f%93%a2-nuevo-doctorado-en-educacion\/#primaryimage","url":"https:\/\/www.uic.mx\/posgrados\/wp-content\/uploads\/Reglamento-UIC-blog-scaled.jpeg","contentUrl":"https:\/\/www.uic.mx\/posgrados\/wp-content\/uploads\/Reglamento-UIC-blog-scaled.jpeg","width":2560,"height":1396},{"@type":"BreadcrumbList","@id":"https:\/\/www.uic.mx\/posgrados\/%f0%9f%93%a2-nuevo-doctorado-en-educacion\/#breadcrumb","itemListElement":[{"@type":"ListItem","position":1,"name":"Inicio","item":"https:\/\/www.uic.mx\/posgrados\/"},{"@type":"ListItem","position":2,"name":"\ud83d\udce2 \u00a1Nuevo Doctorado en Educaci\u00f3n!"}]},{"@type":"WebSite","@id":"https:\/\/www.uic.mx\/posgrados\/#website","url":"https:\/\/www.uic.mx\/posgrados\/","name":"Posgrados UIC","description":"","publisher":{"@id":"https:\/\/www.uic.mx\/posgrados\/#organization"},"potentialAction":[{"@type":"SearchAction","target":{"@type":"EntryPoint","urlTemplate":"https:\/\/www.uic.mx\/posgrados\/?s={search_term_string}"},"query-input":{"@type":"PropertyValueSpecification","valueRequired":true,"valueName":"search_term_string"}}],"inLanguage":"es"},{"@type":"Organization","@id":"https:\/\/www.uic.mx\/posgrados\/#organization","name":"Posgrados UIC","url":"https:\/\/www.uic.mx\/posgrados\/","logo":{"@type":"ImageObject","inLanguage":"es","@id":"https:\/\/www.uic.mx\/posgrados\/#\/schema\/logo\/image\/","url":"https:\/\/www.uic.mx\/posgrados\/wp-content\/uploads\/Logo-50-Universidad-Intercontinental-horizontal-blanco-scaled.png","contentUrl":"https:\/\/www.uic.mx\/posgrados\/wp-content\/uploads\/Logo-50-Universidad-Intercontinental-horizontal-blanco-scaled.png","width":2560,"height":643,"caption":"Posgrados UIC"},"image":{"@id":"https:\/\/www.uic.mx\/posgrados\/#\/schema\/logo\/image\/"}},{"@type":"Person","@id":"https:\/\/www.uic.mx\/posgrados\/#\/schema\/person\/30b6bcfd786206c90b45e1f404a1e322","name":"Abraham Cruz","image":{"@type":"ImageObject","inLanguage":"es","@id":"https:\/\/secure.gravatar.com\/avatar\/09b20d8945f044a2e7d64b6f252644eb712d8bf82fbd71201e2e8d072f3a0a72?s=96&d=mm&r=g","url":"https:\/\/secure.gravatar.com\/avatar\/09b20d8945f044a2e7d64b6f252644eb712d8bf82fbd71201e2e8d072f3a0a72?s=96&d=mm&r=g","contentUrl":"https:\/\/secure.gravatar.com\/avatar\/09b20d8945f044a2e7d64b6f252644eb712d8bf82fbd71201e2e8d072f3a0a72?s=96&d=mm&r=g","caption":"Abraham Cruz"},"url":"https:\/\/www.uic.mx\/posgrados\/author\/abrahamcruz\/"}]}},"_links":{"self":[{"href":"https:\/\/www.uic.mx\/posgrados\/wp-json\/wp\/v2\/posts\/3654","targetHints":{"allow":["GET"]}}],"collection":[{"href":"https:\/\/www.uic.mx\/posgrados\/wp-json\/wp\/v2\/posts"}],"about":[{"href":"https:\/\/www.uic.mx\/posgrados\/wp-json\/wp\/v2\/types\/post"}],"author":[{"embeddable":true,"href":"https:\/\/www.uic.mx\/posgrados\/wp-json\/wp\/v2\/users\/6"}],"replies":[{"embeddable":true,"href":"https:\/\/www.uic.mx\/posgrados\/wp-json\/wp\/v2\/comments?post=3654"}],"version-history":[{"count":1,"href":"https:\/\/www.uic.mx\/posgrados\/wp-json\/wp\/v2\/posts\/3654\/revisions"}],"predecessor-version":[{"id":3655,"href":"https:\/\/www.uic.mx\/posgrados\/wp-json\/wp\/v2\/posts\/3654\/revisions\/3655"}],"wp:featuredmedia":[{"embeddable":true,"href":"https:\/\/www.uic.mx\/posgrados\/wp-json\/wp\/v2\/media\/2600"}],"wp:attachment":[{"href":"https:\/\/www.uic.mx\/posgrados\/wp-json\/wp\/v2\/media?parent=3654"}],"wp:term":[{"taxonomy":"category","embeddable":true,"href":"https:\/\/www.uic.mx\/posgrados\/wp-json\/wp\/v2\/categories?post=3654"},{"taxonomy":"post_tag","embeddable":true,"href":"https:\/\/www.uic.mx\/posgrados\/wp-json\/wp\/v2\/tags?post=3654"}],"curies":[{"name":"wp","href":"https:\/\/api.w.org\/{rel}","templated":true}]}}