{"id":3658,"date":"2026-04-27T10:53:33","date_gmt":"2026-04-27T16:53:33","guid":{"rendered":"https:\/\/www.uic.mx\/posgrados\/?p=3658"},"modified":"2026-04-27T11:01:45","modified_gmt":"2026-04-27T17:01:45","slug":"%f0%9f%a7%a0-5-congreso-internacional-de-psicoanalisis-trauma-psiquico-del-espacio-clinico-al-entorno-social","status":"publish","type":"post","link":"https:\/\/www.uic.mx\/posgrados\/%f0%9f%a7%a0-5-congreso-internacional-de-psicoanalisis-trauma-psiquico-del-espacio-clinico-al-entorno-social\/","title":{"rendered":"\ud83e\udde0 5\u00b0 Congreso Internacional de Psicoan\u00e1lisis: \u201cTrauma ps\u00edquico: del espacio cl\u00ednico al entorno social\u201d"},"content":{"rendered":"\n<h2 class=\"wp-block-heading\">\ud83c\udf0a Una ola que no podemos ignorar<\/h2>\n\n\n\n<div style=\"height:30px\" aria-hidden=\"true\" class=\"wp-block-spacer\"><\/div>\n\n\n\n<p><em>\u201cLa gran ola de Kanagawa\u201d<\/em>\u00a0de Katsushika Hokusai inspira esta quinta edici\u00f3n del Congreso Internacional de los Posgrados en Psicoan\u00e1lisis. Como esa ola inmensa que amenaza con derrumbar fr\u00e1giles embarcaciones, el trauma ps\u00edquico ya no es solo una excepci\u00f3n cl\u00ednica: se ha vuelto una\u00a0<strong>condici\u00f3n estructural de la vida social<\/strong>.<\/p>\n\n\n\n<div style=\"height:29px\" aria-hidden=\"true\" class=\"wp-block-spacer\"><\/div>\n\n\n\n<p>En M\u00e9xico y el mundo, la violencia, el abuso, la desigualdad, la migraci\u00f3n forzada, la inseguridad laboral y la fractura del tejido social atraviesan la experiencia cotidiana. Frente a ello, el psicoan\u00e1lisis est\u00e1 llamado a ampliar su mirada: del espacio cl\u00ednico al entorno social, del div\u00e1n a la comunidad.<\/p>\n\n\n\n<div style=\"height:30px\" aria-hidden=\"true\" class=\"wp-block-spacer\"><\/div>\n\n\n\n<p><strong>\ud83c\udfaf Ejes tem\u00e1ticos del congreso<\/strong><\/p>\n\n\n\n<div style=\"height:30px\" aria-hidden=\"true\" class=\"wp-block-spacer\"><\/div>\n\n\n\n<p>Participar\u00e1n especialistas de diversas tradiciones psicoanal\u00edticas (desde Freud y Ferenczi hasta enfoques relacionales, neuropsicoan\u00e1lisis y perspectivas comunitarias) en torno a siete ejes:<\/p>\n\n\n\n<div style=\"height:30px\" aria-hidden=\"true\" class=\"wp-block-spacer\"><\/div>\n\n\n\n<ol start=\"1\" class=\"wp-block-list\">\n<li><strong>Figuras cl\u00ednicas del trauma<\/strong>\u00a0\u2013 disociaci\u00f3n, memoria traum\u00e1tica, repetici\u00f3n y cuerpo.<\/li>\n\n\n\n<li><strong>El analista frente al trauma<\/strong>\u00a0\u2013 contratransferencia, trauma vicario y \u00e9tica del cuidado.<\/li>\n\n\n\n<li><strong>Trauma social y entorno contempor\u00e1neo<\/strong>\u00a0\u2013 violencia, desapariciones, migraci\u00f3n, crisis clim\u00e1tica.<\/li>\n\n\n\n<li><strong>Epistemolog\u00edas del trauma<\/strong>\u00a0\u2013 de Freud al giro relacional, Bion, Winnicott, mentalizaci\u00f3n.<\/li>\n\n\n\n<li><strong>Desarrollo, apego y trauma temprano<\/strong>\u00a0\u2013 apego desorganizado, fallas ambientales, transmisi\u00f3n transgeneracional.<\/li>\n\n\n\n<li><strong>Arte, narraci\u00f3n y reparaci\u00f3n<\/strong>\u00a0\u2013 creaci\u00f3n est\u00e9tica, escritura del trauma, cine y memoria colectiva.<\/li>\n\n\n\n<li><strong>Comunidad, cl\u00ednica ampliada y pol\u00edticas del cuidado<\/strong>\u00a0\u2013 intervenciones psicoanal\u00edticas comunitarias, derechos humanos, dignificaci\u00f3n del self.<\/li>\n<\/ol>\n\n\n\n<div style=\"height:30px\" aria-hidden=\"true\" class=\"wp-block-spacer\"><\/div>\n\n\n\n<p><strong>\ud83d\udcc5 Fechas:<\/strong>\u00a020 al 24 de octubre de 2026<\/p>\n\n\n\n<div style=\"height:20px\" aria-hidden=\"true\" class=\"wp-block-spacer\"><\/div>\n\n\n\n<ul class=\"wp-block-list\">\n<li><strong>20 de octubre<\/strong>\u00a0\u2192 Precongreso<\/li>\n\n\n\n<li><strong>21 al 24 de octubre<\/strong>\u00a0\u2192 Congreso<\/li>\n<\/ul>\n\n\n\n<div style=\"height:30px\" aria-hidden=\"true\" class=\"wp-block-spacer\"><\/div>\n\n\n\n<p><strong>\ud83d\udce2 Mantente atento a las bases<\/strong><\/p>\n\n\n\n<div style=\"height:30px\" aria-hidden=\"true\" class=\"wp-block-spacer\"><\/div>\n\n\n\n<p>El congreso se realizar\u00e1 en formato\u00a0<strong>presencial<\/strong>\u00a0(con posible acceso virtual por confirmar). En los pr\u00f3ximos d\u00edas estaremos publicando las\u00a0<strong>bases completas<\/strong>:<\/p>\n\n\n\n<div style=\"height:30px\" aria-hidden=\"true\" class=\"wp-block-spacer\"><\/div>\n\n\n\n<ul class=\"wp-block-list\">\n<li>Fechas l\u00edmite para inscripci\u00f3n temprana<\/li>\n\n\n\n<li>Env\u00edo de res\u00famenes y ponencias<\/li>\n\n\n\n<li>Cuotas de recuperaci\u00f3n<\/li>\n\n\n\n<li>Invitados internacionales confirmados<\/li>\n\n\n\n<li>Sedes y horarios detallados<\/li>\n<\/ul>\n\n\n\n<div style=\"height:30px\" aria-hidden=\"true\" class=\"wp-block-spacer\"><\/div>\n\n\n\n<p>\ud83d\udd14\u00a0<strong>Te invitamos a seguir nuestras redes sociales y revisar peri\u00f3dicamente el blog oficial.<\/strong>\u00a0Muy pronto abriremos la convocatoria para participar como asistente, ponente o tallerista.<\/p>\n\n\n\n<div style=\"height:30px\" aria-hidden=\"true\" class=\"wp-block-spacer\"><\/div>\n\n\n\n<p><strong>Sostenemos el presente para recuperar la vida.<\/strong><br>No te pierdas este espacio de di\u00e1logo riguroso y plural entre cl\u00ednica, sociedad y cultura.<\/p>\n\n\n\n<div style=\"height:30px\" aria-hidden=\"true\" class=\"wp-block-spacer\"><\/div>\n\n\n\n<figure class=\"wp-block-image size-large\"><img fetchpriority=\"high\" decoding=\"async\" width=\"276\" height=\"1024\" src=\"https:\/\/www.uic.mx\/posgrados\/wp-content\/uploads\/image-276x1024.png\" alt=\"\" class=\"wp-image-3667\" srcset=\"https:\/\/www.uic.mx\/posgrados\/wp-content\/uploads\/image-276x1024.png 276w, https:\/\/www.uic.mx\/posgrados\/wp-content\/uploads\/image-81x300.png 81w, https:\/\/www.uic.mx\/posgrados\/wp-content\/uploads\/image-414x1536.png 414w, https:\/\/www.uic.mx\/posgrados\/wp-content\/uploads\/image.png 443w\" sizes=\"(max-width: 276px) 100vw, 276px\" \/><\/figure>\n","protected":false},"excerpt":{"rendered":"<p>\ud83c\udf0a Una ola que no podemos ignorar \u201cLa gran ola de Kanagawa\u201d\u00a0de Katsushika Hokusai inspira esta quinta edici\u00f3n del Congreso Internacional de los Posgrados en Psicoan\u00e1lisis. Como esa ola inmensa que amenaza con derrumbar fr\u00e1giles embarcaciones, el trauma ps\u00edquico ya no es solo una excepci\u00f3n cl\u00ednica: se ha vuelto una\u00a0condici\u00f3n estructural de la vida social. [&hellip;]<\/p>\n","protected":false},"author":6,"featured_media":3662,"comment_status":"closed","ping_status":"closed","sticky":false,"template":"","format":"standard","meta":{"_acf_changed":false,"footnotes":""},"categories":[11],"tags":[],"class_list":["post-3658","post","type-post","status-publish","format-standard","has-post-thumbnail","hentry","category-psicoanalisis"],"acf":[],"yoast_head":"<!-- This site is optimized with the Yoast SEO plugin v27.5 - https:\/\/yoast.com\/product\/yoast-seo-wordpress\/ -->\n<title>\ud83e\udde0 5\u00b0 Congreso Internacional de Psicoan\u00e1lisis: \u201cTrauma ps\u00edquico: del espacio cl\u00ednico al entorno social\u201d - Posgrados UIC<\/title>\n<meta name=\"robots\" content=\"index, follow, max-snippet:-1, max-image-preview:large, max-video-preview:-1\" \/>\n<link rel=\"canonical\" href=\"https:\/\/www.uic.mx\/posgrados\/\ud83e\udde0-5-congreso-internacional-de-psicoanalisis-trauma-psiquico-del-espacio-clinico-al-entorno-social\/\" \/>\n<meta property=\"og:locale\" content=\"es_MX\" \/>\n<meta property=\"og:type\" content=\"article\" \/>\n<meta property=\"og:title\" content=\"\ud83e\udde0 5\u00b0 Congreso Internacional de Psicoan\u00e1lisis: \u201cTrauma ps\u00edquico: del espacio cl\u00ednico al entorno social\u201d - Posgrados UIC\" \/>\n<meta property=\"og:description\" content=\"\ud83c\udf0a Una ola que no podemos ignorar \u201cLa gran ola de Kanagawa\u201d\u00a0de Katsushika Hokusai inspira esta quinta edici\u00f3n del Congreso Internacional de los Posgrados en Psicoan\u00e1lisis. Como esa ola inmensa que amenaza con derrumbar fr\u00e1giles embarcaciones, el trauma ps\u00edquico ya no es solo una excepci\u00f3n cl\u00ednica: se ha vuelto una\u00a0condici\u00f3n estructural de la vida social. [&hellip;]\" \/>\n<meta property=\"og:url\" content=\"https:\/\/www.uic.mx\/posgrados\/\ud83e\udde0-5-congreso-internacional-de-psicoanalisis-trauma-psiquico-del-espacio-clinico-al-entorno-social\/\" \/>\n<meta property=\"og:site_name\" content=\"Posgrados UIC\" \/>\n<meta property=\"article:published_time\" content=\"2026-04-27T16:53:33+00:00\" \/>\n<meta property=\"article:modified_time\" content=\"2026-04-27T17:01:45+00:00\" \/>\n<meta property=\"og:image\" content=\"https:\/\/www.uic.mx\/posgrados\/wp-content\/uploads\/BANNER-CONGRESO-PSICOANALISIS.jpg\" \/>\n\t<meta property=\"og:image:width\" content=\"1688\" \/>\n\t<meta property=\"og:image:height\" content=\"1672\" \/>\n\t<meta property=\"og:image:type\" content=\"image\/jpeg\" \/>\n<meta name=\"author\" content=\"Abraham Cruz\" \/>\n<meta name=\"twitter:card\" content=\"summary_large_image\" \/>\n<meta name=\"twitter:label1\" content=\"Escrito por\" \/>\n\t<meta name=\"twitter:data1\" content=\"Abraham Cruz\" \/>\n\t<meta name=\"twitter:label2\" content=\"Tiempo de lectura\" \/>\n\t<meta name=\"twitter:data2\" content=\"2 minutos\" \/>\n<script type=\"application\/ld+json\" class=\"yoast-schema-graph\">{\"@context\":\"https:\\\/\\\/schema.org\",\"@graph\":[{\"@type\":\"Article\",\"@id\":\"https:\\\/\\\/www.uic.mx\\\/posgrados\\\/%f0%9f%a7%a0-5-congreso-internacional-de-psicoanalisis-trauma-psiquico-del-espacio-clinico-al-entorno-social\\\/#article\",\"isPartOf\":{\"@id\":\"https:\\\/\\\/www.uic.mx\\\/posgrados\\\/%f0%9f%a7%a0-5-congreso-internacional-de-psicoanalisis-trauma-psiquico-del-espacio-clinico-al-entorno-social\\\/\"},\"author\":{\"name\":\"Abraham Cruz\",\"@id\":\"https:\\\/\\\/www.uic.mx\\\/posgrados\\\/#\\\/schema\\\/person\\\/30b6bcfd786206c90b45e1f404a1e322\"},\"headline\":\"\ud83e\udde0 5\u00b0 Congreso Internacional de Psicoan\u00e1lisis: \u201cTrauma ps\u00edquico: del espacio cl\u00ednico al entorno social\u201d\",\"datePublished\":\"2026-04-27T16:53:33+00:00\",\"dateModified\":\"2026-04-27T17:01:45+00:00\",\"mainEntityOfPage\":{\"@id\":\"https:\\\/\\\/www.uic.mx\\\/posgrados\\\/%f0%9f%a7%a0-5-congreso-internacional-de-psicoanalisis-trauma-psiquico-del-espacio-clinico-al-entorno-social\\\/\"},\"wordCount\":378,\"publisher\":{\"@id\":\"https:\\\/\\\/www.uic.mx\\\/posgrados\\\/#organization\"},\"image\":{\"@id\":\"https:\\\/\\\/www.uic.mx\\\/posgrados\\\/%f0%9f%a7%a0-5-congreso-internacional-de-psicoanalisis-trauma-psiquico-del-espacio-clinico-al-entorno-social\\\/#primaryimage\"},\"thumbnailUrl\":\"https:\\\/\\\/www.uic.mx\\\/posgrados\\\/wp-content\\\/uploads\\\/BANNER-CONGRESO-PSICOANALISIS.jpg\",\"articleSection\":[\"Psicoan\u00e1lisis\"],\"inLanguage\":\"es\"},{\"@type\":\"WebPage\",\"@id\":\"https:\\\/\\\/www.uic.mx\\\/posgrados\\\/%f0%9f%a7%a0-5-congreso-internacional-de-psicoanalisis-trauma-psiquico-del-espacio-clinico-al-entorno-social\\\/\",\"url\":\"https:\\\/\\\/www.uic.mx\\\/posgrados\\\/%f0%9f%a7%a0-5-congreso-internacional-de-psicoanalisis-trauma-psiquico-del-espacio-clinico-al-entorno-social\\\/\",\"name\":\"\ud83e\udde0 5\u00b0 Congreso Internacional de Psicoan\u00e1lisis: \u201cTrauma ps\u00edquico: del espacio cl\u00ednico al entorno social\u201d - Posgrados UIC\",\"isPartOf\":{\"@id\":\"https:\\\/\\\/www.uic.mx\\\/posgrados\\\/#website\"},\"primaryImageOfPage\":{\"@id\":\"https:\\\/\\\/www.uic.mx\\\/posgrados\\\/%f0%9f%a7%a0-5-congreso-internacional-de-psicoanalisis-trauma-psiquico-del-espacio-clinico-al-entorno-social\\\/#primaryimage\"},\"image\":{\"@id\":\"https:\\\/\\\/www.uic.mx\\\/posgrados\\\/%f0%9f%a7%a0-5-congreso-internacional-de-psicoanalisis-trauma-psiquico-del-espacio-clinico-al-entorno-social\\\/#primaryimage\"},\"thumbnailUrl\":\"https:\\\/\\\/www.uic.mx\\\/posgrados\\\/wp-content\\\/uploads\\\/BANNER-CONGRESO-PSICOANALISIS.jpg\",\"datePublished\":\"2026-04-27T16:53:33+00:00\",\"dateModified\":\"2026-04-27T17:01:45+00:00\",\"breadcrumb\":{\"@id\":\"https:\\\/\\\/www.uic.mx\\\/posgrados\\\/%f0%9f%a7%a0-5-congreso-internacional-de-psicoanalisis-trauma-psiquico-del-espacio-clinico-al-entorno-social\\\/#breadcrumb\"},\"inLanguage\":\"es\",\"potentialAction\":[{\"@type\":\"ReadAction\",\"target\":[\"https:\\\/\\\/www.uic.mx\\\/posgrados\\\/%f0%9f%a7%a0-5-congreso-internacional-de-psicoanalisis-trauma-psiquico-del-espacio-clinico-al-entorno-social\\\/\"]}]},{\"@type\":\"ImageObject\",\"inLanguage\":\"es\",\"@id\":\"https:\\\/\\\/www.uic.mx\\\/posgrados\\\/%f0%9f%a7%a0-5-congreso-internacional-de-psicoanalisis-trauma-psiquico-del-espacio-clinico-al-entorno-social\\\/#primaryimage\",\"url\":\"https:\\\/\\\/www.uic.mx\\\/posgrados\\\/wp-content\\\/uploads\\\/BANNER-CONGRESO-PSICOANALISIS.jpg\",\"contentUrl\":\"https:\\\/\\\/www.uic.mx\\\/posgrados\\\/wp-content\\\/uploads\\\/BANNER-CONGRESO-PSICOANALISIS.jpg\",\"width\":1688,\"height\":1672,\"caption\":\"Screenshot\"},{\"@type\":\"BreadcrumbList\",\"@id\":\"https:\\\/\\\/www.uic.mx\\\/posgrados\\\/%f0%9f%a7%a0-5-congreso-internacional-de-psicoanalisis-trauma-psiquico-del-espacio-clinico-al-entorno-social\\\/#breadcrumb\",\"itemListElement\":[{\"@type\":\"ListItem\",\"position\":1,\"name\":\"Inicio\",\"item\":\"https:\\\/\\\/www.uic.mx\\\/posgrados\\\/\"},{\"@type\":\"ListItem\",\"position\":2,\"name\":\"\ud83e\udde0 5\u00b0 Congreso Internacional de Psicoan\u00e1lisis: \u201cTrauma ps\u00edquico: del espacio cl\u00ednico al entorno social\u201d\"}]},{\"@type\":\"WebSite\",\"@id\":\"https:\\\/\\\/www.uic.mx\\\/posgrados\\\/#website\",\"url\":\"https:\\\/\\\/www.uic.mx\\\/posgrados\\\/\",\"name\":\"Posgrados UIC\",\"description\":\"\",\"publisher\":{\"@id\":\"https:\\\/\\\/www.uic.mx\\\/posgrados\\\/#organization\"},\"potentialAction\":[{\"@type\":\"SearchAction\",\"target\":{\"@type\":\"EntryPoint\",\"urlTemplate\":\"https:\\\/\\\/www.uic.mx\\\/posgrados\\\/?s={search_term_string}\"},\"query-input\":{\"@type\":\"PropertyValueSpecification\",\"valueRequired\":true,\"valueName\":\"search_term_string\"}}],\"inLanguage\":\"es\"},{\"@type\":\"Organization\",\"@id\":\"https:\\\/\\\/www.uic.mx\\\/posgrados\\\/#organization\",\"name\":\"Posgrados UIC\",\"url\":\"https:\\\/\\\/www.uic.mx\\\/posgrados\\\/\",\"logo\":{\"@type\":\"ImageObject\",\"inLanguage\":\"es\",\"@id\":\"https:\\\/\\\/www.uic.mx\\\/posgrados\\\/#\\\/schema\\\/logo\\\/image\\\/\",\"url\":\"https:\\\/\\\/www.uic.mx\\\/posgrados\\\/wp-content\\\/uploads\\\/Logo-50-Universidad-Intercontinental-horizontal-blanco-scaled.png\",\"contentUrl\":\"https:\\\/\\\/www.uic.mx\\\/posgrados\\\/wp-content\\\/uploads\\\/Logo-50-Universidad-Intercontinental-horizontal-blanco-scaled.png\",\"width\":2560,\"height\":643,\"caption\":\"Posgrados UIC\"},\"image\":{\"@id\":\"https:\\\/\\\/www.uic.mx\\\/posgrados\\\/#\\\/schema\\\/logo\\\/image\\\/\"}},{\"@type\":\"Person\",\"@id\":\"https:\\\/\\\/www.uic.mx\\\/posgrados\\\/#\\\/schema\\\/person\\\/30b6bcfd786206c90b45e1f404a1e322\",\"name\":\"Abraham Cruz\",\"image\":{\"@type\":\"ImageObject\",\"inLanguage\":\"es\",\"@id\":\"https:\\\/\\\/secure.gravatar.com\\\/avatar\\\/09b20d8945f044a2e7d64b6f252644eb712d8bf82fbd71201e2e8d072f3a0a72?s=96&d=mm&r=g\",\"url\":\"https:\\\/\\\/secure.gravatar.com\\\/avatar\\\/09b20d8945f044a2e7d64b6f252644eb712d8bf82fbd71201e2e8d072f3a0a72?s=96&d=mm&r=g\",\"contentUrl\":\"https:\\\/\\\/secure.gravatar.com\\\/avatar\\\/09b20d8945f044a2e7d64b6f252644eb712d8bf82fbd71201e2e8d072f3a0a72?s=96&d=mm&r=g\",\"caption\":\"Abraham Cruz\"},\"url\":\"https:\\\/\\\/www.uic.mx\\\/posgrados\\\/author\\\/abrahamcruz\\\/\"}]}<\/script>\n<!-- \/ Yoast SEO plugin. -->","yoast_head_json":{"title":"\ud83e\udde0 5\u00b0 Congreso Internacional de Psicoan\u00e1lisis: \u201cTrauma ps\u00edquico: del espacio cl\u00ednico al entorno social\u201d - Posgrados UIC","robots":{"index":"index","follow":"follow","max-snippet":"max-snippet:-1","max-image-preview":"max-image-preview:large","max-video-preview":"max-video-preview:-1"},"canonical":"https:\/\/www.uic.mx\/posgrados\/\ud83e\udde0-5-congreso-internacional-de-psicoanalisis-trauma-psiquico-del-espacio-clinico-al-entorno-social\/","og_locale":"es_MX","og_type":"article","og_title":"\ud83e\udde0 5\u00b0 Congreso Internacional de Psicoan\u00e1lisis: \u201cTrauma ps\u00edquico: del espacio cl\u00ednico al entorno social\u201d - Posgrados UIC","og_description":"\ud83c\udf0a Una ola que no podemos ignorar \u201cLa gran ola de Kanagawa\u201d\u00a0de Katsushika Hokusai inspira esta quinta edici\u00f3n del Congreso Internacional de los Posgrados en Psicoan\u00e1lisis. Como esa ola inmensa que amenaza con derrumbar fr\u00e1giles embarcaciones, el trauma ps\u00edquico ya no es solo una excepci\u00f3n cl\u00ednica: se ha vuelto una\u00a0condici\u00f3n estructural de la vida social. [&hellip;]","og_url":"https:\/\/www.uic.mx\/posgrados\/\ud83e\udde0-5-congreso-internacional-de-psicoanalisis-trauma-psiquico-del-espacio-clinico-al-entorno-social\/","og_site_name":"Posgrados UIC","article_published_time":"2026-04-27T16:53:33+00:00","article_modified_time":"2026-04-27T17:01:45+00:00","og_image":[{"width":1688,"height":1672,"url":"https:\/\/www.uic.mx\/posgrados\/wp-content\/uploads\/BANNER-CONGRESO-PSICOANALISIS.jpg","type":"image\/jpeg"}],"author":"Abraham Cruz","twitter_card":"summary_large_image","twitter_misc":{"Escrito por":"Abraham Cruz","Tiempo de lectura":"2 minutos"},"schema":{"@context":"https:\/\/schema.org","@graph":[{"@type":"Article","@id":"https:\/\/www.uic.mx\/posgrados\/%f0%9f%a7%a0-5-congreso-internacional-de-psicoanalisis-trauma-psiquico-del-espacio-clinico-al-entorno-social\/#article","isPartOf":{"@id":"https:\/\/www.uic.mx\/posgrados\/%f0%9f%a7%a0-5-congreso-internacional-de-psicoanalisis-trauma-psiquico-del-espacio-clinico-al-entorno-social\/"},"author":{"name":"Abraham Cruz","@id":"https:\/\/www.uic.mx\/posgrados\/#\/schema\/person\/30b6bcfd786206c90b45e1f404a1e322"},"headline":"\ud83e\udde0 5\u00b0 Congreso Internacional de Psicoan\u00e1lisis: \u201cTrauma ps\u00edquico: del espacio cl\u00ednico al entorno social\u201d","datePublished":"2026-04-27T16:53:33+00:00","dateModified":"2026-04-27T17:01:45+00:00","mainEntityOfPage":{"@id":"https:\/\/www.uic.mx\/posgrados\/%f0%9f%a7%a0-5-congreso-internacional-de-psicoanalisis-trauma-psiquico-del-espacio-clinico-al-entorno-social\/"},"wordCount":378,"publisher":{"@id":"https:\/\/www.uic.mx\/posgrados\/#organization"},"image":{"@id":"https:\/\/www.uic.mx\/posgrados\/%f0%9f%a7%a0-5-congreso-internacional-de-psicoanalisis-trauma-psiquico-del-espacio-clinico-al-entorno-social\/#primaryimage"},"thumbnailUrl":"https:\/\/www.uic.mx\/posgrados\/wp-content\/uploads\/BANNER-CONGRESO-PSICOANALISIS.jpg","articleSection":["Psicoan\u00e1lisis"],"inLanguage":"es"},{"@type":"WebPage","@id":"https:\/\/www.uic.mx\/posgrados\/%f0%9f%a7%a0-5-congreso-internacional-de-psicoanalisis-trauma-psiquico-del-espacio-clinico-al-entorno-social\/","url":"https:\/\/www.uic.mx\/posgrados\/%f0%9f%a7%a0-5-congreso-internacional-de-psicoanalisis-trauma-psiquico-del-espacio-clinico-al-entorno-social\/","name":"\ud83e\udde0 5\u00b0 Congreso Internacional de Psicoan\u00e1lisis: \u201cTrauma ps\u00edquico: del espacio cl\u00ednico al entorno social\u201d - Posgrados UIC","isPartOf":{"@id":"https:\/\/www.uic.mx\/posgrados\/#website"},"primaryImageOfPage":{"@id":"https:\/\/www.uic.mx\/posgrados\/%f0%9f%a7%a0-5-congreso-internacional-de-psicoanalisis-trauma-psiquico-del-espacio-clinico-al-entorno-social\/#primaryimage"},"image":{"@id":"https:\/\/www.uic.mx\/posgrados\/%f0%9f%a7%a0-5-congreso-internacional-de-psicoanalisis-trauma-psiquico-del-espacio-clinico-al-entorno-social\/#primaryimage"},"thumbnailUrl":"https:\/\/www.uic.mx\/posgrados\/wp-content\/uploads\/BANNER-CONGRESO-PSICOANALISIS.jpg","datePublished":"2026-04-27T16:53:33+00:00","dateModified":"2026-04-27T17:01:45+00:00","breadcrumb":{"@id":"https:\/\/www.uic.mx\/posgrados\/%f0%9f%a7%a0-5-congreso-internacional-de-psicoanalisis-trauma-psiquico-del-espacio-clinico-al-entorno-social\/#breadcrumb"},"inLanguage":"es","potentialAction":[{"@type":"ReadAction","target":["https:\/\/www.uic.mx\/posgrados\/%f0%9f%a7%a0-5-congreso-internacional-de-psicoanalisis-trauma-psiquico-del-espacio-clinico-al-entorno-social\/"]}]},{"@type":"ImageObject","inLanguage":"es","@id":"https:\/\/www.uic.mx\/posgrados\/%f0%9f%a7%a0-5-congreso-internacional-de-psicoanalisis-trauma-psiquico-del-espacio-clinico-al-entorno-social\/#primaryimage","url":"https:\/\/www.uic.mx\/posgrados\/wp-content\/uploads\/BANNER-CONGRESO-PSICOANALISIS.jpg","contentUrl":"https:\/\/www.uic.mx\/posgrados\/wp-content\/uploads\/BANNER-CONGRESO-PSICOANALISIS.jpg","width":1688,"height":1672,"caption":"Screenshot"},{"@type":"BreadcrumbList","@id":"https:\/\/www.uic.mx\/posgrados\/%f0%9f%a7%a0-5-congreso-internacional-de-psicoanalisis-trauma-psiquico-del-espacio-clinico-al-entorno-social\/#breadcrumb","itemListElement":[{"@type":"ListItem","position":1,"name":"Inicio","item":"https:\/\/www.uic.mx\/posgrados\/"},{"@type":"ListItem","position":2,"name":"\ud83e\udde0 5\u00b0 Congreso Internacional de Psicoan\u00e1lisis: \u201cTrauma ps\u00edquico: del espacio cl\u00ednico al entorno social\u201d"}]},{"@type":"WebSite","@id":"https:\/\/www.uic.mx\/posgrados\/#website","url":"https:\/\/www.uic.mx\/posgrados\/","name":"Posgrados UIC","description":"","publisher":{"@id":"https:\/\/www.uic.mx\/posgrados\/#organization"},"potentialAction":[{"@type":"SearchAction","target":{"@type":"EntryPoint","urlTemplate":"https:\/\/www.uic.mx\/posgrados\/?s={search_term_string}"},"query-input":{"@type":"PropertyValueSpecification","valueRequired":true,"valueName":"search_term_string"}}],"inLanguage":"es"},{"@type":"Organization","@id":"https:\/\/www.uic.mx\/posgrados\/#organization","name":"Posgrados UIC","url":"https:\/\/www.uic.mx\/posgrados\/","logo":{"@type":"ImageObject","inLanguage":"es","@id":"https:\/\/www.uic.mx\/posgrados\/#\/schema\/logo\/image\/","url":"https:\/\/www.uic.mx\/posgrados\/wp-content\/uploads\/Logo-50-Universidad-Intercontinental-horizontal-blanco-scaled.png","contentUrl":"https:\/\/www.uic.mx\/posgrados\/wp-content\/uploads\/Logo-50-Universidad-Intercontinental-horizontal-blanco-scaled.png","width":2560,"height":643,"caption":"Posgrados UIC"},"image":{"@id":"https:\/\/www.uic.mx\/posgrados\/#\/schema\/logo\/image\/"}},{"@type":"Person","@id":"https:\/\/www.uic.mx\/posgrados\/#\/schema\/person\/30b6bcfd786206c90b45e1f404a1e322","name":"Abraham Cruz","image":{"@type":"ImageObject","inLanguage":"es","@id":"https:\/\/secure.gravatar.com\/avatar\/09b20d8945f044a2e7d64b6f252644eb712d8bf82fbd71201e2e8d072f3a0a72?s=96&d=mm&r=g","url":"https:\/\/secure.gravatar.com\/avatar\/09b20d8945f044a2e7d64b6f252644eb712d8bf82fbd71201e2e8d072f3a0a72?s=96&d=mm&r=g","contentUrl":"https:\/\/secure.gravatar.com\/avatar\/09b20d8945f044a2e7d64b6f252644eb712d8bf82fbd71201e2e8d072f3a0a72?s=96&d=mm&r=g","caption":"Abraham Cruz"},"url":"https:\/\/www.uic.mx\/posgrados\/author\/abrahamcruz\/"}]}},"_links":{"self":[{"href":"https:\/\/www.uic.mx\/posgrados\/wp-json\/wp\/v2\/posts\/3658","targetHints":{"allow":["GET"]}}],"collection":[{"href":"https:\/\/www.uic.mx\/posgrados\/wp-json\/wp\/v2\/posts"}],"about":[{"href":"https:\/\/www.uic.mx\/posgrados\/wp-json\/wp\/v2\/types\/post"}],"author":[{"embeddable":true,"href":"https:\/\/www.uic.mx\/posgrados\/wp-json\/wp\/v2\/users\/6"}],"replies":[{"embeddable":true,"href":"https:\/\/www.uic.mx\/posgrados\/wp-json\/wp\/v2\/comments?post=3658"}],"version-history":[{"count":2,"href":"https:\/\/www.uic.mx\/posgrados\/wp-json\/wp\/v2\/posts\/3658\/revisions"}],"predecessor-version":[{"id":3668,"href":"https:\/\/www.uic.mx\/posgrados\/wp-json\/wp\/v2\/posts\/3658\/revisions\/3668"}],"wp:featuredmedia":[{"embeddable":true,"href":"https:\/\/www.uic.mx\/posgrados\/wp-json\/wp\/v2\/media\/3662"}],"wp:attachment":[{"href":"https:\/\/www.uic.mx\/posgrados\/wp-json\/wp\/v2\/media?parent=3658"}],"wp:term":[{"taxonomy":"category","embeddable":true,"href":"https:\/\/www.uic.mx\/posgrados\/wp-json\/wp\/v2\/categories?post=3658"},{"taxonomy":"post_tag","embeddable":true,"href":"https:\/\/www.uic.mx\/posgrados\/wp-json\/wp\/v2\/tags?post=3658"}],"curies":[{"name":"wp","href":"https:\/\/api.w.org\/{rel}","templated":true}]}}